{"id":82287,"date":"2024-04-06T04:53:12","date_gmt":"2024-04-06T07:53:12","guid":{"rendered":"https:\/\/grandepremio.com\/br\/noticias\/max-verstappen-celebra-pole-mas-descarta-volta-perfeita-japao-nem-sempre-caso\/"},"modified":"2024-04-06T05:04:44","modified_gmt":"2024-04-06T08:04:44","slug":"max-verstappen-celebra-pole-mas-descarta-volta-perfeita-japao-nem-sempre-caso","status":"publish","type":"post","link":"https:\/\/grandepremio.com\/br\/f1\/max-verstappen-celebra-pole-mas-descarta-volta-perfeita-japao-nem-sempre-caso\/","title":{"rendered":"Verstappen celebra pole, mas descarta volta perfeita no Jap\u00e3o: &#8220;Nem sempre \u00e9 o caso&#8221;"},"content":{"rendered":"\n<p class=\"wp-block-paragraph\"><strong>Max Verstappen<\/strong> cravou <a href=\"https:\/\/www.grandepremio.com\/br\/f1\/noticias\/max-verstappen-exibe-poderio-red-bull-crava-pole-position-gp-japao-ferrari-sofre\/\">a pole de n\u00famero 36 na carreira<\/a> neste s\u00e1bado (6) ap\u00f3s bater seu companheiro de <strong>Red Bull<\/strong>, <strong>Sergio P\u00e9rez<\/strong>, por apenas 0s066. Com o feito, isolou-se ainda mais no top-5 entre os pole-position, al\u00e9m de ser a terceira vez consecutiva que larga na frente em <strong>Suzuka<\/strong>.<\/p>\n\n\n\n<p class=\"wp-block-paragraph\">A temporada 2024 do neerland\u00eas beira \u00e0 perfei\u00e7\u00e3o, exceto com o abandono na <strong>Austr\u00e1lia<\/strong>. Para ele, o fato da recupera\u00e7\u00e3o no campeonato ter vindo rapidamente desta forma \u00e9 um bom ind\u00edcio do que vem por a\u00ed no fim de semana.<\/p>\n\n\n\n<p class=\"wp-block-paragraph\">&#8220;No geral, um dia muito bom e uma bela posi\u00e7\u00e3o inicial para a corrida, que \u00e9 o que conta. Para a equipe, a dobradinha \u00e9 ainda melhor e espero que sigamos assim at\u00e9 o final&#8221;, analisou.<\/p>\n\n\n\n<p class=\"wp-block-paragraph\">A pista japonesa sempre \u00e9 uma quest\u00e3o importante, afinal, a temperatura do pa\u00eds oscila muito ao longo do fim de semana e Max chegou a colocar isso em xeque para a conquista do resultado. &#8220;No geral, Suzuka \u00e9 muito sens\u00edvel com os pneus, o asfalto \u00e9 agressivo e, para ir ao limite, nem sempre funciona&#8221;.<\/p>\n\n\n\n<figure class=\"wp-block-image size-large\"><img decoding=\"async\" src=\"https:\/\/www.grandepremio.com\/br\/wp-content\/uploads\/2024\/04\/japao-2024-f1-classificacao-red-bull-max-verstappen-afp-01-1024x683.jpg\" alt=\"\" class=\"wp-image-797798\"\/><figcaption class=\"wp-element-caption\">Pole n\u00famero 36 da carreira de Verstappen (Foto: AFP)<\/figcaption><\/figure>\n\n\n\n<p class=\"wp-block-paragraph\">Verstappen desfruta do carro como poucos e, por isso, est\u00e1 mais preocupado em largar na frente do que fazer uma volta perfeita e isso n\u00e3o tira o sono do tricampe\u00e3o. &#8220;Foi bem disputado no final, no entanto, o mais importante \u00e9 estar na pole. \u00c9 claro que voc\u00ea quer que cada volta seja perfeita mas, em uma pista como esta, nem sempre \u00e9 o caso\u201c, completou.<\/p>\n\n\n\n<p class=\"wp-block-paragraph\">O&nbsp;<strong>GRANDE PR\u00caMIO<\/strong>&nbsp;acompanha&nbsp;<strong><a href=\"https:\/\/www.grandepremio.com\/br\/ao-vivo\/f1\/\" target=\"_blank\" rel=\"noreferrer noopener\">AO VIVO e EM&nbsp;<\/a><a href=\"https:\/\/www.grandepremio.com\/br\/ao-vivo\/\" target=\"_blank\" rel=\"noreferrer noopener\">TEMPO REAL<\/a><\/strong>&nbsp;todas as atividades do&nbsp;<strong>GP do Jap\u00e3o, em Suzuka<\/strong>, e transmite classifica\u00e7\u00e3o e corrida em segunda tela, em parceria com a Voz do Esporte, na&nbsp;<strong><a href=\"https:\/\/www.youtube.com\/c\/GrandePremioTV\/streams\" target=\"_blank\" rel=\"noreferrer noopener\">GPTV, o canal do GP no Youtube<\/a><\/strong>. No&nbsp;<strong>domingo, a largada<\/strong>&nbsp;est\u00e1 marcada para as 2h.<\/p>\n\n\n\n<p class=\"wp-block-paragraph\"><strong><img decoding=\"async\" src=\"https:\/\/a.slack-edge.com\/production-standard-emoji-assets\/14.0\/google-medium\/25b6-fe0f.png\" alt=\":seta_para_frente:\">&nbsp;Inscreva-se nos dois canais do GRANDE PR\u00caMIO no YouTube:&nbsp;<a href=\"https:\/\/www.youtube.com\/channel\/UC9OlHEgxoaY6QY6nWPoiqQg?sub_confirmation=1\" target=\"_blank\" rel=\"noreferrer noopener\">GP<\/a>&nbsp;|&nbsp;<a href=\"https:\/\/www.youtube.com\/channel\/UC9csiS6q_C3C0FYhyr1rnFA?sub_confirmation=1\" target=\"_blank\" rel=\"noreferrer noopener\">GP2<\/a><\/strong><br><strong><img decoding=\"async\" src=\"https:\/\/a.slack-edge.com\/production-standard-emoji-assets\/14.0\/google-medium\/25b6-fe0f.png\" alt=\":seta_para_frente:\"> <a href=\"https:\/\/www.twitch.tv\/grandepremio\" target=\"_blank\" rel=\"noreferrer noopener\">Conhe\u00e7a o canal do GRANDE PR\u00caMIO na Twitch clicando aqui!<\/a><\/strong><\/p>\n\n\n\n<figure class=\"wp-block-embed is-type-video is-provider-youtube wp-block-embed-youtube wp-embed-aspect-16-9 wp-has-aspect-ratio\"><div class=\"wp-block-embed__wrapper\">\n<iframe loading=\"lazy\" title=\"F1 2024: VERSTAPPEN \u00c9 POLE, FERRARI E MERCEDES SOFREM: a classifica\u00e7\u00e3o no Jap\u00e3o | Briefing\" width=\"500\" height=\"281\" src=\"https:\/\/www.youtube.com\/embed\/7nY7ABSJOpI?feature=oembed\" frameborder=\"0\" allow=\"accelerometer; autoplay; clipboard-write; encrypted-media; gyroscope; picture-in-picture; web-share\" referrerpolicy=\"strict-origin-when-cross-origin\" allowfullscreen><\/iframe>\n<\/div><\/figure>\n","protected":false},"excerpt":{"rendered":"<p>Tricampe\u00e3o teve outra bela atua\u00e7\u00e3o na classifica\u00e7\u00e3o deste s\u00e1bado em Suzuka. E procurou destacar a import\u00e2ncia de largar na frente, embora acredite que n\u00e3o tenha feito a volta ideal<\/p>\n","protected":false},"author":0,"featured_media":1000797727,"comment_status":"closed","ping_status":"closed","sticky":false,"template":"","format":"standard","meta":{"42wp_featured_image_caption":"","42wp_featured_image_credits":"","42wp_featured_video":"","42wp_featured_image_hidden":false,"42wp_authors_list":[],"footnotes":""},"categories":[2],"tags":[26271,5273,147,3230,180,30909,39012,3023,1491,28285,30840,24855,38979,203,35129,204,3132,608,38980,32660,33301],"42wp_author":[47128],"class_list":["post-82287","post","type-post","status-publish","format-standard","has-post-thumbnail","hentry","category-f1","tag-calendario-f1","tag-classificacao-f1","tag-f1","tag-f1-2024","tag-formula-1","tag-formula-1-2024","tag-gp-de-suzuka","tag-gp-do-japao","tag-grande-premio","tag-grandepremio","tag-horarios-f1","tag-japao","tag-japao-2024","tag-max-verstappen","tag-onde-assistir-f1","tag-red-bull","tag-sergio-perez","tag-suzuka","tag-suzuka-2024","tag-suzuka-f1","tag-temporada-2024-f1","42wp_author-guilherme-bloisi"],"_links":{"self":[{"href":"https:\/\/grandepremio.com\/br\/wp-json\/wp\/v2\/posts\/82287","targetHints":{"allow":["GET"]}}],"collection":[{"href":"https:\/\/grandepremio.com\/br\/wp-json\/wp\/v2\/posts"}],"about":[{"href":"https:\/\/grandepremio.com\/br\/wp-json\/wp\/v2\/types\/post"}],"replies":[{"embeddable":true,"href":"https:\/\/grandepremio.com\/br\/wp-json\/wp\/v2\/comments?post=82287"}],"version-history":[{"count":0,"href":"https:\/\/grandepremio.com\/br\/wp-json\/wp\/v2\/posts\/82287\/revisions"}],"wp:featuredmedia":[{"embeddable":true,"href":"https:\/\/grandepremio.com\/br\/wp-json\/wp\/v2\/media\/1000797727"}],"wp:attachment":[{"href":"https:\/\/grandepremio.com\/br\/wp-json\/wp\/v2\/media?parent=82287"}],"wp:term":[{"taxonomy":"category","embeddable":true,"href":"https:\/\/grandepremio.com\/br\/wp-json\/wp\/v2\/categories?post=82287"},{"taxonomy":"post_tag","embeddable":true,"href":"https:\/\/grandepremio.com\/br\/wp-json\/wp\/v2\/tags?post=82287"},{"taxonomy":"42wp_author","embeddable":true,"href":"https:\/\/grandepremio.com\/br\/wp-json\/wp\/v2\/42wp_author?post=82287"}],"curies":[{"name":"wp","href":"https:\/\/api.w.org\/{rel}","templated":true}]}}