{"id":8231,"date":"2026-06-01T04:00:55","date_gmt":"2026-06-01T07:00:55","guid":{"rendered":"https:\/\/grandepremio.com\/br\/2026\/06\/01\/por-que-acao-ex-funcionaria-expoe-escandalo-indica-williams-tem-dono-secreto\/"},"modified":"2026-06-01T07:10:58","modified_gmt":"2026-06-01T10:10:58","slug":"por-que-acao-ex-funcionaria-expoe-escandalo-indica-williams-tem-dono-secreto","status":"publish","type":"post","link":"https:\/\/grandepremio.com\/br\/f1\/por-que-acao-ex-funcionaria-expoe-escandalo-indica-williams-tem-dono-secreto\/","title":{"rendered":"Por que a\u00e7\u00e3o de ex-funcion\u00e1ria exp\u00f5e esc\u00e2ndalo e indica dono secreto na Williams"},"content":{"rendered":"\n<p class=\"wp-block-paragraph\">A <strong>Williams<\/strong> vive uma disputa complexa entre a <strong>Dorilton Capital,<\/strong> grupo financeiro que gerencia o time desde 2020, e <strong>Claudia Schwarz<\/strong>, ex-executiva demitida em 2022. Em a\u00e7\u00e3o legal movida no estado americano da Fl\u00f3rida em agosto de 2023, Schwarz alega ter sido dispensada ap\u00f3s expressar preocupa\u00e7\u00f5es com sexismo e racismo direcionados a ela, com acusa\u00e7\u00f5es que envolvem tamb\u00e9m a funda\u00e7\u00e3o de <strong>Lewis Hamilton<\/strong> e at\u00e9 cantores contratados para um show privado. O processo, que desembola um caso ser\u00edssimo por si s\u00f3 no que diz respeito \u00e0 reclamante ainda indica algo totalmente desconhecido nos c\u00edrculos da F1: a de que a Williams tem um dono misterioso que apenas utiliza a Dorilton como testa de ferro.<\/p>\n\n\n\n<p class=\"wp-block-paragraph\">Claudia foi contratada como diretora de marketing da Williams em 2021, pelo antigo chefe de equipe Jost Capito, que buscou a ag\u00eancia Stilus, de Schwarz, para reformular a marca do time. Ambos trabalharam juntos na Volkswagen. Em novembro daquele ano, ela concordou em se tornar a diretora de marketing interina e mudou-se com sua fam\u00edlia da Alemanha para as Bermudas, onde a Williams afirmou que estava alocando ativos em uma nova empresa, a Williams IP Holdings, e precisava de algu\u00e9m para a equipe.<\/p>\n\n\n\n<p class=\"wp-block-paragraph\">De acordo com o processo, Schwarz alega que o relacionamento com a Dorilton se deteriorou depois de expressar preocupa\u00e7\u00e3o com a forma como a empresa conduzia seus neg\u00f3cios nas Bermudas e questionou a legalidade dos contratos firmados.<\/p>\n\n\n\n<figure class=\"wp-block-image size-full\"><img decoding=\"async\" src=\"https:\/\/www.grandepremio.com\/br\/wp-content\/uploads\/2026\/05\/HHXSRO3bcAErHZj.jpeg\" alt=\"\" class=\"wp-image-1086124\"\/><figcaption class=\"wp-element-caption\">Carlos Sainz (Foto: Williams)<\/figcaption><\/figure>\n\n\n\n<p class=\"wp-block-paragraph\">Schwarz foi demitida em novembro de 2022. Segundo uma longa reportagem publicada pelo jornal ingl\u00eas <em>The Guardian<\/em>, nenhuma raz\u00e3o foi dada para a dispensa da executiva, que pouco depois concordou com um acordo de indeniza\u00e7\u00e3o que afirma nunca ter sido cumprido. Meses depois, entrou com um processo por quebra de contrato.<\/p>\n\n\n\n<p class=\"wp-block-paragraph\">Em maio de 2023, a Dorilton tamb\u00e9m abriu um processo em Nova York alegando que Schwarz se apropriou indevidamente de US$ 6,9 milh\u00f5es (R$ 34 milh\u00f5es, segundo a cota\u00e7\u00e3o atual) em despesas e taxas inflacionadas, e que <strong>Darren Fultz, <\/strong>CEO da holding, ignorou a suposta fraude. Esses custos inclu\u00edam reservas de voos e hot\u00e9is, al\u00e9m de taxas que ela cobrou da Dorilton por servi\u00e7os prestados por sua pr\u00f3pria ag\u00eancia, a Stilus<\/p>\n\n\n\n<p class=\"wp-block-paragraph\">De acordo com a acusa\u00e7\u00e3o, havia um &#8220;relacionamento impr\u00f3prio&#8221; entre Schwarz e Fultz, que negaram as acusa\u00e7\u00f5es, com Claudia argumentando que o ent\u00e3o CEO sequer era seu chefe direto na \u00e9poca. A ex-executiva tamb\u00e9m nega as alega\u00e7\u00f5es de fraude, salientando que a acusa\u00e7\u00e3o surgiu apenas depois de ela ter entrado com um processo por quebra de contrato.<\/p>\n\n\n\n<p class=\"wp-block-paragraph\">Um dos cap\u00edtulos mais escandalosos da hist\u00f3ria vem na sequ\u00eancia. Pouco ap\u00f3s o processo movido pela Dorilton, a revista brit\u00e2nica Business F1 publicou uma mat\u00e9ria com a manchete \u201cUma raposa que se infiltrou na Williams&#8221;, com Claudia descrita como dona de &#8220;uma atratividade sedutora combinada a extrema confian\u00e7a, que usa encantos femininos para conseguir uma oportunidade e, quando tem um homem em vista, \u00e9 melhor que ele tome cuidado, porque quando est\u00e1 em modo charme, tem uma aura irresist\u00edvel\u201d.<\/p>\n\n\n\n<figure class=\"wp-block-image size-full\"><img decoding=\"async\" src=\"https:\/\/www.grandepremio.com\/br\/wp-content\/uploads\/2026\/05\/imagem_2026-05-31_154510093.png\" alt=\"\" class=\"wp-image-1093649\"\/><figcaption class=\"wp-element-caption\">Claudia Schwarz (Foto: Richard Pardon)<\/figcaption><\/figure>\n\n\n\n<p class=\"wp-block-paragraph\">Schwarz alega que, quando a Business F1 publicou as alega\u00e7\u00f5es, as consequ\u00eancias foram imediatas, perdendo um neg\u00f3cio constru\u00eddo por 25 anos e sendo for\u00e7ada a demitir todos os funcion\u00e1rios de suas empresas. Em documentos judiciais, alega que a Dorilton estava por tr\u00e1s da mat\u00e9ria, num esfor\u00e7o cl\u00e1ssico de assassinato de reputa\u00e7\u00e3o. O grupo nega.<\/p>\n\n\n\n<p class=\"wp-block-paragraph\">A Dorilton reiterou suas alega\u00e7\u00f5es de que Schwarz e Fultz mantinham um relacionamento impr\u00f3prio. Durante depoimento, o advogado de Claudia perguntou a <strong>Matthew Savage<\/strong>, presidente da holding, como ele sabia que um relacionamento impr\u00f3prio estava, de fato, em curso. Savage respondeu com evid\u00eancias fr\u00e1geis, como uso de emojis que, comprovadamente, a ent\u00e3o diretor de marketing usava comumente em conversas via mensagens com outros membros da equipe. Sem mais a retrucar, Savage respondeu que n\u00e3o tinha conhecimento dessas correspond\u00eancias, mas que era poss\u00edvel Schwarz ter \u201cmanipulado\u201d Fultz.<\/p>\n\n\n\n<p class=\"wp-block-paragraph\">Claudia e Fultz negam qualquer relacionamento impr\u00f3prio e sexual. Em vez disso, alega no processo que foi demitida ap\u00f3s desentendimentos com executivos da Dorilton e com um dos protagonistas da hist\u00f3ria. Um homem misterioso chamado <strong>Peter de Putron<\/strong>, bilion\u00e1rio que se faz presente na vida da equipe. A Dorilton garante que \u00e9 um investidor, mas Schwarz alega se trata do verdadeiro dono do time na F1.<\/p>\n\n\n\n<p class=\"wp-block-paragraph\">De Putron, de 62 anos, que construiu sua imensa fortuna atrav\u00e9s do <em>quant trading<\/em> \u2014 um m\u00e9todo matem\u00e1tico baseado em algoritmos e intelig\u00eancia computacional para prever flutua\u00e7\u00f5es e automatizar transa\u00e7\u00f5es financeiras em fra\u00e7\u00f5es de segundo. Avesso a qualquer tipo de exposi\u00e7\u00e3o p\u00fablica ou holofotes, De Putron distribui suas participa\u00e7\u00f5es societ\u00e1rias no que o <em>Guardian<\/em> qualifica como &#8220;uma opaca rede de empresas de fachada, fundos e holdings sediados em para\u00edsos fiscais de dif\u00edcil rastreamento&#8221;. A Dorilton lutou obstinadamente na Justi\u00e7a para impedir que o bilion\u00e1rio fosse intimado a depor, alegando que n\u00e3o possu\u00eda ger\u00eancia direta sobre a equipe de F\u00f3rmula 1.<\/p>\n\n\n\n<p class=\"wp-block-paragraph\">A tese de investidor passivo ruiu em outubro de 2025, contudo. Foi quando o juiz do caso, Andrew Borrok solicitou formalmente \u00e0 Corte Real de Jersey a intima\u00e7\u00e3o de De Putron para depor. At\u00e9 ali, nos primeiros quase dois anos de a\u00e7\u00e3o, o bilion\u00e1rio era implicado como terceira parte e at\u00e9 o nome dele podia ser escondido nos autos p\u00fablicos do processo. Entretanto, na decis\u00e3o do fim do ano passado, confirmada por unanimidade por um painel de cinco ju\u00edzes em recurso de apela\u00e7\u00e3o, o tribunal destacou que o bilion\u00e1rio, que vive no para\u00edso fiscal de Jersey \u2014 territ\u00f3rio localizado no Canal da Mancha e que pertence ao Reino Unido \u2014, estava \u00edntima e diretamente envolvido na gest\u00e3o di\u00e1ria da Williams e participou pessoalmente da demiss\u00e3o da diretora. &#8220;Est\u00e1 claro agora que \u00e9 simplesmente inapropriado que os querelantes escondam o nome do Sr. De Putron tendo como base de que se trata dum mero investidor passivo&#8221;, decretou o juiz. <\/p>\n\n\n\n<figure class=\"wp-block-image size-large\"><img decoding=\"async\" src=\"https:\/\/www.grandepremio.com\/br\/wp-content\/uploads\/2026\/03\/treinos-livres-f1-2026-williams-carlos-sainz-01-1200x800.jpeg\" alt=\"\" class=\"wp-image-1072006\"\/><figcaption class=\"wp-element-caption\">Carlos Sainz (Foto: Williams)<\/figcaption><\/figure>\n\n\n\n<p class=\"wp-block-paragraph\">O depoimento juramentado de De Putron promete expor um homem que faz de tudo para apagar seus rastros digitais. Em depoimento de seu pr\u00f3prio processo trabalhista contra a Dorilton, o ex-CEO Darren Fultz revelou que n\u00e3o existem fotos de De Putron na internet e que os funcion\u00e1rios eram expressamente proibidos de pronunciar o nome do magnata nos escrit\u00f3rios e reuni\u00f5es da Williams.<\/p>\n\n\n\n<p class=\"wp-block-paragraph\">Nas comunica\u00e7\u00f5es criptografadas via aplicativo Signal e videoconfer\u00eancias de trabalho, era tratado apenas sob as misteriosas alcunhas de &#8220;A&#8221; ou &#8220;AA&#8221;. Entre a alta c\u00fapula da Dorilton, no entanto, o apelido que corria de boca em boca era muito mais ir\u00f4nico e revelador: &#8220;Our Dear Leader&#8221; (Nosso Querido L\u00edder, em tradu\u00e7\u00e3o livre). Ou simplesmente ODL.<\/p>\n\n\n\n<p class=\"wp-block-paragraph\">O n\u00edvel de sigilo chegava a patamares quase c\u00f4micos. Fultz revelou em ju\u00edzo que, em rara visita \u00e0 sede da Dorilton em Nova York, o crach\u00e1 de seguran\u00e7a confeccionado para De Putron entrar nos escrit\u00f3rios trazia a foto e o nome do famoso ator norte-americano Ralph Macchio, o eterno Daniel Larusso da franquia de cinema <em>Karate Kid<\/em>.<\/p>\n\n\n\n<p class=\"wp-block-paragraph\">Quando resolveu entrar com o processo, em 2023, Schwarz ingressou com a\u00e7\u00e3o por difama\u00e7\u00e3o que implicava a Business F1, a Dorilton e a pr\u00f3pria F\u00f3rmula 1, uma vez que licencia o nome para a revista acusada. A categoria posteriormente chegou a um acordo confidencial para encerrar sua participa\u00e7\u00e3o no caso. Claudia concordou em retirar a a\u00e7\u00e3o contra a holding e desistiu do processo contra a revista.<\/p>\n\n\n\n<p class=\"wp-block-paragraph\">No final de 2025, por\u00e9m, voltou a carga e entrou com uma contra-a\u00e7\u00e3o no estado de Nova York contra a Dorilton por sua demiss\u00e3o e incluiu De Putron como r\u00e9u, alegando que ele interferiu em seu contrato e supervisionou a mat\u00e9ria da Business F1 porque ela se recusou a cumprir ordens dele que considerava discriminat\u00f3rias e continuou fazendo perguntas sobre as opera\u00e7\u00f5es da Williams nas Bermudas. H\u00e1, em suma, dois processos em andamento no mesmo tribunal estadual de Nova York. Em um deles, a Dorilton processa Schwarz por quebra de contrato e fraude, alegando que ela cobrou indevidamente US$ 6,9 milh\u00f5es. No outro, Schwarz processa a Dorilton, De Putron e a Williams IP Holdings por difama\u00e7\u00e3o e por reclama\u00e7\u00f5es decorrentes de sua demiss\u00e3o e da reportagem da Business F1.<\/p>\n\n\n\n<p class=\"wp-block-paragraph\">No processo, alegou que &#8220;reclamou de diversas pr\u00e1ticas comerciais da equipe Williams por meio de seu propriet\u00e1rio, Peter de Putron, no que diz respeito ao marketing. Isso inclu\u00eda reclama\u00e7\u00f5es sobre a maneira como os contratos e as opera\u00e7\u00f5es comerciais estavam sendo conduzidos no pa\u00eds das Bermudas, reclama\u00e7\u00f5es sobre a insist\u00eancia do r\u00e9u Peter de Putron em que a equipe Williams n\u00e3o fosse comercializada para o p\u00fablico preto e a comunidade LGBTQIA+ [e] reclama\u00e7\u00f5es sobre a proibi\u00e7\u00e3o de participa\u00e7\u00e3o em doa\u00e7\u00f5es\/apoio \u00e0 UNICEF, juntamente com todas as outras equipes de F1, para as v\u00edtimas da guerra na Ucr\u00e2nia.\u201d<\/p>\n\n\n\n<figure class=\"wp-block-image size-large\"><img decoding=\"async\" src=\"https:\/\/www.grandepremio.com\/br\/wp-content\/uploads\/2026\/03\/treinos-livres-f1-2026-williams-carlos-sainz-01-2-1200x800.jpeg\" alt=\"\" class=\"wp-image-1072644\"\/><figcaption class=\"wp-element-caption\">Carlos Sainz (Foto: Williams)<\/figcaption><\/figure>\n\n\n\n<p class=\"wp-block-paragraph\">A Dorilton argumentou. \u201cSchwarz tamb\u00e9m alega que o presidente da Dorilton, Matthew Savage, disse a certos investidores e funcion\u00e1rios afiliados que \u2018Schwarz estava tendo um caso com Darren Fultz\u2019. Mesmo supondo que tais declara\u00e7\u00f5es tenham sido feitas (o que n\u00e3o aconteceu), elas n\u00e3o s\u00e3o pass\u00edveis de a\u00e7\u00e3o judicial\u201d.<\/p>\n\n\n\n<p class=\"wp-block-paragraph\">H\u00e1 ainda mais uma a\u00e7\u00e3o, essa por quebra de contrato no tribunal federal dos EUA contra Williams e Savage, mas o caso est\u00e1 atualmente suspenso e aguardando o resultado dos processos no estado de Nova York. <\/p>\n\n\n\n<p class=\"wp-block-paragraph\">Em janeiro deste ano, Dorilton e De Putron apresentaram primeira mo\u00e7\u00e3o para arquivar o processo de Schwarz contra a empresa, argumentando que o processo dela \u00e9 uma resposta fr\u00e1gil ao processo movido por eles. Os dois processos podem ser unificados, j\u00e1 que nenhuma data de julgamento foi definida para nenhum deles. J\u00e1 em abril, Claudia reativou a a\u00e7\u00e3o contra a revista Business F1, entrando com um processo independente por difama\u00e7\u00e3o no estado da Fl\u00f3rida. O tribunal local agendou uma data de julgamento para junho de 2027. <\/p>\n\n\n\n<p class=\"wp-block-paragraph\">A revista parece estar inativa e, em um documento judicial recente, a Dorilton descreveu a publica\u00e7\u00e3o como &#8220;agora extinta&#8221;. O site da Business F1 n\u00e3o registra publica\u00e7\u00f5es desde julho de 2025. O <strong>GRANDE PR\u00caMIO<\/strong> apurou que o Business F1 efetuou o registro de cria\u00e7\u00e3o da companhia junto \u00e0 <em>Companies House<\/em>, \u00f3rg\u00e3o do governo brit\u00e2nico respons\u00e1vel por legalizar e ordenar qualquer empresa no pa\u00eds, em 30 de junho de 2020, pouco menos de dois meses antes da oficializa\u00e7\u00e3o da venda da Williams para a Dorilton Capital. Ainda de acordo com o governo brit\u00e2nico, a companhia encontra-se agora liquidada. Ou seja, passou pelo encerramento das opera\u00e7\u00f5es e venda de ativos.<\/p>\n\n\n\n<p class=\"wp-block-paragraph\">Em determinado trecho do processo, Schwarz afirma que &#8220;descobriu-se, eventualmente, que Peter de Putron havia estabelecido a opera\u00e7\u00e3o nas Bermudas para obter benef\u00edcios fiscais pessoais. No entanto, essas opera\u00e7\u00f5es n\u00e3o estavam sendo conduzidas de acordo com a lei das Bermudas.\u201d<\/p>\n\n\n\n<figure class=\"wp-block-image size-large\"><img decoding=\"async\" src=\"https:\/\/www.grandepremio.com\/br\/wp-content\/uploads\/2026\/03\/treinos-livres-f1-2026-williams-alexander-albon-01-2-e1774667363891-1200x758.jpeg\" alt=\"\" class=\"wp-image-1072650\"\/><figcaption class=\"wp-element-caption\">Alexander Albon (Foto: Williams)<\/figcaption><\/figure>\n\n\n\n<p class=\"wp-block-paragraph\">J\u00e1 em mo\u00e7\u00e3o para arquivar o processo de Schwarz, apresentada em abril deste ano, De Putron descreveu o caso como \u201cpura fic\u00e7\u00e3o\u201d e argumentou que, mesmo considerando os fatos apresentados, &#8220;a queixa n\u00e3o oferece nenhuma alega\u00e7\u00e3o factual que sustente a infer\u00eancia de que esses supostos motivos tenham qualquer rela\u00e7\u00e3o com a rescis\u00e3o dos contratos em quest\u00e3o\u201d, afirmou.<\/p>\n\n\n\n<p class=\"wp-block-paragraph\">Outro incidente alegado por Schwarz nos autos do processo a levou a fazer reclama\u00e7\u00f5es que culminaram na demiss\u00e3o. A hist\u00f3ria da publicit\u00e1ria \u00e9 corroborada por Fultz em depoimento ao tribunal, mas amplamente contestada por De Putron e Dorilton. Segundo Schwarz, o bilion\u00e1rio contestou firmemente a composi\u00e7\u00e3o demogr\u00e1fica do evento e a presen\u00e7a de artistas negros no Paddock Club.<\/p>\n\n\n\n<p class=\"wp-block-paragraph\">Fultz alega que De Putron queria que Wyclef Jean e Shaggy, os artistas que se apresentaram em evento na \u00e1rea de hospitalidade da Williams, fossem desconvidados do Paddock Club, o exclusivo espa\u00e7o de conviv\u00eancia da F\u00f3rmula 1, durante o GP dos Estados Unidos de 2022. De Putron, segundo Fultz, opunha-se \u00e0 presen\u00e7a de pessoas negras em eventos de hospitalidade. Afirma ainda que apresentou Schwarz a De Putron para que ela pudesse expressar suas preocupa\u00e7\u00f5es sobre o que considerava instru\u00e7\u00f5es discriminat\u00f3rias.<\/p>\n\n\n\n<p class=\"wp-block-paragraph\">Schwarz, em sua queixa, alega que foi depois de reclamar das diretrizes de marketing na corrida de Austin que De Putron ordenou a demiss\u00e3o. Pouco depois da corrida, o CEO da Dorilton, Bjorn Bergabo, disse em videochamada com a equipe de hospitalidade e marketing de Schwarz, de acordo com o processo, que \u201co investidor estava furioso e deixou claro \u2018que esse n\u00e3o \u00e9 o tipo de pessoa que ele e o conselho querem ver no Paddock Club\u2019. Ele ainda disse que era constrangedor que [Wyclef] Jean e Shaggy ousassem se aproximar da mesa dele, do Sr. Bergabo e do Sr. Savage, para agradec\u00ea-lo pelo convite.\u201d<\/p>\n\n\n\n<p class=\"wp-block-paragraph\">Peter de Putron, em sua peti\u00e7\u00e3o para arquivar o processo de Schwarz, descreve as alega\u00e7\u00f5es como &#8220;afirma\u00e7\u00f5es incendi\u00e1rias sobre as supostas opini\u00f5es &#8216;pessoais'&#8221;, &#8220;fabricadas&#8221; e &#8220;concebidas mais para distorcer o registro p\u00fablico do que para apresentar uma alega\u00e7\u00e3o vi\u00e1vel&#8221;.<\/p>\n\n\n\n<p class=\"wp-block-paragraph\">Claudia Schwarz alega que outro motivo para o relacionamento com a Dorilton ter desabado foi o fato de De Putron ter bloqueado os planos de marketing para a comunidade LGBTQ+, que inclu\u00edam a inclus\u00e3o de s\u00edmbolos do orgulho LGBTQ+ na pintura do carro, em parte devido a um poss\u00edvel patroc\u00ednio da petrol\u00edfera Gulf Oil \u2014 que conta com importantes investidores com origem na Ar\u00e1bia Saudita \u2014, mas tamb\u00e9m devido a cren\u00e7as pessoais.<\/p>\n\n\n\n<figure class=\"wp-block-image size-large\"><img decoding=\"async\" src=\"https:\/\/www.grandepremio.com\/br\/wp-content\/uploads\/2026\/05\/canada-corrida-f1-2026-williams-alexander-albon-01-1200x675.jpg\" alt=\"\" class=\"wp-image-1091053\"\/><figcaption class=\"wp-element-caption\">Alexander Albon (Foto: Reprodu\u00e7\u00e3o\/F1)<\/figcaption><\/figure>\n\n\n\n<p class=\"wp-block-paragraph\">\u201cO Sr. De Putron instruiu a autora da a\u00e7\u00e3o\u2026 sobre as mudan\u00e7as que desejava para o ve\u00edculo, alegando que n\u00e3o poderiam ter nenhuma ativa\u00e7\u00e3o voltada para a comunidade LGBTQ+, pois os sauditas n\u00e3o aceitariam e afirmavam que \u2018ainda matam gays e l\u00e9sbicas l\u00e1\u2019 e que \u2018de qualquer forma, n\u00e3o apoiar\u00edamos essa bobagem LGBTQ+\u2019\u201d, alega. Claudia argumentou que isso era contraproducente. \u201cLimitar o marketing com base em ra\u00e7a e orienta\u00e7\u00e3o sexual limitaria as receitas em vez de aument\u00e1-las.\u201d<\/p>\n\n\n\n<p class=\"wp-block-paragraph\">Schwarz tamb\u00e9m alega que expressou preocupa\u00e7\u00e3o com a decis\u00e3o de De Putron de impedir que a Williams se juntasse \u00e0 Comiss\u00e3o Lewis Hamilton, que auxilia minorias que desejam trabalhar ou competir no automobilismo. Mais ainda: ter dito a Fultz e Capito que preferia &#8220;vender a equipe&#8221; a permitir que a Williams fizesse parte da comiss\u00e3o.<\/p>\n\n\n\n<p class=\"wp-block-paragraph\">O magnata nega as alega\u00e7\u00f5es, mas defende que mesmo que fossem verdadeiras a reclamante admite que quaisquer decis\u00f5es desse tipo foram \u201corientadas para os neg\u00f3cios\u201d \u2013 portanto, n\u00e3o d\u00e3o origem a nenhuma alega\u00e7\u00e3o v\u00e1lida de que se tratou de algo de cunho pessoal. Mesmo que o tribunal aceitasse suas alega\u00e7\u00f5es como verdadeiras, \u201cDe Putron agiu para proteger seu suposto interesse econ\u00f4mico no sucesso comercial da equipe\u201d.<\/p>\n\n\n\n<p class=\"wp-block-paragraph\">A Dorilton garante que decidiu pela demiss\u00e3o n\u00e3o apenas por causa do suposto desfalque e relacionamento il\u00edcito, mas tamb\u00e9m por seu baixo desempenho. A empresa, que tamb\u00e9m acusa Claudia de criar um ambiente de trabalho hostil, encomendou um relat\u00f3rio de 132 p\u00e1ginas da empresa de marketing e publicidade <em>Harper Litigation Consulting and Research LLC<\/em>, que consta nos autos do processo. A Dorilton pagou US$ 750 \u2014 R$ 3,8 mil \u2014 por hora pelo trabalho.<\/p>\n\n\n\n<p class=\"wp-block-paragraph\">O relat\u00f3rio alega que \u201cSchwarz n\u00e3o desempenhou o papel de diretor de marketing (CMO) de forma adequada e eficaz\u201d, n\u00e3o \u201cdesenvolveu profissionalmente a estrat\u00e9gia da marca Williams Racing\u201d e \u201ccobrou valores excessivos dos demandantes e apresentou faturas sem a documenta\u00e7\u00e3o usual\u201d. Harper acrescentou: \u201cComo profissional experiente nas \u00e1reas de marketing e rela\u00e7\u00f5es p\u00fablicas, minha conclus\u00e3o \u00e9 que os r\u00e9us [Schwarz] n\u00e3o chegaram nem perto de fornecer aos demandantes servi\u00e7os de marketing e rela\u00e7\u00f5es p\u00fablicas que estivessem em conformidade com as melhores pr\u00e1ticas do setor ou no n\u00edvel de habilidade e cuidado razo\u00e1veis \u200b\u200bque se esperaria de um fornecedor competente e profissional de servi\u00e7os de marketing e rela\u00e7\u00f5es p\u00fablicas.\u201d<\/p>\n\n\n\n<p class=\"wp-block-paragraph\">No entanto, a tese de incompet\u00eancia t\u00e9cnica cai por terra diante do depoimento de Jost Capito. O experiente dirigente alem\u00e3o, que comandou a Williams na \u00e9poca, saiu em defesa de sua ex-funcion\u00e1ria: &#8220;Acompanh\u00e1vamos o desempenho semanalmente de todas as equipes e Claudia entregou absolutamente todos os KPIs dentro do or\u00e7amento. Baseado na minha experi\u00eancia com ela, n\u00e3o acredito que nenhuma das acusa\u00e7\u00f5es seja verdadeira.&#8221;<\/p>\n\n\n\n<p class=\"wp-block-paragraph\">\u201cA cultura l\u00e1 parecia um cl\u00e1ssico clube dos garotos, onde as mulheres eram tratadas como objetos. Eu fazia meu trabalho e entregava resultados, mas depois que fui demitida, alegaram que eu havia come\u00e7ado um caso com o CEO e ganhado milh\u00f5es com isso. Na realidade, e confirmado por documentos judiciais, o Sr. Fultz nunca assinou meus contratos \u2013 eu nem o conhecia pessoalmente na \u00e9poca&#8221;, disse Claudia.<\/p>\n\n\n\n<p class=\"wp-block-paragraph\" id=\"h-gp-experience-o-novo-produto-do-grande-premio-conecta-voce-aos-maiores-eventos-de-esporte-a-motor-do-mundo-va-para-indianapolis-com-a-gente-saiba-aqui-todos-os-detalhes\">A <strong>F\u00f3rmula 1<\/strong> volta neste fim de semana, de <strong>5 a 7 de junho<\/strong>, com o <strong>GP de M\u00f4naco<\/strong>, sexta etapa da temporada 2026. O\u00a0<strong>GRANDE PR\u00caMIO<\/strong>\u00a0acompanha todas as atividades<a href=\"https:\/\/www.grandepremio.com\/br\/ao-vivo\/f1\/\">\u00a0<strong>AO VIVO E EM\u00a0<\/strong><\/a><strong><a href=\"https:\/\/www.grandepremio.com\/br\/ao-vivo\/\" target=\"_blank\" rel=\"noreferrer noopener\">TEMPO REAL<\/a><\/strong>,\u00a0<a href=\"https:\/\/www.youtube.com\/@GrandePremio1\/streams\">al\u00e9m de classifica\u00e7\u00e3o e corrida em\u00a0<strong>SEGUNDA TELA\u00a0<\/strong>no YouTube<\/a>, em parceria com a\u00a0<strong>Voz do Esporte<\/strong>. O\u00a0<strong>Briefing\u00a0<\/strong>chega para analisar ap\u00f3s o fim de cada dia de atividades nas redes sociais e na\u00a0<strong>GPTV<\/strong>.<\/p>\n\n\n\n<h2 class=\"wp-block-heading\" id=\"h-gp-de-monaco-de-f1-veja-os-horarios-em-brasil-cabo-verde-portugal-angola-e-mocambique\"><strong>GP de M\u00f4naco de F1: veja os hor\u00e1rios em Brasil, Cabo Verde,\u00a0<a href=\"https:\/\/grandepremio.pt\/\" target=\"_blank\" rel=\"noreferrer noopener\">Portugal<\/a>, Angola e Mo\u00e7ambique:<\/strong><\/h2>\n\n\n\n<figure class=\"wp-block-table\"><table class=\"has-fixed-layout\"><tbody><tr><td class=\"has-text-align-left\" data-align=\"left\"><strong>Sess\u00e3o<\/strong><\/td><td class=\"has-text-align-left\" data-align=\"left\"><strong>BRA*<\/strong><\/td><td class=\"has-text-align-left\" data-align=\"left\"><strong>CBV<\/strong><\/td><td class=\"has-text-align-left\" data-align=\"left\"><strong>POR<\/strong><br><strong>ANG<\/strong><\/td><td class=\"has-text-align-left\" data-align=\"left\"><strong>MOZ<\/strong><\/td><\/tr><tr><td class=\"has-text-align-left\" data-align=\"left\">Treino livre 1<\/td><td class=\"has-text-align-left\" data-align=\"left\">08:30<\/td><td class=\"has-text-align-left\" data-align=\"left\">10:30<\/td><td class=\"has-text-align-left\" data-align=\"left\">12:30<\/td><td class=\"has-text-align-left\" data-align=\"left\">13:30<\/td><\/tr><tr><td class=\"has-text-align-left\" data-align=\"left\">Treino livre 2<\/td><td class=\"has-text-align-left\" data-align=\"left\">12:00<\/td><td class=\"has-text-align-left\" data-align=\"left\">14:00<\/td><td class=\"has-text-align-left\" data-align=\"left\">16:00<\/td><td class=\"has-text-align-left\" data-align=\"left\">17:00<\/td><\/tr><tr><td class=\"has-text-align-left\" data-align=\"left\">Treino livre 3<\/td><td class=\"has-text-align-left\" data-align=\"left\">07:30<\/td><td class=\"has-text-align-left\" data-align=\"left\">09:30<\/td><td class=\"has-text-align-left\" data-align=\"left\">11:30<\/td><td class=\"has-text-align-left\" data-align=\"left\">12:30<\/td><\/tr><tr><td class=\"has-text-align-left\" data-align=\"left\">Classifica\u00e7\u00e3o<\/td><td class=\"has-text-align-left\" data-align=\"left\">11:00<\/td><td class=\"has-text-align-left\" data-align=\"left\">13:00<\/td><td class=\"has-text-align-left\" data-align=\"left\">15:00<\/td><td class=\"has-text-align-left\" data-align=\"left\">16:00<\/td><\/tr><tr><td class=\"has-text-align-left\" data-align=\"left\">Corrida<\/td><td class=\"has-text-align-left\" data-align=\"left\">10:00<\/td><td class=\"has-text-align-left\" data-align=\"left\">12:00<\/td><td class=\"has-text-align-left\" data-align=\"left\">14:00<\/td><td class=\"has-text-align-left\" data-align=\"left\">15:00<\/td><\/tr><\/tbody><\/table><\/figure>\n\n\n\n<p class=\"wp-block-paragraph\"><em>*Hor\u00e1rio de Bras\u00edlia<\/em><\/p>\n\n\n\n<p class=\"wp-block-paragraph\">\u25b6\ufe0f&nbsp;<strong>F1:&nbsp;<a href=\"https:\/\/www.grandepremio.com\/br\/f1\/calendario\/\">confira o calend\u00e1rio completo de 2026<\/a><\/strong><br>\u25b6\ufe0f&nbsp;<strong>Inscreva-se nos dois canais do GRANDE PR\u00caMIO no YouTube:&nbsp;<a href=\"https:\/\/www.youtube.com\/channel\/UC9OlHEgxoaY6QY6nWPoiqQg?sub_confirmation=1\">GP<\/a>&nbsp;|&nbsp;<a href=\"https:\/\/www.youtube.com\/channel\/UC9csiS6q_C3C0FYhyr1rnFA?sub_confirmation=1\">GPTV<\/a><\/strong><\/p>\n\n\n\n<h2 class=\"wp-block-heading\" id=\"h-f1-hoje-saiba-aqui-as-noticias-mais-importantes-do-dia-da-formula-1\"><strong>F1 hoje: saiba aqui as not\u00edcias mais importantes do dia da F\u00f3rmula 1<\/strong><\/h2>\n\n\n\n<p class=\"wp-block-paragraph\">A reda\u00e7\u00e3o do&nbsp;<strong>GRANDE PR\u00caMIO<\/strong>&nbsp;selecionou as not\u00edcias mais importantes das \u00faltimas horas para voc\u00ea ficar por dentro de tudo que acontece na F1.<\/p>\n\n\n\n<p class=\"wp-block-paragraph\"><strong>\u25b6\ufe0f <a href=\"https:\/\/www.grandepremio.com\/br\/f1\/noticias\/carlos-sainz-resigna-f1-2026-nunca-sera-ideal-jura-decidi-parar-reclamar\/\">Sainz se resigna de F1 2026 que \u201cnunca ser\u00e1 ideal\u201d e jura: \u201cDecidi parar de reclamar\u201d<\/a><br>\u25b6\ufe0f <a href=\"https:\/\/www.grandepremio.com\/br\/f1\/noticias\/oscar-piastri-ve-pontos-positivos-canada-pondera-nao-estamos-posicao-vencer\/\">Piastri v\u00ea \u201cpontos positivos\u201d no Canad\u00e1, mas pondera: \u201cN\u00e3o estamos em posi\u00e7\u00e3o de vencer\u201d<\/a><br>\u25b6\ufe0f <a href=\"https:\/\/www.grandepremio.com\/br\/f1\/noticias\/cadillac-explica-falha-suspensao-sergio-perez-canada-garante-solucao-gp-de-monaco\/\">Cadillac explica falha de suspens\u00e3o de P\u00e9rez no Canad\u00e1 e garante solu\u00e7\u00e3o para GP de M\u00f4naco<\/a><br>\u25b6\ufe0f <a href=\"https:\/\/www.grandepremio.com\/br\/f1\/noticias\/lewis-hamilton-lembra-papo-ron-dennis-abriu-caminho-formula-1-nao-consegui-acreditar\/\">Hamilton lembra papo com Dennis que abriu caminho para F1: \u201cN\u00e3o consegui acreditar\u201d<\/a><br>\u25b6\ufe0f <a href=\"https:\/\/www.grandepremio.com\/br\/f1\/noticias\/williams-reitera-confianca-diz-nao-tem-duvidas-carlos-sainz-alex-albon-dupla-certa\/\">Williams reitera confian\u00e7a e diz que \u201cn\u00e3o tem d\u00favidas\u201d que Sainz e Albon \u00e9 dupla certa<\/a><\/strong><\/p>\n","protected":false},"excerpt":{"rendered":"<p>A demiss\u00e3o de Claudia Schwarz, ex-CMO da Williams, exp\u00f5e uma batalha judicial com acusa\u00e7\u00f5es de desvio de dinheiro, racismo contra artistas, homofobia e a probabilidade da equipe ter um dono secreto<\/p>\n","protected":false},"author":0,"featured_media":1001091174,"comment_status":"closed","ping_status":"closed","sticky":false,"template":"","format":"standard","meta":{"42wp_featured_image_caption":"","42wp_featured_image_credits":"","42wp_featured_video":"","42wp_featured_image_hidden":false,"42wp_authors_list":[],"footnotes":""},"categories":[2],"tags":[29516,180,30840,4378,215],"42wp_author":[47119],"class_list":["post-8231","post","type-post","status-publish","format-standard","has-post-thumbnail","hentry","category-f1","tag-f1-2026","tag-formula-1","tag-horarios-f1","tag-processo","tag-williams","42wp_author-gabriel-carvalho"],"_links":{"self":[{"href":"https:\/\/grandepremio.com\/br\/wp-json\/wp\/v2\/posts\/8231","targetHints":{"allow":["GET"]}}],"collection":[{"href":"https:\/\/grandepremio.com\/br\/wp-json\/wp\/v2\/posts"}],"about":[{"href":"https:\/\/grandepremio.com\/br\/wp-json\/wp\/v2\/types\/post"}],"replies":[{"embeddable":true,"href":"https:\/\/grandepremio.com\/br\/wp-json\/wp\/v2\/comments?post=8231"}],"version-history":[{"count":1,"href":"https:\/\/grandepremio.com\/br\/wp-json\/wp\/v2\/posts\/8231\/revisions"}],"predecessor-version":[{"id":139159,"href":"https:\/\/grandepremio.com\/br\/wp-json\/wp\/v2\/posts\/8231\/revisions\/139159"}],"wp:featuredmedia":[{"embeddable":true,"href":"https:\/\/grandepremio.com\/br\/wp-json\/wp\/v2\/media\/1001091174"}],"wp:attachment":[{"href":"https:\/\/grandepremio.com\/br\/wp-json\/wp\/v2\/media?parent=8231"}],"wp:term":[{"taxonomy":"category","embeddable":true,"href":"https:\/\/grandepremio.com\/br\/wp-json\/wp\/v2\/categories?post=8231"},{"taxonomy":"post_tag","embeddable":true,"href":"https:\/\/grandepremio.com\/br\/wp-json\/wp\/v2\/tags?post=8231"},{"taxonomy":"42wp_author","embeddable":true,"href":"https:\/\/grandepremio.com\/br\/wp-json\/wp\/v2\/42wp_author?post=8231"}],"curies":[{"name":"wp","href":"https:\/\/api.w.org\/{rel}","templated":true}]}}