{"id":82322,"date":"2024-04-05T23:08:43","date_gmt":"2024-04-06T02:08:43","guid":{"rendered":"https:\/\/grandepremio.com\/br\/noticias\/chefe-nega-interesse-aston-martin-adrian-newey-estamos-felizes-temos\/"},"modified":"2024-04-06T01:32:28","modified_gmt":"2024-04-06T04:32:28","slug":"chefe-nega-interesse-aston-martin-adrian-newey-estamos-felizes-temos","status":"publish","type":"post","link":"https:\/\/grandepremio.com\/br\/f1\/chefe-nega-interesse-aston-martin-adrian-newey-estamos-felizes-temos\/","title":{"rendered":"Chefe nega interesse da Aston Martin em Newey: &#8220;Estamos felizes com o que temos&#8221;"},"content":{"rendered":"\n<p class=\"wp-block-paragraph\">Considerado um dos maiores projetistas da hist\u00f3ria da <strong>F\u00f3rmula 1<\/strong>, <strong>Adrian Newey <\/strong>tem visto seu nome mais em alta do que nunca apesar de ter renovado mais uma vez o acordo que possui com a <strong>Red Bull<\/strong>. A \u00faltima not\u00edcia surgida na imprensa estrangeira dizia que o designer brit\u00e2nico estava na mira da <strong>Aston Martin<\/strong>, que fez uma &#8220;grande oferta&#8221; para tentar traz\u00ea-lo ao time, mas a informa\u00e7\u00e3o foi negada pelo chefe, <strong>Mike Krack<\/strong>.<\/p>\n\n\n\n<p class=\"wp-block-paragraph\">No \u00faltimo s\u00e1bado (29), o site da revista inglesa Autosport afirmou que Newey recebeu proposta milion\u00e1ria do pr\u00f3prio <strong>Lawrence Stroll<\/strong>, dono da equipe de <strong>Silverstone<\/strong>, durante a passagem da F\u00f3rmula 1 pela<strong> Ar\u00e1bia Saudita<\/strong>, segunda etapa da temporada 2024.<\/p>\n\n\n\n<p class=\"wp-block-paragraph\">Lawrence tem investido pesado para dar \u00e0 Aston Martin toda a infraestrutura necess\u00e1ria para lev\u00e1-la \u00e0 ponta da tabela. Al\u00e9m da constru\u00e7\u00e3o de uma sede de \u00faltima gera\u00e7\u00e3o, com um novo t\u00fanel de vento a caminho, o pai de\u00a0<strong><a href=\"https:\/\/www.grandepremio.com\/br\/piloto\/lance-stroll\/\" target=\"_blank\" rel=\"noreferrer noopener\">Lance Stroll<\/a><\/strong>\u00a0j\u00e1 trouxe v\u00e1rios nomes importantes para o corpo t\u00e9cnico oriundos das equipes advers\u00e1rias \u2014\u00a0<strong>Dan Fallows<\/strong>, aerodinamicista e diretor-t\u00e9cnico, teve passagem pela pr\u00f3pria Red Bull.<\/p>\n\n\n\n<p class=\"wp-block-paragraph\">E \u00e9 justamente por conta dessas adi\u00e7\u00f5es de peso que Krack rejeitou que haja interesse em Newey. Ao ser questionado pela Sky Sports, o dirigente assegurou que a Aston Martin est\u00e1 &#8220;muito feliz&#8221; com o atual corpo t\u00e9cnico.<\/p>\n\n\n\n<figure class=\"wp-block-image size-large\"><img decoding=\"async\" src=\"https:\/\/www.grandepremio.com\/br\/wp-content\/uploads\/2023\/07\/f1-2023-austria-corrida-redbull-adriannewey-afp-01-1024x739.jpg\" alt=\"\" class=\"wp-image-703361\"\/><figcaption class=\"wp-element-caption\">Adrian Newey est\u00e1 na Red Bull desde 2006 e \u00e9 o #1 da parte t\u00e9cnica (Foto: AFP) <\/figcaption><\/figure>\n\n\n\n<p class=\"wp-block-paragraph\">&#8220;Temos uma equipe t\u00e9cnica muito forte com Dan [Fallows], <strong>Tom<\/strong> [<strong>McCullough<\/strong>], <strong>Luca<\/strong> [<strong>Furbatto<\/strong>]&#8221;, come\u00e7ou Krack. &#8220;Recentemente, <strong>Bob Bell<\/strong> [ex-Alpine] se juntou a n\u00f3s, ent\u00e3o estamos muito felizes com o que temos no momento&#8221;, concluiu.<\/p>\n\n\n\n<p class=\"wp-block-paragraph\">A quest\u00e3o \u00e9 que por mais que a Aston Martin invista em recursos, ela quer convencer ao menos <strong>Fernando Alonso<\/strong> a permanecer na equipe. O espanhol tem contrato at\u00e9 o final deste ano e \u00e9 visto como um dos nomes mais fortes para ocupar a vaga na <strong>Mercedes <\/strong>deixada por\u00a0<strong><a href=\"https:\/\/www.grandepremio.com\/br\/piloto\/lewis-hamilton\/\" target=\"_blank\" rel=\"noreferrer noopener\">Lewis Hamilton<\/a><\/strong>, que vai correr na <strong>Ferrari <\/strong>em 2025.<\/p>\n\n\n\n<p class=\"wp-block-paragraph\">Alonso, contudo, tamb\u00e9m \u00e9 alvo da Red Bull, segundo noticiou o site alem\u00e3o F1 Insider.\u00a0<strong>Christian Horner<\/strong>, o chefe taurino, quer reafirmar o poder que tem dentro da base em Milton Keynes e, para isso,\u00a0<a href=\"https:\/\/www.grandepremio.com\/br\/f1\/noticias\/christian-horner-reafirmar-forca-fernando-alonso-vaga-sergio-perez-red-bull-2025\/\">tem como alvo colocar o bicampe\u00e3o\u00a0<\/a>na vaga de\u00a0<strong><a href=\"https:\/\/www.grandepremio.com\/br\/piloto\/sergio-prez\/\" target=\"_blank\" rel=\"noreferrer noopener\">Sergio P\u00e9rez<\/a>\u00a0<\/strong>no ano que vem.<\/p>\n\n\n\n<p class=\"wp-block-paragraph\">Mas a contrata\u00e7\u00e3o de Newey tamb\u00e9m significaria um forte argumento para atrair Verstappen em meio ao abalo provocado pelo\u00a0<strong>Caso Horner<\/strong>.\u00a0Uma reportagem recente da revista alem\u00e3 Auto Motor und Sport coloca Max <a href=\"https:\/\/www.grandepremio.com\/br\/f1\/noticias\/max-verstappen-peca-chave-silly-season-f1-meio-guerra-poder-red-bull\/\">como pe\u00e7a-central do mercado de pilotos\u00a0<\/a>para 2025, sobretudo ap\u00f3s revela\u00e7\u00e3o de que o contrato do neerland\u00eas possui uma cl\u00e1usula contratual que o libera diante de uma sa\u00edda de <strong>Helmut Marko<\/strong> da Red Bull. A Mercedes tamb\u00e9m j\u00e1 manifestou interesse p\u00fablico no #1.<\/p>\n\n\n\n<p class=\"wp-block-paragraph\">O\u00a0<strong>GRANDE PR\u00caMIO<\/strong>\u00a0acompanha\u00a0<strong><a href=\"https:\/\/www.grandepremio.com\/br\/ao-vivo\/f1\/\" target=\"_blank\" rel=\"noreferrer noopener\">AO VIVO e EM\u00a0<\/a><a href=\"https:\/\/www.grandepremio.com\/br\/ao-vivo\/\" target=\"_blank\" rel=\"noreferrer noopener\">TEMPO REAL<\/a><\/strong>\u00a0todas as atividades do\u00a0<strong>GP do Jap\u00e3o, em Suzuka<\/strong>, e transmite classifica\u00e7\u00e3o e corrida em segunda tela, em parceria com a Voz do Esporte, na\u00a0<strong><a href=\"https:\/\/www.youtube.com\/c\/GrandePremioTV\/streams\" target=\"_blank\" rel=\"noreferrer noopener\">GPTV, o canal do GP no Youtube<\/a><\/strong>. Na sexta-feira, o\u00a0<strong>treino livre 3<\/strong>\u00a0est\u00e1 marcado para as 23h30 (de Bras\u00edlia GMT-3). No s\u00e1bado, a\u00a0<strong>classifica\u00e7\u00e3o<\/strong>\u00a0acontece \u00e0s 3h. No\u00a0<strong>domingo, a largada<\/strong>\u00a0est\u00e1 marcada para as 2h.<\/p>\n\n\n\n<p class=\"wp-block-paragraph\"><strong><img decoding=\"async\" src=\"https:\/\/a.slack-edge.com\/production-standard-emoji-assets\/14.0\/google-medium\/25b6-fe0f.png\" alt=\":seta_para_frente:\">\u00a0Inscreva-se nos dois canais do GRANDE PR\u00caMIO no YouTube:\u00a0<a href=\"https:\/\/www.youtube.com\/channel\/UC9OlHEgxoaY6QY6nWPoiqQg?sub_confirmation=1\" target=\"_blank\" rel=\"noreferrer noopener\">GP<\/a>\u00a0|\u00a0<a href=\"https:\/\/www.youtube.com\/channel\/UC9csiS6q_C3C0FYhyr1rnFA?sub_confirmation=1\" target=\"_blank\" rel=\"noreferrer noopener\">GP2<\/a><\/strong><br><strong><img decoding=\"async\" src=\"https:\/\/a.slack-edge.com\/production-standard-emoji-assets\/14.0\/google-medium\/25b6-fe0f.png\" alt=\":seta_para_frente:\"><a href=\"https:\/\/www.twitch.tv\/grandepremio\" target=\"_blank\" rel=\"noreferrer noopener\">Conhe\u00e7a o canal do GRANDE PR\u00caMIO na Twitch clicando aqui!<\/a><\/strong><\/p>\n\n\n\n<figure class=\"wp-block-embed is-type-video is-provider-youtube wp-block-embed-youtube wp-embed-aspect-16-9 wp-has-aspect-ratio\"><div class=\"wp-block-embed__wrapper\">\n<iframe loading=\"lazy\" title=\"PIASTRI E VERSTAPPEN LIDERAM DIA EM SUZUKA: OS TREINOS LIVRES DA F1 NO JAP\u00c3O | Briefing\" width=\"500\" height=\"281\" src=\"https:\/\/www.youtube.com\/embed\/wF5XFrr06dM?feature=oembed\" frameborder=\"0\" allow=\"accelerometer; autoplay; clipboard-write; encrypted-media; gyroscope; picture-in-picture; web-share\" referrerpolicy=\"strict-origin-when-cross-origin\" allowfullscreen><\/iframe>\n<\/div><\/figure>\n","protected":false},"excerpt":{"rendered":"<p>Mike Krack, chefe da Aston Martin, citou nomes como Dan Fallows, ex-Red Bull, e Bob Bell, rec\u00e9m-chegado da Alpine, para afirmar que o time est\u00e1 satisfeito com o atual corpo t\u00e9cnico<\/p>\n","protected":false},"author":0,"featured_media":1000667464,"comment_status":"closed","ping_status":"closed","sticky":false,"template":"","format":"standard","meta":{"42wp_featured_image_caption":"","42wp_featured_image_credits":"","42wp_featured_video":"","42wp_featured_image_hidden":false,"42wp_authors_list":[],"footnotes":""},"categories":[2],"tags":[3547,309,26271,5273,147,3230,180,30909,3023,1491,28285,30840,24855,38979,32659,30559,35129,204,608,38980,32660,33301],"42wp_author":[47147],"class_list":["post-82322","post","type-post","status-publish","format-standard","has-post-thumbnail","hentry","category-f1","tag-adrian-newey","tag-aston-martin","tag-calendario-f1","tag-classificacao-f1","tag-f1","tag-f1-2024","tag-formula-1","tag-formula-1-2024","tag-gp-do-japao","tag-grande-premio","tag-grandepremio","tag-horarios-f1","tag-japao","tag-japao-2024","tag-japao-f1","tag-mike-krack","tag-onde-assistir-f1","tag-red-bull","tag-suzuka","tag-suzuka-2024","tag-suzuka-f1","tag-temporada-2024-f1","42wp_author-luana-marino"],"_links":{"self":[{"href":"https:\/\/grandepremio.com\/br\/wp-json\/wp\/v2\/posts\/82322","targetHints":{"allow":["GET"]}}],"collection":[{"href":"https:\/\/grandepremio.com\/br\/wp-json\/wp\/v2\/posts"}],"about":[{"href":"https:\/\/grandepremio.com\/br\/wp-json\/wp\/v2\/types\/post"}],"replies":[{"embeddable":true,"href":"https:\/\/grandepremio.com\/br\/wp-json\/wp\/v2\/comments?post=82322"}],"version-history":[{"count":0,"href":"https:\/\/grandepremio.com\/br\/wp-json\/wp\/v2\/posts\/82322\/revisions"}],"wp:featuredmedia":[{"embeddable":true,"href":"https:\/\/grandepremio.com\/br\/wp-json\/wp\/v2\/media\/1000667464"}],"wp:attachment":[{"href":"https:\/\/grandepremio.com\/br\/wp-json\/wp\/v2\/media?parent=82322"}],"wp:term":[{"taxonomy":"category","embeddable":true,"href":"https:\/\/grandepremio.com\/br\/wp-json\/wp\/v2\/categories?post=82322"},{"taxonomy":"post_tag","embeddable":true,"href":"https:\/\/grandepremio.com\/br\/wp-json\/wp\/v2\/tags?post=82322"},{"taxonomy":"42wp_author","embeddable":true,"href":"https:\/\/grandepremio.com\/br\/wp-json\/wp\/v2\/42wp_author?post=82322"}],"curies":[{"name":"wp","href":"https:\/\/api.w.org\/{rel}","templated":true}]}}