{"id":82370,"date":"2024-04-05T06:43:57","date_gmt":"2024-04-05T09:43:57","guid":{"rendered":"https:\/\/grandepremio.com\/br\/noticias\/carlos-sainz-lamenta-chuva-japao-espera-tl3-completar-acerto-classificacao\/"},"modified":"2024-04-05T07:18:52","modified_gmt":"2024-04-05T10:18:52","slug":"carlos-sainz-lamenta-chuva-japao-espera-tl3-completar-acerto-classificacao","status":"publish","type":"post","link":"https:\/\/grandepremio.com\/br\/f1\/carlos-sainz-lamenta-chuva-japao-espera-tl3-completar-acerto-classificacao\/","title":{"rendered":"Sainz lamenta chuva no Jap\u00e3o e espera TL3 para &#8220;completar acerto de classifica\u00e7\u00e3o&#8221;"},"content":{"rendered":"\n<p class=\"wp-block-paragraph\"><strong>Carlos Sainz<\/strong> classificou a sexta-feira (5) de treinos livres para o <strong>GP do Jap\u00e3o<\/strong>, em <strong>Suzuka<\/strong>, como &#8220;fora do ideal&#8221;. Por causa da chuva que caiu <a href=\"https:\/\/www.grandepremio.com\/br\/f1\/noticias\/oscar-piastri-aproveita-slicks-fim-lidera-tl2-esvaziado-chuva-japao\/\">durante o <strong>TL2<\/strong><\/a>, as equipes tiveram seus respectivos cronogramas de testes comprometidos e muitas optaram por sequer ir \u00e0 pista na segunda sess\u00e3o.<\/p>\n\n\n\n<p class=\"wp-block-paragraph\">A <strong>Ferrari <\/strong>chegou a registrar tempo com <strong>Charles Leclerc<\/strong> e Sainz nos \u00faltimos tr\u00eas minutos do treino, mas o que valeu mesmo para an\u00e1lise <a href=\"https:\/\/www.grandepremio.com\/br\/f1\/noticias\/max-verstappen-inicia-retomada-dominio-lidera-1-2-red-bull-tl1-gp-japao\/\">foi a performance no TL1<\/a>, em que o espanhol terminou em terceiro, atr\u00e1s apenas do duo da<strong> Red Bull<\/strong>, comandado por <strong>Max Verstappen<\/strong>. O monegasco ficou em sexto, por\u00e9m com um ritmo de corrida forte que impressionou o consultor dos taurinos, <strong>Helmut Marko<\/strong>.<\/p>\n\n\n\n<p class=\"wp-block-paragraph\">Ap\u00f3s os treinos, Sainz compartilhou as impress\u00f5es por meio de seu site oficial. &#8220;A sexta-feira n\u00e3o foi ideal, pois perdemos toda a segunda sess\u00e3o por conta das altera\u00e7\u00f5es clim\u00e1ticas&#8221;, come\u00e7ou o #55.<\/p>\n\n\n\n<p class=\"wp-block-paragraph\">&#8220;Estive bastante confort\u00e1vel no carro esta manh\u00e3 durante o TL1, mas fiquei esperando a sess\u00e3o da tarde para continuar trabalhando nos acertos&#8221;, salientou o piloto, dando mais detalhes sobre a raz\u00e3o de n\u00e3o ter ido \u00e0 pista no TL2.<\/p>\n\n\n\n<figure class=\"wp-block-image size-large\"><img decoding=\"async\" src=\"https:\/\/www.grandepremio.com\/br\/wp-content\/uploads\/2024\/04\/japao-2024-f1-treinos-livres-ferrari-carlos-sainz-04-1024x683.jpg\" alt=\"\" class=\"wp-image-797192\"\/><figcaption class=\"wp-element-caption\">Carlos Sainz ficou nos boxes durante o TL2 do Jap\u00e3o (Foto: Ferrari)<\/figcaption><\/figure>\n\n\n\n<p class=\"wp-block-paragraph\">&#8220;A pista estava muito molhada para pneus secos, mas tamb\u00e9m muito seca para pneus intermedi\u00e1rios. N\u00e3o fazia sentido andar e decidimos ficar nos boxes. Seja como for, estamos todos na mesma situa\u00e7\u00e3o e ainda temos amanh\u00e3 de manh\u00e3 para completar o acerto do carro para a classifica\u00e7\u00e3o&#8221;, concluiu Sainz, que vem de vit\u00f3ria na temporada, na <strong>Austr\u00e1lia<\/strong>, e espera desafiar mais uma vez a equipe austr\u00edaca junto com a Ferrari.<\/p>\n\n\n\n<p class=\"wp-block-paragraph\">O&nbsp;<strong>GRANDE PR\u00caMIO<\/strong>&nbsp;acompanha&nbsp;<strong><a href=\"https:\/\/www.grandepremio.com\/br\/ao-vivo\/f1\/\" target=\"_blank\" rel=\"noreferrer noopener\">AO VIVO e EM&nbsp;<\/a><a href=\"https:\/\/www.grandepremio.com\/br\/ao-vivo\/\" target=\"_blank\" rel=\"noreferrer noopener\">TEMPO REAL<\/a><\/strong>&nbsp;todas as atividades do&nbsp;<strong>GP do Jap\u00e3o, em Suzuka<\/strong>, e transmite classifica\u00e7\u00e3o e corrida em segunda tela, em parceria com a Voz do Esporte, na&nbsp;<strong><a href=\"https:\/\/www.youtube.com\/c\/GrandePremioTV\/streams\" target=\"_blank\" rel=\"noreferrer noopener\">GPTV, o canal do GP no Youtube<\/a><\/strong>. Al\u00e9m disso, debate tudo que aconteceu na pista com o&nbsp;<strong>Briefing<\/strong>&nbsp;ap\u00f3s segundo treino livre e classifica\u00e7\u00e3o, al\u00e9m de antes e depois da corrida. Na sexta-feira, o&nbsp;<strong>treino livre 3<\/strong>&nbsp;est\u00e1 marcado para as 23h30 (de Bras\u00edlia GMT-3). No s\u00e1bado, a&nbsp;<strong>classifica\u00e7\u00e3o<\/strong>&nbsp;acontece \u00e0s 3h. No&nbsp;<strong>domingo, a largada<\/strong>&nbsp;est\u00e1 marcada para as 2h.<\/p>\n\n\n\n<p class=\"wp-block-paragraph\"><strong><img decoding=\"async\" src=\"https:\/\/a.slack-edge.com\/production-standard-emoji-assets\/14.0\/google-medium\/25b6-fe0f.png\" alt=\":seta_para_frente:\">&nbsp;Inscreva-se nos dois canais do GRANDE PR\u00caMIO no YouTube:&nbsp;<a href=\"https:\/\/www.youtube.com\/channel\/UC9OlHEgxoaY6QY6nWPoiqQg?sub_confirmation=1\" target=\"_blank\" rel=\"noreferrer noopener\">GP<\/a>&nbsp;|&nbsp;<a href=\"https:\/\/www.youtube.com\/channel\/UC9csiS6q_C3C0FYhyr1rnFA?sub_confirmation=1\" target=\"_blank\" rel=\"noreferrer noopener\">GP2<\/a><\/strong><br><strong><img decoding=\"async\" src=\"https:\/\/a.slack-edge.com\/production-standard-emoji-assets\/14.0\/google-medium\/25b6-fe0f.png\" alt=\":seta_para_frente:\"><a href=\"https:\/\/www.twitch.tv\/grandepremio\" target=\"_blank\" rel=\"noreferrer noopener\">Conhe\u00e7a o canal do GRANDE PR\u00caMIO na Twitch clicando aqui!<\/a><\/strong><\/p>\n\n\n\n<figure class=\"wp-block-embed is-type-video is-provider-youtube wp-block-embed-youtube wp-embed-aspect-16-9 wp-has-aspect-ratio\"><div class=\"wp-block-embed__wrapper\">\n<iframe loading=\"lazy\" title=\"PIASTRI E VERSTAPPEN LIDERAM DIA EM SUZUKA: OS TREINOS LIVRES DA F1 NO JAP\u00c3O | Briefing\" width=\"500\" height=\"281\" src=\"https:\/\/www.youtube.com\/embed\/wF5XFrr06dM?feature=oembed\" frameborder=\"0\" allow=\"accelerometer; autoplay; clipboard-write; encrypted-media; gyroscope; picture-in-picture; web-share\" referrerpolicy=\"strict-origin-when-cross-origin\" allowfullscreen><\/iframe>\n<\/div><\/figure>\n","protected":false},"excerpt":{"rendered":"<p>Carlos Sainz foi o terceiro mais r\u00e1pido no TL1 do Jap\u00e3o e esperou a segunda sess\u00e3o para trabalhar mais no acerto do carro, mas a chuva p\u00f4s tudo a perder<\/p>\n","protected":false},"author":0,"featured_media":1000797168,"comment_status":"closed","ping_status":"closed","sticky":false,"template":"","format":"standard","meta":{"42wp_featured_image_caption":"","42wp_featured_image_credits":"","42wp_featured_video":"","42wp_featured_image_hidden":false,"42wp_authors_list":[],"footnotes":""},"categories":[2],"tags":[26271,546,5273,147,3230,207,180,30909,3023,1491,28285,30840,24855,38979,32659,35129,608,38980,32660,33301],"42wp_author":[47147],"class_list":["post-82370","post","type-post","status-publish","format-standard","has-post-thumbnail","hentry","category-f1","tag-calendario-f1","tag-carlos-sainz","tag-classificacao-f1","tag-f1","tag-f1-2024","tag-ferrari","tag-formula-1","tag-formula-1-2024","tag-gp-do-japao","tag-grande-premio","tag-grandepremio","tag-horarios-f1","tag-japao","tag-japao-2024","tag-japao-f1","tag-onde-assistir-f1","tag-suzuka","tag-suzuka-2024","tag-suzuka-f1","tag-temporada-2024-f1","42wp_author-luana-marino"],"_links":{"self":[{"href":"https:\/\/grandepremio.com\/br\/wp-json\/wp\/v2\/posts\/82370","targetHints":{"allow":["GET"]}}],"collection":[{"href":"https:\/\/grandepremio.com\/br\/wp-json\/wp\/v2\/posts"}],"about":[{"href":"https:\/\/grandepremio.com\/br\/wp-json\/wp\/v2\/types\/post"}],"replies":[{"embeddable":true,"href":"https:\/\/grandepremio.com\/br\/wp-json\/wp\/v2\/comments?post=82370"}],"version-history":[{"count":0,"href":"https:\/\/grandepremio.com\/br\/wp-json\/wp\/v2\/posts\/82370\/revisions"}],"wp:featuredmedia":[{"embeddable":true,"href":"https:\/\/grandepremio.com\/br\/wp-json\/wp\/v2\/media\/1000797168"}],"wp:attachment":[{"href":"https:\/\/grandepremio.com\/br\/wp-json\/wp\/v2\/media?parent=82370"}],"wp:term":[{"taxonomy":"category","embeddable":true,"href":"https:\/\/grandepremio.com\/br\/wp-json\/wp\/v2\/categories?post=82370"},{"taxonomy":"post_tag","embeddable":true,"href":"https:\/\/grandepremio.com\/br\/wp-json\/wp\/v2\/tags?post=82370"},{"taxonomy":"42wp_author","embeddable":true,"href":"https:\/\/grandepremio.com\/br\/wp-json\/wp\/v2\/42wp_author?post=82370"}],"curies":[{"name":"wp","href":"https:\/\/api.w.org\/{rel}","templated":true}]}}