{"id":82381,"date":"2024-04-05T06:11:44","date_gmt":"2024-04-05T09:11:44","guid":{"rendered":"https:\/\/grandepremio.com\/br\/noticias\/mercedes-prega-cautela-melhora-w15-exalta-trabalho-consistente-japao\/"},"modified":"2024-04-05T06:35:22","modified_gmt":"2024-04-05T09:35:22","slug":"mercedes-prega-cautela-melhora-w15-exalta-trabalho-consistente-japao","status":"publish","type":"post","link":"https:\/\/grandepremio.com\/br\/f1\/mercedes-prega-cautela-melhora-w15-exalta-trabalho-consistente-japao\/","title":{"rendered":"Mercedes prega cautela com melhora do W15, mas exalta trabalho consistente no Jap\u00e3o"},"content":{"rendered":"\n<p class=\"wp-block-paragraph\">A <strong>Mercedes<\/strong> come\u00e7ou a sexta-feira (5) em <strong>Suzuka<\/strong> com uma perspectiva de melhor rendimento e, enfim, come\u00e7ar a temporada 2024 da <strong>F\u00f3rmula 1<\/strong>. Embora <a href=\"https:\/\/www.grandepremio.com\/br\/f1\/noticias\/oscar-piastri-aproveita-slicks-fim-lidera-tl2-esvaziado-chuva-japao\/\">a chuva tenha atrapalhado a exist\u00eancia do TL2<\/a>, o que se <a href=\"https:\/\/www.grandepremio.com\/br\/f1\/noticias\/max-verstappen-inicia-retomada-dominio-lidera-1-2-red-bull-tl1-gp-japao\/\">viu no TL1<\/a> foi um quarto lugar consistente de <strong>George Russell<\/strong> e uma boa quinta posi\u00e7\u00e3o para <strong>Lewis Hamilton<\/strong>.<\/p>\n\n\n\n<p class=\"wp-block-paragraph\">Para o diretor de engenharia da equipe, <strong>Andrew Shovlin<\/strong>, o <strong>W15<\/strong> precisou de muito trabalho para afinar a sintonia e voltar ao eixo ideal. <\/p>\n\n\n\n<p class=\"wp-block-paragraph\">&#8220;Trabalhamos muito na \u00faltima semana focados em tornar o carro mais consistente. Vimos nas tr\u00eas primeiras corridas que temos sess\u00f5es em que parecemos fortes, mas no que diz respeito \u00e0 qualifica\u00e7\u00e3o e corrida, ficamos aqu\u00e9m das nossas expectativas&#8221;, disse o brit\u00e2nico.<\/p>\n\n\n\n<p class=\"wp-block-paragraph\">Tanto Hamilton como Russell endossaram positivamente a melhora da equipe neste primeiro dia de atividades no <strong>Jap\u00e3o<\/strong>. O heptacampe\u00e3o mundial pediu que a Mercedes <a href=\"https:\/\/www.grandepremio.com\/br\/f1\/noticias\/lewis-hamilton-melhor-tl1-ano-pede-mercedes-nao-mude-muita-coisa-japao\/\">n\u00e3o mudasse muita coisa<\/a> para a prova, enquanto George afirmou que o <a href=\"https:\/\/www.grandepremio.com\/br\/f1\/noticias\/george-russell-se-surpreende-diz-w15-esta-muito-agradavel-guiar-japao\/\">carro est\u00e1 muito agrad\u00e1vel<\/a> de guiar.<\/p>\n\n\n\n<figure class=\"wp-block-image size-large\"><img decoding=\"async\" src=\"https:\/\/www.grandepremio.com\/br\/wp-content\/uploads\/2024\/04\/japao-2024-f1-treinos-livres-mercedes-lewis-hamilton-afp-01-1-1024x683.jpg\" alt=\"\" class=\"wp-image-797197\"\/><figcaption class=\"wp-element-caption\">Lewis Hamilton ficou em quinto no TL1 em Suzuka (Foto: AFP) <\/figcaption><\/figure>\n\n\n\n<p class=\"wp-block-paragraph\">&#8220;\u00c9 muito cedo para dizer se fizemos o progresso que esper\u00e1vamos, mas \u00e9 encorajador que os pilotos estejam mais satisfeitos com a sensa\u00e7\u00e3o do carro. Os dados tamb\u00e9m sugerem que colocamos os pneus em uma janela melhor. E para amanh\u00e3, ainda h\u00e1 muito mais oportunidade para andarmos&#8221;, apontou Shovlin.<\/p>\n\n\n\n<p class=\"wp-block-paragraph\">O&nbsp;<strong>GRANDE PR\u00caMIO<\/strong>&nbsp;acompanha&nbsp;<strong><a href=\"https:\/\/www.grandepremio.com\/br\/ao-vivo\/f1\/\" target=\"_blank\" rel=\"noreferrer noopener\">AO VIVO e EM&nbsp;<\/a><a href=\"https:\/\/www.grandepremio.com\/br\/ao-vivo\/\" target=\"_blank\" rel=\"noreferrer noopener\">TEMPO REAL<\/a><\/strong>&nbsp;todas as atividades do&nbsp;<strong>GP do Jap\u00e3o, em Suzuka<\/strong>, e transmite classifica\u00e7\u00e3o e corrida em segunda tela, em parceria com a Voz do Esporte, na&nbsp;<strong><a href=\"https:\/\/www.youtube.com\/c\/GrandePremioTV\/streams\" target=\"_blank\" rel=\"noreferrer noopener\">GPTV, o canal do GP no Youtube<\/a><\/strong>. Na sexta-feira, o&nbsp;<strong>treino livre 3<\/strong>&nbsp;est\u00e1 marcado para as 23h30 (de Bras\u00edlia GMT-3). No s\u00e1bado, a&nbsp;<strong>classifica\u00e7\u00e3o<\/strong>&nbsp;acontece \u00e0s 3h. No&nbsp;<strong>domingo, a largada<\/strong>&nbsp;est\u00e1 marcada para as 2h.<\/p>\n\n\n\n<p class=\"wp-block-paragraph\"><strong><img decoding=\"async\" src=\"https:\/\/a.slack-edge.com\/production-standard-emoji-assets\/14.0\/google-medium\/25b6-fe0f.png\" alt=\":seta_para_frente:\">&nbsp;Inscreva-se nos dois canais do GRANDE PR\u00caMIO no YouTube:&nbsp;<a href=\"https:\/\/www.youtube.com\/channel\/UC9OlHEgxoaY6QY6nWPoiqQg?sub_confirmation=1\" target=\"_blank\" rel=\"noreferrer noopener\">GP<\/a>&nbsp;|&nbsp;<a href=\"https:\/\/www.youtube.com\/channel\/UC9csiS6q_C3C0FYhyr1rnFA?sub_confirmation=1\" target=\"_blank\" rel=\"noreferrer noopener\">GP2<\/a><\/strong><br><strong><img decoding=\"async\" src=\"https:\/\/a.slack-edge.com\/production-standard-emoji-assets\/14.0\/google-medium\/25b6-fe0f.png\" alt=\":seta_para_frente:\"> <a href=\"https:\/\/www.twitch.tv\/grandepremio\" target=\"_blank\" rel=\"noreferrer noopener\">Conhe\u00e7a o canal do GRANDE PR\u00caMIO na Twitch clicando aqui!<\/a><\/strong><\/p>\n\n\n\n<figure class=\"wp-block-embed is-type-video is-provider-youtube wp-block-embed-youtube wp-embed-aspect-16-9 wp-has-aspect-ratio\"><div class=\"wp-block-embed__wrapper\">\n<iframe loading=\"lazy\" title=\"PIASTRI E VERSTAPPEN LIDERAM DIA EM SUZUKA: OS TREINOS LIVRES DA F1 NO JAP\u00c3O | Briefing\" width=\"500\" height=\"281\" src=\"https:\/\/www.youtube.com\/embed\/wF5XFrr06dM?feature=oembed\" frameborder=\"0\" allow=\"accelerometer; autoplay; clipboard-write; encrypted-media; gyroscope; picture-in-picture; web-share\" referrerpolicy=\"strict-origin-when-cross-origin\" allowfullscreen><\/iframe>\n<\/div><\/figure>\n","protected":false},"excerpt":{"rendered":"<p>Andrew Shovlin sabe que sua equipe ficou aqu\u00e9m das expectativas neste in\u00edcio de ano, mas s\u00f3 de ver pilotos desfrutando do carro em Suzuka, acredita que a situa\u00e7\u00e3o \u00e9 encorajadora para progredir no fim de semana<\/p>\n","protected":false},"author":0,"featured_media":1000797084,"comment_status":"closed","ping_status":"closed","sticky":false,"template":"","format":"standard","meta":{"42wp_featured_image_caption":"","42wp_featured_image_credits":"","42wp_featured_video":"","42wp_featured_image_hidden":false,"42wp_authors_list":[],"footnotes":""},"categories":[2],"tags":[5157,26271,5273,147,3230,180,30909,800,39012,3023,1491,28285,30840,24855,38979,87,82,35129,608,38980,32660,33301],"42wp_author":[47128],"class_list":["post-82381","post","type-post","status-publish","format-standard","has-post-thumbnail","hentry","category-f1","tag-andrew-shovlin","tag-calendario-f1","tag-classificacao-f1","tag-f1","tag-f1-2024","tag-formula-1","tag-formula-1-2024","tag-george-russell","tag-gp-de-suzuka","tag-gp-do-japao","tag-grande-premio","tag-grandepremio","tag-horarios-f1","tag-japao","tag-japao-2024","tag-lewis-hamilton","tag-mercedes","tag-onde-assistir-f1","tag-suzuka","tag-suzuka-2024","tag-suzuka-f1","tag-temporada-2024-f1","42wp_author-guilherme-bloisi"],"_links":{"self":[{"href":"https:\/\/grandepremio.com\/br\/wp-json\/wp\/v2\/posts\/82381","targetHints":{"allow":["GET"]}}],"collection":[{"href":"https:\/\/grandepremio.com\/br\/wp-json\/wp\/v2\/posts"}],"about":[{"href":"https:\/\/grandepremio.com\/br\/wp-json\/wp\/v2\/types\/post"}],"replies":[{"embeddable":true,"href":"https:\/\/grandepremio.com\/br\/wp-json\/wp\/v2\/comments?post=82381"}],"version-history":[{"count":0,"href":"https:\/\/grandepremio.com\/br\/wp-json\/wp\/v2\/posts\/82381\/revisions"}],"wp:featuredmedia":[{"embeddable":true,"href":"https:\/\/grandepremio.com\/br\/wp-json\/wp\/v2\/media\/1000797084"}],"wp:attachment":[{"href":"https:\/\/grandepremio.com\/br\/wp-json\/wp\/v2\/media?parent=82381"}],"wp:term":[{"taxonomy":"category","embeddable":true,"href":"https:\/\/grandepremio.com\/br\/wp-json\/wp\/v2\/categories?post=82381"},{"taxonomy":"post_tag","embeddable":true,"href":"https:\/\/grandepremio.com\/br\/wp-json\/wp\/v2\/tags?post=82381"},{"taxonomy":"42wp_author","embeddable":true,"href":"https:\/\/grandepremio.com\/br\/wp-json\/wp\/v2\/42wp_author?post=82381"}],"curies":[{"name":"wp","href":"https:\/\/api.w.org\/{rel}","templated":true}]}}