{"id":82387,"date":"2024-04-05T05:56:43","date_gmt":"2024-04-05T08:56:43","guid":{"rendered":"https:\/\/grandepremio.com\/br\/noticias\/red-bull-alerta-ferrari-ritmo-corrida-impressionante-japao\/"},"modified":"2024-04-05T07:09:58","modified_gmt":"2024-04-05T10:09:58","slug":"red-bull-alerta-ferrari-ritmo-corrida-impressionante-japao","status":"publish","type":"post","link":"https:\/\/grandepremio.com\/br\/f1\/red-bull-alerta-ferrari-ritmo-corrida-impressionante-japao\/","title":{"rendered":"Red Bull alerta e diz que Ferrari mostrou &#8220;ritmo de corrida impressionante&#8221; no Jap\u00e3o"},"content":{"rendered":"\n<p class=\"wp-block-paragraph\">Mesmo com o <a href=\"https:\/\/www.grandepremio.com\/br\/f1\/noticias\/max-verstappen-inicia-retomada-dominio-lidera-1-2-red-bull-tl1-gp-japao\/\">1-2 no primeiro livre<\/a>, com <strong>Max Verstappen<\/strong> terminando a sexta-feira (5) como o mais r\u00e1pido em <strong>Suzuka<\/strong>, a <strong>Red Bull<\/strong> ligou o sinal de alerta para o que chamou de &#8220;ritmo de corrida impressionante&#8221; da <strong>Ferrari<\/strong>. O consultor dos taurinos, <strong>Helmut Marko<\/strong>, destacou principalmente a performance de <strong>Charles Leclerc<\/strong>.<\/p>\n\n\n\n<p class=\"wp-block-paragraph\">O monegasco ficou apenas em sexto, mas andou bastante com pneus duros e m\u00e9dios e foi um dos mais r\u00e1pidos em simula\u00e7\u00e3o de corrida \u2014 desempenho que chamou aten\u00e7\u00e3o do austr\u00edaco. Para Marko, o resultado final da sess\u00e3o n\u00e3o refletiu a realidade.<\/p>\n\n\n\n<p class=\"wp-block-paragraph\">Ao Motorsport-Magazin, o consultor come\u00e7ou dizendo que a Red Bull estava &#8220;muito satisfeita&#8221; com a sexta-feira e avaliou a performance das altera\u00e7\u00f5es levadas para a pista japonesa \u2014 mudan\u00e7as no assoalho, al\u00e9m de uma revis\u00e3o nos sidepods e dutos de ar.<\/p>\n\n\n\n<p class=\"wp-block-paragraph\">&#8220;Fizemos atualiza\u00e7\u00f5es relativamente extensas e elas funcionaram&#8221;, celebrou Marko, alertando, em seguida, para a rival italiana. &#8220;Mas o long run da Ferrari foi muito impressionante: Leclerc foi 1s mais r\u00e1pido.&#8221;<\/p>\n\n\n\n<figure class=\"wp-block-image size-large\"><img decoding=\"async\" src=\"https:\/\/www.grandepremio.com\/br\/wp-content\/uploads\/2024\/04\/japao-2024-f1-treinos-livres-red-bull-max-verstappen-01-1-1024x663.jpg\" alt=\"\" class=\"wp-image-797204\"\/><figcaption class=\"wp-element-caption\">Max Verstappen foi o mais r\u00e1pido, mas a Ferrari pode surpreender no Jap\u00e3o (Foto: Red Bull Content Pool)<\/figcaption><\/figure>\n\n\n\n<p class=\"wp-block-paragraph\">&#8220;Essa n\u00e3o \u00e9 a realidade&#8221;, continuou o dirigente ao ver os dois carros do time dos energ\u00e9ticos na ponta. &#8220;Se usarem menos combust\u00edvel no carro, o que a Ferrari gosta de fazer, eles estar\u00e3o perto de n\u00f3s&#8221;, concluiu Marko.<\/p>\n\n\n\n<p class=\"wp-block-paragraph\">O&nbsp;<strong>GRANDE PR\u00caMIO<\/strong>&nbsp;acompanha&nbsp;<strong><a href=\"https:\/\/www.grandepremio.com\/br\/ao-vivo\/f1\/\" target=\"_blank\" rel=\"noreferrer noopener\">AO VIVO e EM&nbsp;<\/a><a href=\"https:\/\/www.grandepremio.com\/br\/ao-vivo\/\" target=\"_blank\" rel=\"noreferrer noopener\">TEMPO REAL<\/a><\/strong>&nbsp;todas as atividades do&nbsp;<strong>GP do Jap\u00e3o, em Suzuka<\/strong>, e transmite classifica\u00e7\u00e3o e corrida em segunda tela, em parceria com a Voz do Esporte, na&nbsp;<strong><a href=\"https:\/\/www.youtube.com\/c\/GrandePremioTV\/streams\" target=\"_blank\" rel=\"noreferrer noopener\">GPTV, o canal do GP no Youtube<\/a><\/strong>. Al\u00e9m disso, debate tudo que aconteceu na pista com o&nbsp;<strong>Briefing<\/strong>&nbsp;ap\u00f3s segundo treino livre e classifica\u00e7\u00e3o, al\u00e9m de antes e depois da corrida. Na sexta-feira, o&nbsp;<strong>treino livre 3<\/strong>&nbsp;est\u00e1 marcado para as 23h30 (de Bras\u00edlia GMT-3). No s\u00e1bado, a&nbsp;<strong>classifica\u00e7\u00e3o<\/strong>&nbsp;acontece \u00e0s 3h. No&nbsp;<strong>domingo, a largada<\/strong>&nbsp;est\u00e1 marcada para as 2h.<\/p>\n\n\n\n<p class=\"wp-block-paragraph\"><strong><img decoding=\"async\" src=\"https:\/\/a.slack-edge.com\/production-standard-emoji-assets\/14.0\/google-medium\/25b6-fe0f.png\" alt=\":seta_para_frente:\">&nbsp;Inscreva-se nos dois canais do GRANDE PR\u00caMIO no YouTube:&nbsp;<a href=\"https:\/\/www.youtube.com\/channel\/UC9OlHEgxoaY6QY6nWPoiqQg?sub_confirmation=1\" target=\"_blank\" rel=\"noreferrer noopener\">GP<\/a>&nbsp;|&nbsp;<a href=\"https:\/\/www.youtube.com\/channel\/UC9csiS6q_C3C0FYhyr1rnFA?sub_confirmation=1\" target=\"_blank\" rel=\"noreferrer noopener\">GP2<\/a><\/strong><br><strong><img decoding=\"async\" src=\"https:\/\/a.slack-edge.com\/production-standard-emoji-assets\/14.0\/google-medium\/25b6-fe0f.png\" alt=\":seta_para_frente:\"><a href=\"https:\/\/www.twitch.tv\/grandepremio\" target=\"_blank\" rel=\"noreferrer noopener\">Conhe\u00e7a o canal do GRANDE PR\u00caMIO na Twitch clicando aqui!<\/a><\/strong><\/p>\n\n\n\n<figure class=\"wp-block-embed is-type-video is-provider-youtube wp-block-embed-youtube wp-embed-aspect-16-9 wp-has-aspect-ratio\"><div class=\"wp-block-embed__wrapper\">\n<iframe loading=\"lazy\" title=\"PIASTRI E VERSTAPPEN LIDERAM DIA EM SUZUKA: OS TREINOS LIVRES DA F1 NO JAP\u00c3O | Briefing\" width=\"500\" height=\"281\" src=\"https:\/\/www.youtube.com\/embed\/wF5XFrr06dM?feature=oembed\" frameborder=\"0\" allow=\"accelerometer; autoplay; clipboard-write; encrypted-media; gyroscope; picture-in-picture; web-share\" referrerpolicy=\"strict-origin-when-cross-origin\" allowfullscreen><\/iframe>\n<\/div><\/figure>\n","protected":false},"excerpt":{"rendered":"<p>Max Verstappen liderou o TL1 no Jap\u00e3o com Sergio P\u00e9rez em segundo, mas o consultor dos taurinos, Helmut Marko, ficou mesmo abismado com o ritmo de corrida &#8220;1s mais r\u00e1pido&#8221; de Charles Leclerc, da Ferrari<\/p>\n","protected":false},"author":0,"featured_media":1000797208,"comment_status":"closed","ping_status":"closed","sticky":false,"template":"","format":"standard","meta":{"42wp_featured_image_caption":"","42wp_featured_image_credits":"","42wp_featured_video":"","42wp_featured_image_hidden":false,"42wp_authors_list":[],"footnotes":""},"categories":[2],"tags":[26271,209,5273,147,3230,207,180,30909,3023,1491,28285,258,30840,24855,38979,32659,35129,204,608,38980,32660,33301],"42wp_author":[47147],"class_list":["post-82387","post","type-post","status-publish","format-standard","has-post-thumbnail","hentry","category-f1","tag-calendario-f1","tag-charles-leclerc","tag-classificacao-f1","tag-f1","tag-f1-2024","tag-ferrari","tag-formula-1","tag-formula-1-2024","tag-gp-do-japao","tag-grande-premio","tag-grandepremio","tag-helmut-marko","tag-horarios-f1","tag-japao","tag-japao-2024","tag-japao-f1","tag-onde-assistir-f1","tag-red-bull","tag-suzuka","tag-suzuka-2024","tag-suzuka-f1","tag-temporada-2024-f1","42wp_author-luana-marino"],"_links":{"self":[{"href":"https:\/\/grandepremio.com\/br\/wp-json\/wp\/v2\/posts\/82387","targetHints":{"allow":["GET"]}}],"collection":[{"href":"https:\/\/grandepremio.com\/br\/wp-json\/wp\/v2\/posts"}],"about":[{"href":"https:\/\/grandepremio.com\/br\/wp-json\/wp\/v2\/types\/post"}],"replies":[{"embeddable":true,"href":"https:\/\/grandepremio.com\/br\/wp-json\/wp\/v2\/comments?post=82387"}],"version-history":[{"count":0,"href":"https:\/\/grandepremio.com\/br\/wp-json\/wp\/v2\/posts\/82387\/revisions"}],"wp:featuredmedia":[{"embeddable":true,"href":"https:\/\/grandepremio.com\/br\/wp-json\/wp\/v2\/media\/1000797208"}],"wp:attachment":[{"href":"https:\/\/grandepremio.com\/br\/wp-json\/wp\/v2\/media?parent=82387"}],"wp:term":[{"taxonomy":"category","embeddable":true,"href":"https:\/\/grandepremio.com\/br\/wp-json\/wp\/v2\/categories?post=82387"},{"taxonomy":"post_tag","embeddable":true,"href":"https:\/\/grandepremio.com\/br\/wp-json\/wp\/v2\/tags?post=82387"},{"taxonomy":"42wp_author","embeddable":true,"href":"https:\/\/grandepremio.com\/br\/wp-json\/wp\/v2\/42wp_author?post=82387"}],"curies":[{"name":"wp","href":"https:\/\/api.w.org\/{rel}","templated":true}]}}