{"id":82488,"date":"2024-04-04T14:01:10","date_gmt":"2024-04-04T17:01:10","guid":{"rendered":"https:\/\/grandepremio.com\/br\/noticias\/george-russell-sugere-vsc-instantaneo-acidentes-australia-vidas-risco\/"},"modified":"2024-04-04T15:36:14","modified_gmt":"2024-04-04T18:36:14","slug":"george-russell-sugere-vsc-instantaneo-acidentes-australia-vidas-risco","status":"publish","type":"post","link":"https:\/\/grandepremio.com\/br\/f1\/george-russell-sugere-vsc-instantaneo-acidentes-australia-vidas-risco\/","title":{"rendered":"Russell sugere VSC instant\u00e2neo ap\u00f3s acidente na Austr\u00e1lia: &#8220;Vidas em risco&#8221;"},"content":{"rendered":"\n<p class=\"wp-block-paragraph\"><strong>George Russell<\/strong> pediu que a <strong><a href=\"https:\/\/www.grandepremio.com\/br\/f1\/\">F\u00f3rmula 1<\/a><\/strong> desenvolva um sistema para o acionamento autom\u00e1tico do safety-car virtual para casos similares ao que o brit\u00e2nico passou no <strong>GP da Austr\u00e1lia<\/strong>, quando sofreu um forte acidente na \u00faltima volta e ficou com o carro atravessado na pista na curva 7.<\/p>\n\n\n\n<p class=\"wp-block-paragraph\">O brit\u00e2nico bateu enquanto perseguia <strong>Fernando Alonso<\/strong> na disputa pelo sexto lugar. O espanhol tirou o p\u00e9 antecipadamente na curva 6 em <strong>Albert Park<\/strong> e Russell n\u00e3o teve tempo para reagir adequadamente, perdeu o controle do carro e estampou o muro violentamente \u2014 o bicampe\u00e3o mundial <a href=\"https:\/\/www.grandepremio.com\/br\/f1\/noticias\/fernando-alonso-recebe-20s-punicao-acidente-george-russell-cai-para-8o-gp-da-australia\/\">foi punido em 20s pelo lance ap\u00f3s a corrida<\/a>.<\/p>\n\n\n\n<p class=\"wp-block-paragraph\">Como resultado do impacto, o dono #63 foi jogado de volta \u00e0 pista e parou em pleno tra\u00e7ado ideal de prova, algo que assustou o piloto, que pediu via r\u00e1dio a interven\u00e7\u00e3o de uma bandeira vermelha.<\/p>\n\n\n\n<p class=\"wp-block-paragraph\">Praticamente duas semanas ap\u00f3s o ocorrido, Russell sugeriu que fosse desenvolvido um procedimento autom\u00e1tico para que as corridas sejam neutralizadas imediatamente ap\u00f3s situa\u00e7\u00f5es em que o carro voltar \u00e0 trajet\u00f3ria.<\/p>\n\n\n\n<figure class=\"wp-block-image size-large\"><img decoding=\"async\" src=\"https:\/\/www.grandepremio.com\/br\/wp-content\/uploads\/2024\/03\/australia-2024-f1-corrida-mercedes-george-russell-10-1024x576.jpeg\" alt=\"\" class=\"wp-image-792826\"\/><figcaption class=\"wp-element-caption\">George Russell parado na pista ap\u00f3s acidente em Melbourne (Foto: Reprodu\u00e7\u00e3o\/F1)<\/figcaption><\/figure>\n\n\n\n<p class=\"wp-block-paragraph\">Nos \u00faltimos anos, o automobilismo conviveu com a morte de <strong><a href=\"https:\/\/www.grandepremio.com\/br\/f2\/noticias\/hubert-nao-resiste-a-acidente-grave-da-f2-na-belgica-e-morre-aos-22-anos\/\">Antoine Hubert<\/a><\/strong>, na <strong>F\u00f3rmula 2,<\/strong> e <strong><a href=\"https:\/\/www.grandepremio.com\/br\/freca\/noticias\/dilano-van-t-hoff-morre-18-anos-acidente-corrida-2-freca-belgica\/\">Dilano van\u2019t Hoff<\/a><\/strong>, na <strong>FRECA<\/strong>, em situa\u00e7\u00e3o similar \u00e0 ocorrida com Russell. Ambos os carros retornaram \u00e0 pista ap\u00f3s acidente, mas, diferente do brit\u00e2nico, foram acertados por concorrentes.<\/p>\n\n\n\n<p class=\"wp-block-paragraph\">\u201cEra uma situa\u00e7\u00e3o inacreditavelmente desconfort\u00e1vel. Voc\u00ea est\u00e1 em uma curva cega, no tra\u00e7ado ideal de prova, de cabe\u00e7a para baixo e com carros vindo a 250 km\/h. Esperei pelo desastre\u201d, revelou Russell em coletiva de imprensa realizada nessa <strong>quinta-feira (4)<\/strong> em <strong>Suzuka<\/strong>.<\/p>\n\n\n\n<p class=\"wp-block-paragraph\">\u201cPor sorte, tinha margem de 10s para quem vinha tr\u00e1s, mas foram 10 ou 12s at\u00e9 o safety-car virtual. Poderiam ter cinco, seis ou sete carros nesse espa\u00e7o de tempo [se a vantagem n\u00e3o fosse t\u00e3o grande] e eu teria sido atingido v\u00e1rias vezes, mesmo com bandeira amarela\u201d, completou.<\/p>\n\n\n\n<p class=\"wp-block-paragraph\">O sistema sugerido por Russell, indiscutivelmente, traria mais seguran\u00e7a aos pilotos. Na Austr\u00e1lia, foram 1s2 para os pain\u00e9is dos volantes mostrarem a bandeira amarela local ap\u00f3s o acidente, enquanto os fiscais demoraram 5s7 para acionar fisicamente o indicativo de cuidado. Foram 8s1 ap\u00f3s a batida que a dupla bandeira amarela, que sinaliza acidente \u00e0 frente, foi deflagrada. <strong>Lance Stroll<\/strong> ainda passou por Russell antes do safety-car virtual intervir.<\/p>\n\n\n\n<figure class=\"wp-block-image size-large\"><img decoding=\"async\" src=\"https:\/\/www.grandepremio.com\/br\/wp-content\/uploads\/2024\/04\/japao-2024-f1-quinta-feira-mercedes-george-russell-afp-01-1024x683.jpg\" alt=\"\" class=\"wp-image-796797\"\/><figcaption class=\"wp-element-caption\">George Russell relembrou epis\u00f3dios de perigo na F1 (Foto: AFP)<\/figcaption><\/figure>\n\n\n\n<p class=\"wp-block-paragraph\">O piloto da Mercedes relembrou de outro epis\u00f3dio semelhante na F\u00f3rmula 1. No <strong>GP do Jap\u00e3o de 2022<\/strong>, <strong>Carlos Sainz<\/strong> se acidentou em Suzuka e ficou atravessado na pista. Na ocasi\u00e3o, o espanhol falou que sua preocupa\u00e7\u00e3o era que \u201cningu\u00e9m me acertasse. Era um lugar perigoso\u201d.<\/p>\n\n\n\n<p class=\"wp-block-paragraph\">\u201cVimos diversos acidentes em que o carro volta \u00e0 pista, como aconteceu com Carlos no Jap\u00e3o em 2022. Precisamos encontrar uma maneira de ter um VSC automatizado, que seja acionado imediatamente, dentro de meio segundo. Isso faz a diferen\u00e7a quando se tem um carro em zona de perigo\u201d, destacou Russell.<\/p>\n\n\n\n<p class=\"wp-block-paragraph\">\u201cVidas est\u00e3o em risco. Vimos numerosas vezes no passado os carros aquaplanando em Spa-Francochamps. \u00c9 hora de a tecnologia dar passos nesse sentido\u201d, finalizou.<\/p>\n\n\n\n<p class=\"wp-block-paragraph\">O&nbsp;<strong>GRANDE PR\u00caMIO<\/strong>&nbsp;acompanha&nbsp;<strong><a href=\"https:\/\/www.grandepremio.com\/br\/ao-vivo\/f1\/\" target=\"_blank\" rel=\"noreferrer noopener\">AO VIVO e EM&nbsp;<\/a><a href=\"https:\/\/www.grandepremio.com\/br\/ao-vivo\/\" target=\"_blank\" rel=\"noreferrer noopener\">TEMPO REAL<\/a><\/strong>&nbsp;todas as atividades do&nbsp;<strong>GP do Jap\u00e3o, em Suzuka<\/strong>, e transmite classifica\u00e7\u00e3o e corrida em segunda tela, em parceria com a Voz do Esporte, na&nbsp;<strong><a href=\"https:\/\/www.youtube.com\/c\/GrandePremioTV\/streams\" target=\"_blank\" rel=\"noreferrer noopener\">GPTV, o canal do GP no Youtube<\/a><\/strong>. Al\u00e9m disso, debate tudo que aconteceu na pista com o&nbsp;<strong>Briefing<\/strong>&nbsp;ap\u00f3s segundo treino livre e classifica\u00e7\u00e3o, al\u00e9m de antes e depois da corrida. O&nbsp;<strong>treino livre 1<\/strong>&nbsp;est\u00e1 marcado para as 23h30 da quinta-feira (hor\u00e1rio de Bras\u00edlia, GMT-3), seguido pelo&nbsp;<strong>TL2<\/strong>&nbsp;\u00e0s 3h da sexta-feira; ainda na noite da sexta-feira, vem o&nbsp;<strong>TL3<\/strong>, marcado para \u00e0s 23h30, seguido pela&nbsp;<strong>classifica\u00e7\u00e3o<\/strong>, \u00e0s 3h do s\u00e1bado; no&nbsp;<strong>domingo, a largada<\/strong>&nbsp;est\u00e1 marcada tamb\u00e9m para as 2h.<\/p>\n\n\n\n<p class=\"wp-block-paragraph\"><strong><img decoding=\"async\" src=\"https:\/\/a.slack-edge.com\/production-standard-emoji-assets\/14.0\/google-medium\/25b6-fe0f.png\" alt=\":seta_para_frente:\">&nbsp;Inscreva-se nos dois canais do GRANDE PR\u00caMIO no YouTube:&nbsp;<a href=\"https:\/\/www.youtube.com\/channel\/UC9OlHEgxoaY6QY6nWPoiqQg?sub_confirmation=1\" target=\"_blank\" rel=\"noreferrer noopener\">GP<\/a>&nbsp;|&nbsp;<a href=\"https:\/\/www.youtube.com\/channel\/UC9csiS6q_C3C0FYhyr1rnFA?sub_confirmation=1\" target=\"_blank\" rel=\"noreferrer noopener\">GP2<\/a><\/strong><br><strong><img decoding=\"async\" src=\"https:\/\/a.slack-edge.com\/production-standard-emoji-assets\/14.0\/google-medium\/25b6-fe0f.png\" alt=\":seta_para_frente:\">&nbsp;<a href=\"https:\/\/www.twitch.tv\/grandepremio\" target=\"_blank\" rel=\"noreferrer noopener\">Conhe\u00e7a o canal do GRANDE PR\u00caMIO na Twitch clicando aqui!<\/a><\/strong><\/p>\n\n\n\n<figure class=\"wp-block-embed is-type-video is-provider-youtube wp-block-embed-youtube wp-embed-aspect-16-9 wp-has-aspect-ratio\"><div class=\"wp-block-embed__wrapper\">\n<iframe loading=\"lazy\" title=\"DAN\u00c7A das cadeiras na F1, VERSTAPPEN volta forte e o que FERRARI pode fazer? | WGP\" width=\"500\" height=\"281\" src=\"https:\/\/www.youtube.com\/embed\/HcEgQoWhzLA?feature=oembed\" frameborder=\"0\" allow=\"accelerometer; autoplay; clipboard-write; encrypted-media; gyroscope; picture-in-picture; web-share\" referrerpolicy=\"strict-origin-when-cross-origin\" allowfullscreen><\/iframe>\n<\/div><\/figure>\n","protected":false},"excerpt":{"rendered":"<p>Piloto da Mercedes relembrou batida na volta final e admitiu que &#8220;esperava pelo desastre&#8221; ap\u00f3s parar em pleno tra\u00e7ado em Melbourne<\/p>\n","protected":false},"author":0,"featured_media":1000792644,"comment_status":"closed","ping_status":"closed","sticky":false,"template":"","format":"standard","meta":{"42wp_featured_image_caption":"","42wp_featured_image_credits":"","42wp_featured_video":"","42wp_featured_image_hidden":false,"42wp_authors_list":[],"footnotes":""},"categories":[2],"tags":[487,26271,546,5273,147,3230,176,180,30909,800,1753,3023,1491,28285,30840,24855,38979,32659,1757,35129,1991,25950,608,38980,32660,33301],"42wp_author":[47155],"class_list":["post-82488","post","type-post","status-publish","format-standard","has-post-thumbnail","hentry","category-f1","tag-acidente","tag-calendario-f1","tag-carlos-sainz","tag-classificacao-f1","tag-f1","tag-f1-2024","tag-fernando-alonso","tag-formula-1","tag-formula-1-2024","tag-george-russell","tag-gp-da-australia","tag-gp-do-japao","tag-grande-premio","tag-grandepremio","tag-horarios-f1","tag-japao","tag-japao-2024","tag-japao-f1","tag-melbourne","tag-onde-assistir-f1","tag-safety-car","tag-seguranca","tag-suzuka","tag-suzuka-2024","tag-suzuka-f1","tag-temporada-2024-f1","42wp_author-daniel-balsa"],"_links":{"self":[{"href":"https:\/\/grandepremio.com\/br\/wp-json\/wp\/v2\/posts\/82488","targetHints":{"allow":["GET"]}}],"collection":[{"href":"https:\/\/grandepremio.com\/br\/wp-json\/wp\/v2\/posts"}],"about":[{"href":"https:\/\/grandepremio.com\/br\/wp-json\/wp\/v2\/types\/post"}],"replies":[{"embeddable":true,"href":"https:\/\/grandepremio.com\/br\/wp-json\/wp\/v2\/comments?post=82488"}],"version-history":[{"count":0,"href":"https:\/\/grandepremio.com\/br\/wp-json\/wp\/v2\/posts\/82488\/revisions"}],"wp:featuredmedia":[{"embeddable":true,"href":"https:\/\/grandepremio.com\/br\/wp-json\/wp\/v2\/media\/1000792644"}],"wp:attachment":[{"href":"https:\/\/grandepremio.com\/br\/wp-json\/wp\/v2\/media?parent=82488"}],"wp:term":[{"taxonomy":"category","embeddable":true,"href":"https:\/\/grandepremio.com\/br\/wp-json\/wp\/v2\/categories?post=82488"},{"taxonomy":"post_tag","embeddable":true,"href":"https:\/\/grandepremio.com\/br\/wp-json\/wp\/v2\/tags?post=82488"},{"taxonomy":"42wp_author","embeddable":true,"href":"https:\/\/grandepremio.com\/br\/wp-json\/wp\/v2\/42wp_author?post=82488"}],"curies":[{"name":"wp","href":"https:\/\/api.w.org\/{rel}","templated":true}]}}