{"id":82559,"date":"2024-04-04T02:43:32","date_gmt":"2024-04-04T05:43:32","guid":{"rendered":"https:\/\/grandepremio.com\/br\/noticias\/max-verstappen-revela-freio-acusou-problema-classificacao-gp-australia\/"},"modified":"2024-04-04T02:55:34","modified_gmt":"2024-04-04T05:55:34","slug":"max-verstappen-revela-freio-acusou-problema-classificacao-gp-australia","status":"publish","type":"post","link":"https:\/\/grandepremio.com\/br\/f1\/max-verstappen-revela-freio-acusou-problema-classificacao-gp-australia\/","title":{"rendered":"Verstappen revela que freio acusou problema durante classifica\u00e7\u00e3o do GP da Austr\u00e1lia"},"content":{"rendered":"\n<p class=\"wp-block-paragraph\"><a href=\"https:\/\/www.grandepremio.com\/br\/f1\/noticias\/max-verstappen-fogo-carro-abandona-gp-australia-tem-primeira-quebra-2-anos\/\">O problema nos freios<\/a> que tirou<strong> Max Verstappen <\/strong>do <strong>GP da Austr\u00e1lia <\/strong>nas primeiras voltas come\u00e7ou a aparecer ainda na classifica\u00e7\u00e3o. O neerland\u00eas confirmou durante a coletiva de imprensa realizada nesta quinta-feira (4) em <strong>Suzuka<\/strong>, que recebe o <strong>GP do Jap\u00e3o<\/strong> neste fim de semana, por\u00e9m garantiu que a quest\u00e3o n\u00e3o \u00e9 mais uma preocupa\u00e7\u00e3o.<\/p>\n\n\n\n<p class=\"wp-block-paragraph\">Verstappen n\u00e3o sofria uma quebra desde 2022 \u2014 coincidentemente, tamb\u00e9m em <strong>Melbourne<\/strong>. Max explicou logo ap\u00f3s o abandono que a sensa\u00e7\u00e3o com o carro era a mesma de &#8220;pilotar com o freio de m\u00e3o puxado&#8221;.<\/p>\n\n\n\n<p class=\"wp-block-paragraph\">Aos jornalistas, o #1 deu mais detalhes e contou que notou ind\u00edcios do problema no dia da sess\u00e3o que definiu o grid de largada. &#8220;J\u00e1 vimos alguns sinais de que as coisas talvez n\u00e3o estivessem como deveriam no s\u00e1bado.&#8221;<\/p>\n\n\n\n<p class=\"wp-block-paragraph\">&#8220;Claro, agora, olhando para tr\u00e1s, podemos dizer que era a pin\u00e7a de freio, mas n\u00e3o encontramos nenhuma falha, digamos, no carro&#8221;, continuou, lamentando o que classificou como um problema &#8220;na especifica\u00e7\u00e3o da pe\u00e7a&#8221;.<\/p>\n\n\n\n<figure class=\"wp-block-image size-large\"><img decoding=\"async\" src=\"https:\/\/www.grandepremio.com\/br\/wp-content\/uploads\/2024\/03\/australia-2024-f1-corrida-red-bull-max-verstappen-06-1024x682.jpg\" alt=\"\" class=\"wp-image-792777\"\/><figcaption class=\"wp-element-caption\">Verstappen abandonou o GP da Austr\u00e1lia de 2024 (Foto: Red Bull Content Pool)<\/figcaption><\/figure>\n\n\n\n<p class=\"wp-block-paragraph\">&#8220;Abandonar \u00e9 sempre ruim. Mas quando se tem uma falha talvez na especifica\u00e7\u00e3o de constru\u00e7\u00e3o [da pe\u00e7a], \u00e9 um pouco pior. Mas vamos seguir em frente e aprender com isso, e espero que n\u00e3o aconte\u00e7a novamente. N\u00e3o deveria acontecer&#8221;, cobrou Max.<\/p>\n\n\n\n<p class=\"wp-block-paragraph\">Em seguida, o tricampe\u00e3o foi questionado se a quebra na Austr\u00e1lia ainda era uma preocupa\u00e7\u00e3o para o final de semana no Jap\u00e3o. &#8220;N\u00e3o, n\u00e3o&#8221;, assegurou. Apesar de n\u00e3o ter completado a \u00faltima corrida, Verstappen \u00e9 o l\u00edder do <strong>Mundial de Pilotos<\/strong>.<\/p>\n\n\n\n<p class=\"wp-block-paragraph\">O\u00a0<strong>GRANDE PR\u00caMIO<\/strong>\u00a0acompanha\u00a0<strong><a href=\"https:\/\/www.grandepremio.com\/br\/ao-vivo\/f1\/\" target=\"_blank\" rel=\"noreferrer noopener\">AO VIVO e EM\u00a0<\/a><a href=\"https:\/\/www.grandepremio.com\/br\/ao-vivo\/\" target=\"_blank\" rel=\"noreferrer noopener\">TEMPO REAL<\/a><\/strong>\u00a0todas as atividades do\u00a0<strong>GP do Jap\u00e3o, em Suzuka<\/strong>, e transmite classifica\u00e7\u00e3o e corrida em segunda tela, em parceria com a Voz do Esporte, na\u00a0<strong><a href=\"https:\/\/www.youtube.com\/c\/GrandePremioTV\/streams\" target=\"_blank\" rel=\"noreferrer noopener\">GPTV, o canal do GP no Youtube<\/a><\/strong>. Al\u00e9m disso, debate tudo que aconteceu na pista com o\u00a0<strong>Briefing<\/strong>\u00a0ap\u00f3s segundo treino livre e classifica\u00e7\u00e3o, al\u00e9m de antes e depois da corrida. O\u00a0<strong>treino livre 1<\/strong>\u00a0est\u00e1 marcado para as 23h30 da quinta-feira (hor\u00e1rio de Bras\u00edlia, GMT-3), seguido pelo\u00a0<strong>TL2<\/strong>\u00a0\u00e0s 3h da sexta-feira; ainda na noite da sexta-feira, vem o\u00a0<strong>TL3<\/strong>, marcado para \u00e0s 23h30, seguido pela\u00a0<strong>classifica\u00e7\u00e3o<\/strong>, \u00e0s 3h do s\u00e1bado; no\u00a0<strong>domingo, a largada<\/strong>\u00a0est\u00e1 marcada tamb\u00e9m para as 2h.<\/p>\n\n\n\n<p class=\"wp-block-paragraph\"><strong><img decoding=\"async\" src=\"https:\/\/a.slack-edge.com\/production-standard-emoji-assets\/14.0\/google-medium\/25b6-fe0f.png\" alt=\":seta_para_frente:\">&nbsp;Inscreva-se nos dois canais do GRANDE PR\u00caMIO no YouTube:&nbsp;<a href=\"https:\/\/www.youtube.com\/channel\/UC9OlHEgxoaY6QY6nWPoiqQg?sub_confirmation=1\" target=\"_blank\" rel=\"noreferrer noopener\">GP<\/a>&nbsp;|&nbsp;<a href=\"https:\/\/www.youtube.com\/channel\/UC9csiS6q_C3C0FYhyr1rnFA?sub_confirmation=1\" target=\"_blank\" rel=\"noreferrer noopener\">GP2<\/a><\/strong><br><strong><img decoding=\"async\" src=\"https:\/\/a.slack-edge.com\/production-standard-emoji-assets\/14.0\/google-medium\/25b6-fe0f.png\" alt=\":seta_para_frente:\">&nbsp;<a href=\"https:\/\/www.twitch.tv\/grandepremio\" target=\"_blank\" rel=\"noreferrer noopener\">Conhe\u00e7a o canal do GRANDE PR\u00caMIO na Twitch clicando aqui!<\/a><\/strong><\/p>\n\n\n\n<figure class=\"wp-block-embed is-type-video is-provider-youtube wp-block-embed-youtube wp-embed-aspect-16-9 wp-has-aspect-ratio\"><div class=\"wp-block-embed__wrapper\">\n<iframe loading=\"lazy\" title=\"TERROR! F1 2024 pega AMEA\u00c7A DE TSUNAMI no Jap\u00e3o + Hamilton QUER se APOSENTAR? | TTGP #130\" width=\"500\" height=\"281\" src=\"https:\/\/www.youtube.com\/embed\/I0T0IW3VtJ4?feature=oembed\" frameborder=\"0\" allow=\"accelerometer; autoplay; clipboard-write; encrypted-media; gyroscope; picture-in-picture; web-share\" referrerpolicy=\"strict-origin-when-cross-origin\" allowfullscreen><\/iframe>\n<\/div><\/figure>\n","protected":false},"excerpt":{"rendered":"<p>Max Verstappen explicou que o problema nos freios foi por uma falha na especifica\u00e7\u00e3o de constru\u00e7\u00e3o da pe\u00e7a, mas garantiu que a quest\u00e3o foi solucionada para o Jap\u00e3o<\/p>\n","protected":false},"author":0,"featured_media":1000792740,"comment_status":"closed","ping_status":"closed","sticky":false,"template":"","format":"standard","meta":{"42wp_featured_image_caption":"","42wp_featured_image_credits":"","42wp_featured_video":"","42wp_featured_image_hidden":false,"42wp_authors_list":[],"footnotes":""},"categories":[2],"tags":[26271,5273,147,3230,180,30909,3023,1491,28285,30840,24855,38979,32659,203,35129,204,608,38980,32660,33301],"42wp_author":[47147],"class_list":["post-82559","post","type-post","status-publish","format-standard","has-post-thumbnail","hentry","category-f1","tag-calendario-f1","tag-classificacao-f1","tag-f1","tag-f1-2024","tag-formula-1","tag-formula-1-2024","tag-gp-do-japao","tag-grande-premio","tag-grandepremio","tag-horarios-f1","tag-japao","tag-japao-2024","tag-japao-f1","tag-max-verstappen","tag-onde-assistir-f1","tag-red-bull","tag-suzuka","tag-suzuka-2024","tag-suzuka-f1","tag-temporada-2024-f1","42wp_author-luana-marino"],"_links":{"self":[{"href":"https:\/\/grandepremio.com\/br\/wp-json\/wp\/v2\/posts\/82559","targetHints":{"allow":["GET"]}}],"collection":[{"href":"https:\/\/grandepremio.com\/br\/wp-json\/wp\/v2\/posts"}],"about":[{"href":"https:\/\/grandepremio.com\/br\/wp-json\/wp\/v2\/types\/post"}],"replies":[{"embeddable":true,"href":"https:\/\/grandepremio.com\/br\/wp-json\/wp\/v2\/comments?post=82559"}],"version-history":[{"count":0,"href":"https:\/\/grandepremio.com\/br\/wp-json\/wp\/v2\/posts\/82559\/revisions"}],"wp:featuredmedia":[{"embeddable":true,"href":"https:\/\/grandepremio.com\/br\/wp-json\/wp\/v2\/media\/1000792740"}],"wp:attachment":[{"href":"https:\/\/grandepremio.com\/br\/wp-json\/wp\/v2\/media?parent=82559"}],"wp:term":[{"taxonomy":"category","embeddable":true,"href":"https:\/\/grandepremio.com\/br\/wp-json\/wp\/v2\/categories?post=82559"},{"taxonomy":"post_tag","embeddable":true,"href":"https:\/\/grandepremio.com\/br\/wp-json\/wp\/v2\/tags?post=82559"},{"taxonomy":"42wp_author","embeddable":true,"href":"https:\/\/grandepremio.com\/br\/wp-json\/wp\/v2\/42wp_author?post=82559"}],"curies":[{"name":"wp","href":"https:\/\/api.w.org\/{rel}","templated":true}]}}