{"id":82562,"date":"2024-04-04T02:13:40","date_gmt":"2024-04-04T05:13:40","guid":{"rendered":"https:\/\/grandepremio.com\/br\/noticias\/fernando-alonso-admite-saida-max-verstappen-red-bull-impacta-decisao-futuro-f1\/"},"modified":"2024-04-04T02:52:52","modified_gmt":"2024-04-04T05:52:52","slug":"fernando-alonso-admite-saida-max-verstappen-red-bull-impacta-decisao-futuro-f1","status":"publish","type":"post","link":"https:\/\/grandepremio.com\/br\/f1\/fernando-alonso-admite-saida-max-verstappen-red-bull-impacta-decisao-futuro-f1\/","title":{"rendered":"Alonso admite que sa\u00edda de Verstappen da Red Bull &#8220;impacta&#8221; decis\u00e3o sobre futuro na F1"},"content":{"rendered":"\n<p class=\"wp-block-paragraph\">A<strong> F\u00f3rmula 1<\/strong> chegou ao <strong>Jap\u00e3o <\/strong>embalada pelas especula\u00e7\u00f5es em torno do futuro de <strong>Max Verstappen<\/strong> na <strong>Red Bull<\/strong>, e <strong>Fernando Alonso<\/strong> afirmou que est\u00e1 atento ao que tem sido falado. O bicampe\u00e3o, inclusive, admitiu que a decis\u00e3o do neerland\u00eas pode, sim, trazer impacto sobre a sua pr\u00f3pria perman\u00eancia na categoria.<\/p>\n\n\n\n<p class=\"wp-block-paragraph\">Alonso, inclusive, \u00e9 um dos nomes ligados \u00e0 Red Bull em meio aos rumores referentes ao mercado de pilotos para a temporada 2025. A m\u00eddia alem\u00e3 noticiou que o espanhol \u00e9 a escolha de <strong>Christian Horner<\/strong> para o lugar de <strong>Sergio P\u00e9rez<\/strong>, que tem contrato at\u00e9 o final deste ano, movimento que o chefe brit\u00e2nico tenta para reafirmar o poder dentro da equipe taurina.<\/p>\n\n\n\n<p class=\"wp-block-paragraph\">S\u00f3 que por mais que tenha contrato at\u00e9 2028, o posto de Verstappen tamb\u00e9m \u00e9 incerto em meio \u00e0 crise instaurada em Milton Keynes e a queda de bra\u00e7o interna entre Horner e o consultor-esportivo, <strong>Helmut Marko<\/strong> \u2014 este \u00faltimo, a quem Max declarou publicamente lealdade. E a revela\u00e7\u00e3o feita pela revista inglesa Autosport de que o contrato vigente do neerland\u00eas <a href=\"https:\/\/www.grandepremio.com\/br\/f1\/noticias\/clausula-libera-max-verstappen-red-bull-adicionada-conhecimento-christian-horner\/\">possui uma cl\u00e1usula de sa\u00edda inclu\u00edda sem o conhecimento do dirigente brit\u00e2nico<\/a> transformou Verstappen em pe\u00e7a-chave da &#8216;silly season&#8217;.<\/p>\n\n\n\n<p class=\"wp-block-paragraph\">Na coletiva de imprensa realizada em <strong>Suzuka <\/strong>nesta quinta-feira (4), Alonso, que prometeu uma defini\u00e7\u00e3o sobre o futuro na F\u00f3rmula 1 antes da pausa para as f\u00e9rias de ver\u00e3o na <strong>Europa<\/strong>, afirmou que tem conhecimento dos rumores atuais. E foi direto ao ser questionado sobre o que pode acontecer com Verstappen. <\/p>\n\n\n\n<figure class=\"wp-block-image size-large\"><img decoding=\"async\" src=\"https:\/\/www.grandepremio.com\/br\/wp-content\/uploads\/2024\/03\/australia-2024-f1-treino-livre-aston-martin-fernando-alonso-03-1024x683.jpg\" alt=\"\" class=\"wp-image-790849\"\/><figcaption class=\"wp-element-caption\">Fernando Alonso pode deixar a F1 ao final deste ano (Foto: Aston Martin)<\/figcaption><\/figure>\n\n\n\n<p class=\"wp-block-paragraph\">&#8220;Claro que se Max deixar a Red Bull, talvez isso gere um impacto&#8221;, disse Alonso. &#8220;Mas acho que n\u00e3o h\u00e1 chance de acontecer&#8221;, emendou.<\/p>\n\n\n\n<p class=\"wp-block-paragraph\">&#8220;Portanto, n\u00e3o estou pensando muito nisso. O que quero fazer \u00e9 apenas me concentrar nas minhas coisas e nesta corrida antes de decidir se continuarei correndo, e se continuar, onde estar\u00e1 a melhor possibilidade&#8221;, completou.<\/p>\n\n\n\n<p class=\"wp-block-paragraph\">Aos 42 anos, Alonso est\u00e1 em sua 21\u00aa temporada na principal categoria do automobilismo mundial, mas destacou que as especula\u00e7\u00f5es costumam atrapalhar os pilotos. \u201cEsse estresse no ar, sei dos rumores e coisas do tipo. N\u00e3o gostamos muito disso, n\u00e3o gosto disso com certeza.&#8221;<\/p>\n\n\n\n<p class=\"wp-block-paragraph\">Por fim, indagado sobre a certeza que tem sobre a perman\u00eancia de Verstappen na Red Bull, Alonso declarou: \u201cN\u00e3o sei. \u00c9 o que sinto&#8221;, concluiu.<\/p>\n\n\n\n<p class=\"wp-block-paragraph\">O\u00a0<strong>GRANDE PR\u00caMIO<\/strong>\u00a0acompanha\u00a0<strong><a href=\"https:\/\/www.grandepremio.com\/br\/ao-vivo\/f1\/\" target=\"_blank\" rel=\"noreferrer noopener\">AO VIVO e EM\u00a0<\/a><a href=\"https:\/\/www.grandepremio.com\/br\/ao-vivo\/\" target=\"_blank\" rel=\"noreferrer noopener\">TEMPO REAL<\/a><\/strong>\u00a0todas as atividades do\u00a0<strong>GP do Jap\u00e3o, em Suzuka<\/strong>, e transmite classifica\u00e7\u00e3o e corrida em segunda tela, em parceria com a Voz do Esporte, na\u00a0<strong><a href=\"https:\/\/www.youtube.com\/c\/GrandePremioTV\/streams\" target=\"_blank\" rel=\"noreferrer noopener\">GPTV, o canal do GP no Youtube<\/a><\/strong>. Al\u00e9m disso, debate tudo que aconteceu na pista com o\u00a0<strong>Briefing<\/strong>\u00a0ap\u00f3s segundo treino livre e classifica\u00e7\u00e3o, al\u00e9m de antes e depois da corrida. O\u00a0<strong>treino livre 1<\/strong>\u00a0est\u00e1 marcado para as 23h30 da quinta-feira (hor\u00e1rio de Bras\u00edlia, GMT-3), seguido pelo\u00a0<strong>TL2<\/strong>\u00a0\u00e0s 3h da sexta-feira; ainda na noite da sexta-feira, vem o\u00a0<strong>TL3<\/strong>, marcado para \u00e0s 23h30, seguido pela\u00a0<strong>classifica\u00e7\u00e3o<\/strong>, \u00e0s 3h do s\u00e1bado; no\u00a0<strong>domingo, a largada<\/strong>\u00a0est\u00e1 marcada tamb\u00e9m para as 2h.<\/p>\n\n\n\n<p class=\"wp-block-paragraph\"><strong><img decoding=\"async\" src=\"https:\/\/s.w.org\/images\/core\/emoji\/14.0.0\/svg\/25b6.svg\" alt=\"\u25b6\ufe0f\" style=\"width: 20px;\">\u00a0Inscreva-se nos dois canais do GRANDE PR\u00caMIO no YouTube:\u00a0<a href=\"https:\/\/www.youtube.com\/channel\/UC9OlHEgxoaY6QY6nWPoiqQg?sub_confirmation=1\" target=\"_blank\" rel=\"noreferrer noopener\">GP<\/a>\u00a0|\u00a0<a href=\"https:\/\/www.youtube.com\/channel\/UC9csiS6q_C3C0FYhyr1rnFA?sub_confirmation=1\" target=\"_blank\" rel=\"noreferrer noopener\">GP2<\/a><\/strong><br><strong><img decoding=\"async\" src=\"https:\/\/s.w.org\/images\/core\/emoji\/14.0.0\/svg\/25b6.svg\" alt=\"\u25b6\ufe0f\" style=\"width: 20px;\">\u00a0<a href=\"https:\/\/www.twitch.tv\/grandepremio\" target=\"_blank\" rel=\"noreferrer noopener\">Conhe\u00e7a o canal do GRANDE PR\u00caMIO na Twitch clicando aqui!<\/a><\/strong><\/p>\n\n\n\n<figure class=\"wp-block-embed is-type-video is-provider-youtube wp-block-embed-youtube wp-embed-aspect-16-9 wp-has-aspect-ratio\"><div class=\"wp-block-embed__wrapper\">\n<iframe loading=\"lazy\" title=\"TERROR! F1 2024 pega AMEA\u00c7A DE TSUNAMI no Jap\u00e3o + Hamilton QUER se APOSENTAR? | TTGP #130\" width=\"500\" height=\"281\" src=\"https:\/\/www.youtube.com\/embed\/I0T0IW3VtJ4?feature=oembed\" frameborder=\"0\" allow=\"accelerometer; autoplay; clipboard-write; encrypted-media; gyroscope; picture-in-picture; web-share\" referrerpolicy=\"strict-origin-when-cross-origin\" allowfullscreen><\/iframe>\n<\/div><\/figure>\n","protected":false},"excerpt":{"rendered":"<p>Fernando Alonso pretende definir o futuro na F\u00f3rmula 1 antes das f\u00e9rias, mas admitiu que est\u00e1 atento aos rumores e aos movimentos de Max Verstappen em meio \u00e0 crise na Red Bull<\/p>\n","protected":false},"author":0,"featured_media":1000791563,"comment_status":"closed","ping_status":"closed","sticky":false,"template":"","format":"standard","meta":{"42wp_featured_image_caption":"","42wp_featured_image_credits":"","42wp_featured_video":"","42wp_featured_image_hidden":false,"42wp_authors_list":[],"footnotes":""},"categories":[2],"tags":[26271,5273,147,3230,176,180,30909,3023,1491,28285,30840,24855,38979,32659,203,35129,204,608,38980,32660,33301],"42wp_author":[47147],"class_list":["post-82562","post","type-post","status-publish","format-standard","has-post-thumbnail","hentry","category-f1","tag-calendario-f1","tag-classificacao-f1","tag-f1","tag-f1-2024","tag-fernando-alonso","tag-formula-1","tag-formula-1-2024","tag-gp-do-japao","tag-grande-premio","tag-grandepremio","tag-horarios-f1","tag-japao","tag-japao-2024","tag-japao-f1","tag-max-verstappen","tag-onde-assistir-f1","tag-red-bull","tag-suzuka","tag-suzuka-2024","tag-suzuka-f1","tag-temporada-2024-f1","42wp_author-luana-marino"],"_links":{"self":[{"href":"https:\/\/grandepremio.com\/br\/wp-json\/wp\/v2\/posts\/82562","targetHints":{"allow":["GET"]}}],"collection":[{"href":"https:\/\/grandepremio.com\/br\/wp-json\/wp\/v2\/posts"}],"about":[{"href":"https:\/\/grandepremio.com\/br\/wp-json\/wp\/v2\/types\/post"}],"replies":[{"embeddable":true,"href":"https:\/\/grandepremio.com\/br\/wp-json\/wp\/v2\/comments?post=82562"}],"version-history":[{"count":0,"href":"https:\/\/grandepremio.com\/br\/wp-json\/wp\/v2\/posts\/82562\/revisions"}],"wp:featuredmedia":[{"embeddable":true,"href":"https:\/\/grandepremio.com\/br\/wp-json\/wp\/v2\/media\/1000791563"}],"wp:attachment":[{"href":"https:\/\/grandepremio.com\/br\/wp-json\/wp\/v2\/media?parent=82562"}],"wp:term":[{"taxonomy":"category","embeddable":true,"href":"https:\/\/grandepremio.com\/br\/wp-json\/wp\/v2\/categories?post=82562"},{"taxonomy":"post_tag","embeddable":true,"href":"https:\/\/grandepremio.com\/br\/wp-json\/wp\/v2\/tags?post=82562"},{"taxonomy":"42wp_author","embeddable":true,"href":"https:\/\/grandepremio.com\/br\/wp-json\/wp\/v2\/42wp_author?post=82562"}],"curies":[{"name":"wp","href":"https:\/\/api.w.org\/{rel}","templated":true}]}}