{"id":82576,"date":"2024-04-04T00:49:46","date_gmt":"2024-04-04T03:49:46","guid":{"rendered":"https:\/\/grandepremio.com\/br\/noticias\/ferrari-destaca-melhora-volta-unica-grande-passo-leitura-desgaste-pneus\/"},"modified":"2024-04-04T01:39:47","modified_gmt":"2024-04-04T04:39:47","slug":"ferrari-destaca-melhora-volta-unica-grande-passo-leitura-desgaste-pneus","status":"publish","type":"post","link":"https:\/\/grandepremio.com\/br\/f1\/ferrari-destaca-melhora-volta-unica-grande-passo-leitura-desgaste-pneus\/","title":{"rendered":"Ferrari destaca melhora em volta \u00fanica e &#8220;grande passo&#8221; em leitura de desgaste de pneus"},"content":{"rendered":"\n<p class=\"wp-block-paragraph\">Vencedora da \u00faltima corrida da <strong>temporada 2024 <\/strong>da <strong>F\u00f3rmula 1<\/strong> realizada at\u00e9 ent\u00e3o, a <strong>Ferrari<\/strong> deixou a <strong>Austr\u00e1lia <\/strong><a href=\"https:\/\/www.grandepremio.com\/br\/f1\/noticias\/chefe-ferrari-ve-sf-24-mais-facil-para-pilotos-temos-carro-mais-previsivel\/\">relativamente satisfeita<\/a> com uma quest\u00e3o que a atormentou em muitos momentos no ano passado: o desgaste dos pneus. O chefe, <strong>Fr\u00e9d\u00e9ric Vasseur<\/strong>, destacou que ter &#8220;uma boa leitura&#8221; do comportamento da borracha faz a equipe italiana come\u00e7ar os finais de semana mais bem preparada.<\/p>\n\n\n\n<p class=\"wp-block-paragraph\">O progresso da Ferrari no gerenciamento da borracha foi notado at\u00e9 pela rival <strong>Red Bull<\/strong>. Para o chefe dos taurinos, <strong>Christian Horner<\/strong>, este tem sido um ponto <a href=\"https:\/\/www.grandepremio.com\/br\/f1\/noticias\/red-bull-ve-ferrari-particularmente-forte-gestao-pneus-australia\/\">&#8220;particularmente forte&#8221;<\/a> do time de Maranello neste come\u00e7o de temporada.<\/p>\n\n\n\n<p class=\"wp-block-paragraph\">De fato, a Ferrari conseguiu se aproveitar da quebra de <strong>Max Verstappen<\/strong> no GP da Austr\u00e1lia e emplacou a primeira dobradinha desde 2022, no Bahrein, com <strong>Carlos Sainz<\/strong> recebendo a bandeirada em primeiro, \u00e0 frente de <strong>Charles Leclerc<\/strong>. Durante toda a prova, o espanhol conseguiu imprimir um ritmo forte e n\u00e3o deu chance aos demais advers\u00e1rios.<\/p>\n\n\n\n<p class=\"wp-block-paragraph\">Vasseur citou \u00e0 imprensa ainda em Melbourne o quanto come\u00e7ar as atividades do fim de semana tendo tal controle \u00e9 crucial na busca para alcan\u00e7ar a Red Bull. &#8220;Estamos prontos para o fim de semana, mas quando se tem pequenos problemas ou quest\u00f5es de confiabilidade, ou n\u00e3o se tem um fim de semana limpo, perde-se tempo. E voc\u00ea n\u00e3o pode perder uma volta quando est\u00e1 perseguindo a Red Bull.&#8221;<\/p>\n\n\n\n<p class=\"wp-block-paragraph\">Em seguida, o franc\u00eas ressaltou que o desempenho do RB20 n\u00e3o \u00e9 algo que o preocupa. &#8220;N\u00e3o estou nem um pouco focado no desempenho da Red Bull, estou focado no desempenho do nosso carro.&#8221;<\/p>\n\n\n\n<figure class=\"wp-block-image size-large\"><img decoding=\"async\" src=\"https:\/\/www.grandepremio.com\/br\/wp-content\/uploads\/2024\/03\/australia-2024-f1-classificacao-ferrari-charles-leclerc-afp-03-1024x683.jpg\" alt=\"\" class=\"wp-image-791778\"\/><figcaption class=\"wp-element-caption\">Ferrari est\u00e1 satisfeita com progresso no controle do desgaste de pneus (Foto: AFP)<\/figcaption><\/figure>\n\n\n\n<p class=\"wp-block-paragraph\">&#8220;Demos um grande passo adiante, talvez em volta \u00fanica, \u00e9 verdade, mas n\u00e3o est\u00e1vamos em lugar nenhum no ano passado em ritmo de volta \u00fanica&#8221;, acrescentou.<\/p>\n\n\n\n<p class=\"wp-block-paragraph\">&#8220;Mas demos um grande passo, acredito que mais na consist\u00eancia entre os dois compostos. Entre um stint e outro, o carro fica muito mais f\u00e1cil de pilotar, muito mais f\u00e1cil de ser entendido tamb\u00e9m pelos pilotos e muito mais f\u00e1cil de desenvolver. \u00c9 provavelmente o maior avan\u00e7o que demos em compara\u00e7\u00e3o com o ano passado, algo que possamos ao menos ter uma boa leitura do carro bem no come\u00e7o do fim de semana&#8221;, concluiu Vasseur.<\/p>\n\n\n\n<p class=\"wp-block-paragraph\">O\u00a0<strong>GRANDE PR\u00caMIO<\/strong>\u00a0acompanha\u00a0<strong><a href=\"https:\/\/www.grandepremio.com\/br\/ao-vivo\/f1\/\" target=\"_blank\" rel=\"noreferrer noopener\">AO VIVO e EM\u00a0<\/a><a href=\"https:\/\/www.grandepremio.com\/br\/ao-vivo\/\" target=\"_blank\" rel=\"noreferrer noopener\">TEMPO REAL<\/a><\/strong>\u00a0todas as atividades do\u00a0<strong>GP do Jap\u00e3o, em Suzuka<\/strong>, e transmite classifica\u00e7\u00e3o e corrida em segunda tela, em parceria com a Voz do Esporte, na\u00a0<strong><a href=\"https:\/\/www.youtube.com\/c\/GrandePremioTV\/streams\" target=\"_blank\" rel=\"noreferrer noopener\">GPTV, o canal do GP no Youtube<\/a><\/strong>. Al\u00e9m disso, debate tudo que aconteceu na pista com o\u00a0<strong>Briefing<\/strong>\u00a0ap\u00f3s segundo treino livre e classifica\u00e7\u00e3o, al\u00e9m de antes e depois da corrida. O\u00a0<strong>treino livre 1<\/strong>\u00a0est\u00e1 marcado para as 23h30 da quinta-feira (hor\u00e1rio de Bras\u00edlia, GMT-3), seguido pelo\u00a0<strong>TL2<\/strong>\u00a0\u00e0s 3h da sexta-feira; ainda na noite da sexta-feira, vem o\u00a0<strong>TL3<\/strong>, marcado para \u00e0s 23h30, seguido pela\u00a0<strong>classifica\u00e7\u00e3o<\/strong>, \u00e0s 3h do s\u00e1bado; no\u00a0<strong>domingo, a largada<\/strong>\u00a0est\u00e1 marcada tamb\u00e9m para as 2h.<\/p>\n\n\n\n<p class=\"wp-block-paragraph\"><strong><img decoding=\"async\" src=\"https:\/\/s.w.org\/images\/core\/emoji\/14.0.0\/svg\/25b6.svg\" alt=\"\u25b6\ufe0f\" style=\"width: 20px;\">\u00a0Inscreva-se nos dois canais do GRANDE PR\u00caMIO no YouTube:\u00a0<a href=\"https:\/\/www.youtube.com\/channel\/UC9OlHEgxoaY6QY6nWPoiqQg?sub_confirmation=1\" target=\"_blank\" rel=\"noreferrer noopener\">GP<\/a>\u00a0|\u00a0<a href=\"https:\/\/www.youtube.com\/channel\/UC9csiS6q_C3C0FYhyr1rnFA?sub_confirmation=1\" target=\"_blank\" rel=\"noreferrer noopener\">GP2<\/a><\/strong><br><strong><img decoding=\"async\" src=\"https:\/\/s.w.org\/images\/core\/emoji\/14.0.0\/svg\/25b6.svg\" alt=\"\u25b6\ufe0f\" style=\"width: 20px;\">\u00a0<a href=\"https:\/\/www.twitch.tv\/grandepremio\" target=\"_blank\" rel=\"noreferrer noopener\">Conhe\u00e7a o canal do GRANDE PR\u00caMIO na Twitch clicando aqui!<\/a><\/strong><\/p>\n\n\n\n<figure class=\"wp-block-embed is-type-video is-provider-youtube wp-block-embed-youtube wp-embed-aspect-16-9 wp-has-aspect-ratio\"><div class=\"wp-block-embed__wrapper\">\n<iframe loading=\"lazy\" title=\"TERROR! F1 2024 pega AMEA\u00c7A DE TSUNAMI no Jap\u00e3o + Hamilton QUER se APOSENTAR? | TTGP #130\" width=\"500\" height=\"281\" src=\"https:\/\/www.youtube.com\/embed\/I0T0IW3VtJ4?feature=oembed\" frameborder=\"0\" allow=\"accelerometer; autoplay; clipboard-write; encrypted-media; gyroscope; picture-in-picture; web-share\" referrerpolicy=\"strict-origin-when-cross-origin\" allowfullscreen><\/iframe>\n<\/div><\/figure>\n","protected":false},"excerpt":{"rendered":"<p>Fr\u00e9d\u00e9ric Vasseur, chefe da Ferrari, afirmou que \u00e9 bom come\u00e7ar o final de semana tendo ao menos uma boa leitura do comportamento do carro, algo que n\u00e3o acontecia no ano passado<\/p>\n","protected":false},"author":0,"featured_media":1000792754,"comment_status":"closed","ping_status":"closed","sticky":false,"template":"","format":"standard","meta":{"42wp_featured_image_caption":"","42wp_featured_image_credits":"","42wp_featured_video":"","42wp_featured_image_hidden":false,"42wp_authors_list":[],"footnotes":""},"categories":[2],"tags":[26271,5273,147,3230,207,180,30909,1322,3023,1491,28285,30840,24855,38979,32659,35129,608,38980,32660,33301],"42wp_author":[47147],"class_list":["post-82576","post","type-post","status-publish","format-standard","has-post-thumbnail","hentry","category-f1","tag-calendario-f1","tag-classificacao-f1","tag-f1","tag-f1-2024","tag-ferrari","tag-formula-1","tag-formula-1-2024","tag-frederic-vasseur","tag-gp-do-japao","tag-grande-premio","tag-grandepremio","tag-horarios-f1","tag-japao","tag-japao-2024","tag-japao-f1","tag-onde-assistir-f1","tag-suzuka","tag-suzuka-2024","tag-suzuka-f1","tag-temporada-2024-f1","42wp_author-luana-marino"],"_links":{"self":[{"href":"https:\/\/grandepremio.com\/br\/wp-json\/wp\/v2\/posts\/82576","targetHints":{"allow":["GET"]}}],"collection":[{"href":"https:\/\/grandepremio.com\/br\/wp-json\/wp\/v2\/posts"}],"about":[{"href":"https:\/\/grandepremio.com\/br\/wp-json\/wp\/v2\/types\/post"}],"replies":[{"embeddable":true,"href":"https:\/\/grandepremio.com\/br\/wp-json\/wp\/v2\/comments?post=82576"}],"version-history":[{"count":0,"href":"https:\/\/grandepremio.com\/br\/wp-json\/wp\/v2\/posts\/82576\/revisions"}],"wp:featuredmedia":[{"embeddable":true,"href":"https:\/\/grandepremio.com\/br\/wp-json\/wp\/v2\/media\/1000792754"}],"wp:attachment":[{"href":"https:\/\/grandepremio.com\/br\/wp-json\/wp\/v2\/media?parent=82576"}],"wp:term":[{"taxonomy":"category","embeddable":true,"href":"https:\/\/grandepremio.com\/br\/wp-json\/wp\/v2\/categories?post=82576"},{"taxonomy":"post_tag","embeddable":true,"href":"https:\/\/grandepremio.com\/br\/wp-json\/wp\/v2\/tags?post=82576"},{"taxonomy":"42wp_author","embeddable":true,"href":"https:\/\/grandepremio.com\/br\/wp-json\/wp\/v2\/42wp_author?post=82576"}],"curies":[{"name":"wp","href":"https:\/\/api.w.org\/{rel}","templated":true}]}}