{"id":82612,"date":"2024-04-03T10:01:00","date_gmt":"2024-04-03T13:01:00","guid":{"rendered":"https:\/\/grandepremio.com\/br\/noticias\/toto-wolff-ninguem-se-importa-michael-masi-dispara-egomaniaco-patologico\/"},"modified":"2024-04-03T13:32:51","modified_gmt":"2024-04-03T16:32:51","slug":"toto-wolff-ninguem-se-importa-michael-masi-dispara-egomaniaco-patologico","status":"publish","type":"post","link":"https:\/\/grandepremio.com\/br\/f1\/toto-wolff-ninguem-se-importa-michael-masi-dispara-egomaniaco-patologico\/","title":{"rendered":"Wolff diz que &#8220;ningu\u00e9m se importa&#8221; com Masi e dispara: &#8220;Egoman\u00edaco patol\u00f3gico&#8221;"},"content":{"rendered":"\n<p class=\"wp-block-paragraph\">Depois de <strong>Lewis Hamilton<\/strong> admitir \u00e0 revista <em>GQ<\/em> que se sente <a href=\"https:\/\/www.grandepremio.com\/br\/f1\/noticias\/lewis-hamilton-diz-foi-roubado-decisao-f1-2021-mas-pontua-estou-paz\/\" target=\"_blank\" rel=\"noreferrer noopener\">&#8220;roubado&#8221; pela perda do t\u00edtulo de 2021<\/a>, em um final de corrida absolutamente controverso em <strong>Abu Dhabi<\/strong>, um trecho de <strong>Toto Wolff <\/strong>no livro &#8216;The Formula&#8217;, publicado em 2024 por Jonathan Clegg e Joshua Robinson, veio \u00e0 tona com algumas declara\u00e7\u00f5es fortes do chefe da <strong>Mercedes<\/strong> sobre <strong>Michael<\/strong> <strong>Masi<\/strong> \u2014 diretor de prova da <strong>F\u00f3rmula 1<\/strong> naquela temporada.<\/p>\n\n\n\n<p class=\"wp-block-paragraph\">Wolff, que se referiu a Masi como &#8220;aquele indiv\u00edduo&#8221;, acusou o australiano de n\u00e3o ter seguido as regras e o chamou de &#8220;egoman\u00edaco patol\u00f3gico&#8221;. A egomania \u00e9 caracterizada por del\u00edrios de grandeza e uma preocupa\u00e7\u00e3o obsessiva por si mesmo. Al\u00e9m disso, o austr\u00edaco disse que &#8220;ningu\u00e9m est\u00e1 interessado&#8221; no ex-diretor.<\/p>\n\n\n\n<p class=\"wp-block-paragraph\">&#8220;Quando penso nisso novamente, [acho] t\u00e3o injusto o que aconteceu com Lewis [Hamilton] e a equipe naquele dia&#8221;, disse Wolff. &#8220;E aquele indiv\u00edduo n\u00e3o seguiu as regras. Simplesmente deixou tudo acontecer&#8221;, criticou.<\/p>\n\n\n\n<p class=\"wp-block-paragraph\">&#8220;Ele \u00e9 uma pessoa totalmente sem import\u00e2ncia: vive no outro lado do mundo e ningu\u00e9m est\u00e1 interessado nele. Era realmente um egoman\u00edano totalmente patol\u00f3gico&#8221;, disparou.<\/p>\n\n\n\n<figure class=\"wp-block-image size-large\"><img decoding=\"async\" src=\"https:\/\/www.grandepremio.com\/br\/wp-content\/uploads\/2022\/01\/GPF1-1-1024x682.jpg\" alt=\"\" class=\"wp-image-571598\"\/><figcaption class=\"wp-element-caption\">Masi foi retirado do cargo de diretor de prova depois da pol\u00eamica e deixou a FIA em 2022 (Foto: FIA)<\/figcaption><\/figure>\n\n\n\n<p class=\"wp-block-paragraph\">Apesar da revolta com o resultado e os erros de Masi, Wolff reconheceu que o GP de Abu Dhabi de 2021 ser\u00e1 lembrado para sempre como uma das corridas mais dram\u00e1ticas da hist\u00f3ria da F\u00f3rmula 1.<\/p>\n\n\n\n<p class=\"wp-block-paragraph\">&#8220;Tivemos drama e gl\u00f3ria&#8221;, admitiu. &#8220;\u00c9 isso que faz o esporte ser t\u00e3o irresist\u00edvel. Todos viram o drama de um octacampe\u00e3o do mundo [Hamilton venceu sete campeonatos] ser roubado de seu t\u00edtulo. Eu preferia ver um final diferente, mas a corrida inegavelmente deixou sua marca na hist\u00f3ria&#8221;, finalizou.<\/p>\n\n\n\n<p class=\"wp-block-paragraph\">A pr\u00f3xima etapa da&nbsp;<a href=\"https:\/\/www.grandepremio.com\/br\/f1\/\" target=\"_blank\" rel=\"noreferrer noopener\">F\u00f3rmula 1<\/a>&nbsp;acontece neste fim de semana, entre os dias 5 e 7 de abril, com o&nbsp;<strong>GP do Jap\u00e3o<\/strong>, quarta rodada da temporada 2024. O&nbsp;<strong>GRANDE PR\u00caMIO&nbsp;<\/strong>faz a cobertura completa do evento.<\/p>\n\n\n\n<p class=\"wp-block-paragraph\"><strong><img decoding=\"async\" style=\"width: 20px;\" src=\"https:\/\/s.w.org\/images\/core\/emoji\/14.0.0\/svg\/25b6.svg\" alt=\"\u25b6\ufe0f\">&nbsp;Inscreva-se nos dois canais do GRANDE PR\u00caMIO no YouTube:&nbsp;<a href=\"https:\/\/www.youtube.com\/channel\/UC9OlHEgxoaY6QY6nWPoiqQg?sub_confirmation=1\" target=\"_blank\" rel=\"noreferrer noopener\">GP<\/a>&nbsp;|&nbsp;<a href=\"https:\/\/www.youtube.com\/channel\/UC9csiS6q_C3C0FYhyr1rnFA?sub_confirmation=1\" target=\"_blank\" rel=\"noreferrer noopener\">GP2<\/a><\/strong><br><strong><img decoding=\"async\" style=\"width: 20px;\" src=\"https:\/\/s.w.org\/images\/core\/emoji\/14.0.0\/svg\/25b6.svg\" alt=\"\u25b6\ufe0f\">&nbsp;<a href=\"https:\/\/www.twitch.tv\/grandepremio\" target=\"_blank\" rel=\"noreferrer noopener\">Conhe\u00e7a o canal do GRANDE PR\u00caMIO na Twitch clicando aqui!<\/a><\/strong><\/p>\n\n\n\n<figure class=\"wp-block-embed is-type-video is-provider-youtube wp-block-embed-youtube wp-embed-aspect-16-9 wp-has-aspect-ratio\"><div class=\"wp-block-embed__wrapper\">\n<iframe loading=\"lazy\" title=\"Mercedes N\u00c3O PODE se prender a Verstappen e TEM DE SE MEXER para substituir Hamilton | GP \u00e0s 10\u200c\" width=\"500\" height=\"281\" src=\"https:\/\/www.youtube.com\/embed\/BeJERDFEUrg?feature=oembed\" frameborder=\"0\" allow=\"accelerometer; autoplay; clipboard-write; encrypted-media; gyroscope; picture-in-picture; web-share\" referrerpolicy=\"strict-origin-when-cross-origin\" allowfullscreen><\/iframe>\n<\/div><\/figure>\n","protected":false},"excerpt":{"rendered":"<p>Chefe da Mercedes, Toto Wolff voltou a mostrar revolta com as decis\u00f5es de Michael Masi no encerramento da temporada de 2021 e disparou uma s\u00e9rie de cr\u00edticas ao ex-diretor de prova, a quem classificou como &#8220;egoman\u00edaco patol\u00f3gico&#8221; e &#8220;pessoa sem import\u00e2ncia&#8221;<\/p>\n","protected":false},"author":0,"featured_media":1000749849,"comment_status":"closed","ping_status":"closed","sticky":false,"template":"","format":"standard","meta":{"42wp_featured_image_caption":"","42wp_featured_image_credits":"","42wp_featured_video":"","42wp_featured_image_hidden":false,"42wp_authors_list":[],"footnotes":""},"categories":[2],"tags":[3230,642,3023,1491,32667,87,82,1385,608,150],"42wp_author":[47142],"class_list":["post-82612","post","type-post","status-publish","format-standard","has-post-thumbnail","hentry","category-f1","tag-f1-2024","tag-f1-ao-vivo","tag-gp-do-japao","tag-grande-premio","tag-grandepremio-f1","tag-lewis-hamilton","tag-mercedes","tag-michael-masi","tag-suzuka","tag-toto-wolff","42wp_author-jp-nascimento"],"_links":{"self":[{"href":"https:\/\/grandepremio.com\/br\/wp-json\/wp\/v2\/posts\/82612","targetHints":{"allow":["GET"]}}],"collection":[{"href":"https:\/\/grandepremio.com\/br\/wp-json\/wp\/v2\/posts"}],"about":[{"href":"https:\/\/grandepremio.com\/br\/wp-json\/wp\/v2\/types\/post"}],"replies":[{"embeddable":true,"href":"https:\/\/grandepremio.com\/br\/wp-json\/wp\/v2\/comments?post=82612"}],"version-history":[{"count":0,"href":"https:\/\/grandepremio.com\/br\/wp-json\/wp\/v2\/posts\/82612\/revisions"}],"wp:featuredmedia":[{"embeddable":true,"href":"https:\/\/grandepremio.com\/br\/wp-json\/wp\/v2\/media\/1000749849"}],"wp:attachment":[{"href":"https:\/\/grandepremio.com\/br\/wp-json\/wp\/v2\/media?parent=82612"}],"wp:term":[{"taxonomy":"category","embeddable":true,"href":"https:\/\/grandepremio.com\/br\/wp-json\/wp\/v2\/categories?post=82612"},{"taxonomy":"post_tag","embeddable":true,"href":"https:\/\/grandepremio.com\/br\/wp-json\/wp\/v2\/tags?post=82612"},{"taxonomy":"42wp_author","embeddable":true,"href":"https:\/\/grandepremio.com\/br\/wp-json\/wp\/v2\/42wp_author?post=82612"}],"curies":[{"name":"wp","href":"https:\/\/api.w.org\/{rel}","templated":true}]}}