{"id":82622,"date":"2024-04-03T09:17:57","date_gmt":"2024-04-03T12:17:57","guid":{"rendered":"https:\/\/grandepremio.com\/br\/noticias\/porsche-analisa-mudanca-dupla-formula-e-teste-privado-nico-muller-almeria\/"},"modified":"2024-04-03T10:08:54","modified_gmt":"2024-04-03T13:08:54","slug":"porsche-analisa-mudanca-dupla-formula-e-teste-privado-nico-muller-almeria","status":"publish","type":"post","link":"https:\/\/grandepremio.com\/br\/formula-e\/porsche-analisa-mudanca-dupla-formula-e-teste-privado-nico-muller-almeria\/","title":{"rendered":"Porsche analisa mudan\u00e7a de dupla na F\u00f3rmula E e faz teste privado com M\u00fcller em Almer\u00eda"},"content":{"rendered":"\n<p class=\"wp-block-paragraph\">Depois de um in\u00edcio complicado de temporada de <strong>Ant\u00f3nio<\/strong> <strong>F\u00e9lix<\/strong> <strong>da<\/strong> <strong>Costa<\/strong>, que voltou a pontuar nas duas \u00faltimas corridas da<strong> F\u00f3rmula E<\/strong>, a <strong>Porsche <\/strong>pode estar pensando em uma mudan\u00e7a em sua dupla para o futuro. De acordo com o portal ingl\u00eas <em>The Race<\/em>, a equipe alem\u00e3 realizou um teste em <strong>Almer\u00eda<\/strong>, entre os ePs de <strong><a href=\"https:\/\/www.youtube.com\/watch?v=k5ammaOFxbg\" target=\"_blank\" rel=\"noreferrer noopener\">Diriyah<\/a><\/strong> e <strong><a href=\"https:\/\/www.youtube.com\/watch?v=XFY6OaAE-zg\" target=\"_blank\" rel=\"noreferrer noopener\">S\u00e3o Paulo<\/a><\/strong>, com o su\u00ed\u00e7o <strong>Nico<\/strong> <strong>M\u00fcller<\/strong> no comando do carro.<\/p>\n\n\n\n<p class=\"wp-block-paragraph\">O piloto, que defende a <strong>Abt Cupra<\/strong>, ter\u00e1 caminho livre para escolher seu destino ao fim da temporada e somou os primeiros pontos do time alem\u00e3o no <strong><a href=\"https:\/\/youtu.be\/FLMLjZyTeZ8\" target=\"_blank\" rel=\"noreferrer noopener\">eP de T\u00f3quio<\/a><\/strong>, com o <strong>s\u00e9timo<\/strong> <strong>lugar<\/strong>. Desde o <strong>eP de Roma<\/strong> do ano passado, M\u00fcller foi respons\u00e1vel por conquistar todos os tentos da escuderia no campeonato.<\/p>\n\n\n\n<p class=\"wp-block-paragraph\">Chefe da Porsche, <strong>Florian Modlinger <\/strong>admitiu a realiza\u00e7\u00e3o da atividade, mas n\u00e3o quis confirmar os nomes testados pela Porsche em Almer\u00eda. As sess\u00f5es foram realizadas com foco nas mudan\u00e7as para a pr\u00f3xima temporada, que ter\u00e1 a introdu\u00e7\u00e3o do <strong>Gen3.5<\/strong>.<\/p>\n\n\n\n<p class=\"wp-block-paragraph\">&#8220;Fizemos testes em Almer\u00eda, e nossos dois pilotos titulares [Wehrlein e Da Costa] estavam l\u00e1&#8221;, afirmou ao <em>The Race<\/em>. &#8220;Al\u00e9m disso, como um processo padr\u00e3o na Porsche, estamos testando outros pilotos para avali\u00e1-los para o futuro. Mas n\u00e3o vamos dizer neste momento quais pilotos testamos. J\u00e1 estamos nos preparando para o per\u00edodo do Gen3.5&#8221;, completou.<\/p>\n\n\n\n<figure class=\"wp-block-image size-large\"><img decoding=\"async\" src=\"https:\/\/www.grandepremio.com\/br\/wp-content\/uploads\/2024\/03\/GIvkXnfXwAAMRb1-1024x576.jpeg\" alt=\"\" class=\"wp-image-788798\"\/><figcaption class=\"wp-element-caption\">M\u00fcller foi s\u00e9timo em T\u00f3quio e conseguiu os primeiros pontos da Abt Cupra em 2024 (Foto: Abt Cupra)<\/figcaption><\/figure>\n\n\n\n<p class=\"wp-block-paragraph\">A Abt Cupra, por sua vez, preferiu n\u00e3o comentar o teste de M\u00fcller, um velho conhecido de Modlinger \u2014 j\u00e1 que os dois trabalharam juntos por algumas temporadas no DTM. Vale destacar que Nico defende a <strong>Peugeot <\/strong>no WEC, enquanto a Porsche corre com dois pilotos focados exclusivamente na F\u00f3rmula E. Da Costa, inclusive, precisou abandonar o programa duplo para a temporada atual.<\/p>\n\n\n\n<p class=\"wp-block-paragraph\">Wehrlein, piloto da equipe alem\u00e3 desde 2021, brigou pelo t\u00edtulo no ano passado e chegou a liderar boa parte do campeonato. Este ano, o alem\u00e3o venceu na <strong>Cidade do M\u00e9xico <\/strong>e retomou a ponta da classifica\u00e7\u00e3o em T\u00f3quio, com uma vantagem de <strong>43 pontos <\/strong>para Da Costa. Sua vaga para o ano que vem est\u00e1 segura, mas o mesmo n\u00e3o pode ser dito de Ant\u00f3nio.<\/p>\n\n\n\n<p class=\"wp-block-paragraph\">O portugu\u00eas encara um in\u00edcio dif\u00edcil na Porsche, com um ano de adapta\u00e7\u00e3o em 2023 que at\u00e9 trouxe uma vit\u00f3ria \u2014 na <strong>Cidade do Cabo<\/strong> \u2014, mas novamente um come\u00e7o dif\u00edcil em 2024. O portugu\u00eas n\u00e3o pontuou em nenhuma das tr\u00eas primeiras corridas, voltando ao top-10 apenas em S\u00e3o Paulo. Em T\u00f3quio, fez grande prova, terminou \u00e0 frente de Pascal e passou perto de conseguir um segundo lugar. No entanto, foi empurrado por <strong>Oliver Rowland <\/strong>e acabou perdendo um posto, finalizando em <strong>quarto<\/strong>.<\/p>\n\n\n\n<figure class=\"wp-block-image size-large\"><img decoding=\"async\" src=\"https:\/\/www.grandepremio.com\/br\/wp-content\/uploads\/2024\/01\/EPS1002_150944SB1_3172-2048x2048-1-1024x683.jpg\" alt=\"\" class=\"wp-image-773218\"\/><figcaption class=\"wp-element-caption\">Da Costa n\u00e3o teve um bom in\u00edcio em 2024, mas j\u00e1 demonstrou sinais de recupera\u00e7\u00e3o (Foto: F\u00f3rmula E)<\/figcaption><\/figure>\n\n\n\n<p class=\"wp-block-paragraph\">Al\u00e9m disso, a marca alem\u00e3 se prepara para testar tr\u00eas novatos nas pr\u00f3ximas etapas. Piloto da Porsche no endurance, <strong>Matt Campbell <\/strong>vai representar a equipe no treino livre extra de <strong>Misano<\/strong>, ainda neste m\u00eas de abril, enquanto <strong>Thomas Preining <\/strong>\u2014 campe\u00e3o do DTM \u2014 e <strong>Dennis Hauger <\/strong>\u2014 titular da MP na F\u00f3rmula 2 \u2014 formar\u00e3o a dupla do time no teste de novatos de <strong>Berlim<\/strong>, em maio.<\/p>\n\n\n\n<p class=\"wp-block-paragraph\">Preining j\u00e1 participou de outros testes com a Porsche no passado, mas Campbell e Hauger se preparam para suas primeiras experi\u00eancias a bordo de um carro da F\u00f3rmula E.<\/p>\n\n\n\n<p class=\"wp-block-paragraph\">A pr\u00f3xima etapa da&nbsp;<a href=\"https:\/\/www.grandepremio.com\/br\/formula-e\/\" target=\"_blank\" rel=\"noreferrer noopener\">F\u00f3rmula E<\/a>&nbsp;est\u00e1 programada para acontecer entre os dias&nbsp;<strong>12 e 14 de abril<\/strong>, com a rodada dupla de estreia do&nbsp;<strong>eP de&nbsp;<a href=\"https:\/\/www.grandepremio.com\/br\/circuito\/misano\/\" target=\"_blank\" rel=\"noreferrer noopener\">Misano<\/a><\/strong>. O&nbsp;<strong>GRANDE PR\u00caMIO<\/strong>&nbsp;transmite todas as atividades de pista&nbsp;<strong>AO VIVO<\/strong>&nbsp;e&nbsp;<strong>COM<\/strong>&nbsp;<strong>IMAGENS<\/strong>&nbsp;no&nbsp;<strong>YouTube<\/strong>.<\/p>\n\n\n\n<p class=\"wp-block-paragraph\"><strong><img decoding=\"async\" style=\"width: 20px;\" src=\"https:\/\/s.w.org\/images\/core\/emoji\/14.0.0\/svg\/25b6.svg\" alt=\"\u25b6\ufe0f\">&nbsp;Inscreva-se nos dois canais do GRANDE PR\u00caMIO no YouTube:&nbsp;<a href=\"https:\/\/www.youtube.com\/channel\/UC9OlHEgxoaY6QY6nWPoiqQg?sub_confirmation=1\" target=\"_blank\" rel=\"noreferrer noopener\">GP<\/a>&nbsp;|&nbsp;<a href=\"https:\/\/www.youtube.com\/channel\/UC9csiS6q_C3C0FYhyr1rnFA?sub_confirmation=1\" target=\"_blank\" rel=\"noreferrer noopener\">GP2<\/a><\/strong><br><strong><img decoding=\"async\" style=\"width: 20px;\" src=\"https:\/\/s.w.org\/images\/core\/emoji\/14.0.0\/svg\/25b6.svg\" alt=\"\u25b6\ufe0f\">&nbsp;<a href=\"https:\/\/www.twitch.tv\/grandepremio\" target=\"_blank\" rel=\"noreferrer noopener\">Conhe\u00e7a o canal do GRANDE PR\u00caMIO na Twitch clicando aqui!<\/a><\/strong><\/p>\n\n\n\n<figure class=\"wp-block-embed is-type-video is-provider-youtube wp-block-embed-youtube wp-embed-aspect-16-9 wp-has-aspect-ratio\"><div class=\"wp-block-embed__wrapper\">\n<iframe loading=\"lazy\" title=\"F\u00d3RMULA E 2024 - eP DE T\u00d3QUIO | 5\u00aa etapa | Corrida\" width=\"500\" height=\"281\" src=\"https:\/\/www.youtube.com\/embed\/FLMLjZyTeZ8?feature=oembed\" frameborder=\"0\" allow=\"accelerometer; autoplay; clipboard-write; encrypted-media; gyroscope; picture-in-picture; web-share\" referrerpolicy=\"strict-origin-when-cross-origin\" allowfullscreen><\/iframe>\n<\/div><\/figure>\n","protected":false},"excerpt":{"rendered":"<p>A Porsche testou Nico M\u00fcller, titular da Abt Cupra, em atividade privada realizada em Almer\u00eda e com as presen\u00e7as de Pascal Wehrlein e Ant\u00f3nio F\u00e9lix da Costa. Al\u00e9m disso, equipe j\u00e1 definiu quem ser\u00e3o os pilotos no carro alem\u00e3o nos testes de novatos em Misano e Berlim<\/p>\n","protected":false},"author":0,"featured_media":1000773275,"comment_status":"closed","ping_status":"closed","sticky":false,"template":"","format":"standard","meta":{"42wp_featured_image_caption":"","42wp_featured_image_credits":"","42wp_featured_video":"","42wp_featured_image_hidden":false,"42wp_authors_list":[],"footnotes":""},"categories":[19],"tags":[25774,28679,6853,32661,379,36881,840,35967,1601,1491,30103,28285,2349,36219,1194,736],"42wp_author":[47142],"class_list":["post-82622","post","type-post","status-publish","format-standard","has-post-thumbnail","hentry","category-formula-e","tag-antonio-felix-da-costa","tag-calendario-formula-e","tag-classificacao-formula-e","tag-ep-de-toquio","tag-fe","tag-fe-2024","tag-formula-e","tag-formula-e-2024","tag-gen3","tag-grande-premio","tag-grande-premio-f1","tag-grandepremio","tag-nico-muller","tag-onde-assistir-formula-e","tag-pascal-wehrlein","tag-porsche","42wp_author-jp-nascimento"],"_links":{"self":[{"href":"https:\/\/grandepremio.com\/br\/wp-json\/wp\/v2\/posts\/82622","targetHints":{"allow":["GET"]}}],"collection":[{"href":"https:\/\/grandepremio.com\/br\/wp-json\/wp\/v2\/posts"}],"about":[{"href":"https:\/\/grandepremio.com\/br\/wp-json\/wp\/v2\/types\/post"}],"replies":[{"embeddable":true,"href":"https:\/\/grandepremio.com\/br\/wp-json\/wp\/v2\/comments?post=82622"}],"version-history":[{"count":0,"href":"https:\/\/grandepremio.com\/br\/wp-json\/wp\/v2\/posts\/82622\/revisions"}],"wp:featuredmedia":[{"embeddable":true,"href":"https:\/\/grandepremio.com\/br\/wp-json\/wp\/v2\/media\/1000773275"}],"wp:attachment":[{"href":"https:\/\/grandepremio.com\/br\/wp-json\/wp\/v2\/media?parent=82622"}],"wp:term":[{"taxonomy":"category","embeddable":true,"href":"https:\/\/grandepremio.com\/br\/wp-json\/wp\/v2\/categories?post=82622"},{"taxonomy":"post_tag","embeddable":true,"href":"https:\/\/grandepremio.com\/br\/wp-json\/wp\/v2\/tags?post=82622"},{"taxonomy":"42wp_author","embeddable":true,"href":"https:\/\/grandepremio.com\/br\/wp-json\/wp\/v2\/42wp_author?post=82622"}],"curies":[{"name":"wp","href":"https:\/\/api.w.org\/{rel}","templated":true}]}}