{"id":82734,"date":"2024-04-02T06:30:47","date_gmt":"2024-04-02T09:30:47","guid":{"rendered":"https:\/\/grandepremio.com\/br\/noticias\/max-verstappen-afasta-preocupacao-motor-red-bull-2026-nao-precisa-panico\/"},"modified":"2024-04-02T07:12:08","modified_gmt":"2024-04-02T10:12:08","slug":"max-verstappen-afasta-preocupacao-motor-red-bull-2026-nao-precisa-panico","status":"publish","type":"post","link":"https:\/\/grandepremio.com\/br\/f1\/max-verstappen-afasta-preocupacao-motor-red-bull-2026-nao-precisa-panico\/","title":{"rendered":"Verstappen afasta preocupa\u00e7\u00e3o com motor Red Bull para 2026: &#8220;N\u00e3o precisa de p\u00e2nico&#8221;"},"content":{"rendered":"\n<p class=\"wp-block-paragraph\">Considerado pe\u00e7a-chave no mercado de pilotos para o ano que vem em meio \u00e0 crise interna da <strong>Red Bull<\/strong>, <strong>Max Verstappen<\/strong> minimizou que uma poss\u00edvel incerteza na competitividade da unidade de pot\u00eancia produzida pelos taurinos para a <strong>temporada 2026 <\/strong>da <strong>F\u00f3rmula 1 <\/strong>seria motivo para faz\u00ea-lo romper o atual contrato. O neerland\u00eas afirmou estar sempre em contato com a divis\u00e3o respons\u00e1vel pela constru\u00e7\u00e3o do motor, portanto &#8220;n\u00e3o h\u00e1 necessidade de p\u00e2nico&#8221;.<\/p>\n\n\n\n<p class=\"wp-block-paragraph\">A F1 ter\u00e1 uma nova gera\u00e7\u00e3o de motores daqui a dois anos com mudan\u00e7as significativas, como a elimina\u00e7\u00e3o do sistema <strong>MGU-H<\/strong>, que tem hoje como fun\u00e7\u00e3o gerar energia el\u00e9trica a partir do calor da turbina. Em vez disso, a parte el\u00e9trica ser\u00e1 ampliada, al\u00e9m das pe\u00e7as serem preparadas para receber combust\u00edvel 100% sustent\u00e1vel.<\/p>\n\n\n\n<p class=\"wp-block-paragraph\">Para esta nova era da categoria, os taurinos e a <strong>RB<\/strong> (<strong>Visa Cash App RB<\/strong>) utilizar\u00e3o unidades de pot\u00eancia de fabrica\u00e7\u00e3o pr\u00f3pria, desenvolvidos em parceria com a <strong>Ford <\/strong>na divis\u00e3o <strong>Red Bull Powertrains<\/strong>, em Milton Keynes. Um passo que o chefe, <strong>Christian Horner<\/strong>, chamou de &#8220;o maior desafio&#8221; da equipe em 20 anos de hist\u00f3ria. <\/p>\n\n\n\n<p class=\"wp-block-paragraph\">Verstappen foi questionado pelo site Planet F1, ent\u00e3o, se uma poss\u00edvel falha do projeto o faria considerar outras op\u00e7\u00f5es no mercado. &#8220;Se eu for especular sobre tudo\u2026 estarei preocupado se vou estar vivo amanh\u00e3, n\u00e3o?&#8221;, brincou, emendando em seguida: &#8220;Portanto, realmente n\u00e3o me preocupo muito com isso.&#8221;<\/p>\n\n\n\n<figure class=\"wp-block-image size-large\"><img decoding=\"async\" src=\"https:\/\/www.grandepremio.com\/br\/wp-content\/uploads\/2024\/03\/afp-f1-2024-australia-tl3-red-bull-max-verstappen-03-1024x682.jpg\" alt=\"\" class=\"wp-image-791644\"\/><figcaption class=\"wp-element-caption\">Em parceria com a Ford, a Red Bull fabricar\u00e1 os pr\u00f3prios motores a partir de 2026 na F1 (Foto: AFP)<\/figcaption><\/figure>\n\n\n\n<p class=\"wp-block-paragraph\">&#8220;Claro que estou em contato pr\u00f3ximo com Christian e com as pessoas que trabalham l\u00e1 [no Red Bull Powertrains]. Todos est\u00e3o trabalhando a todo vapor, ent\u00e3o n\u00e3o h\u00e1 necessidade de p\u00e2nico&#8221;, acrescentou.<\/p>\n\n\n\n<p class=\"wp-block-paragraph\">Al\u00e9m das j\u00e1 estabelecidas <strong>Ferrari<\/strong>, <strong>Mercedes<\/strong>, <strong>Renault <\/strong>e <strong>Honda <\/strong>\u2014 agora em uni\u00e3o com a <strong>Aston Martin<\/strong> ap\u00f3s a vitoriosa parceria com os taurinos \u2014, a Red Bull tamb\u00e9m ter\u00e1 a companhia de outra montadora de muita tradi\u00e7\u00e3o no automobilismo: a <strong>Audi<\/strong>, que se une \u00e0 <strong>Sauber <\/strong>a partir de 2026. Ser\u00e1, portanto, o teste definitivo no ambicioso projeto do time dos energ\u00e9ticos de se consolidar de vez como construtor.<\/p>\n\n\n\n<p class=\"wp-block-paragraph\">Verstappen, ali\u00e1s, declarou que a Red Bull &#8220;n\u00e3o encara isso levianamente&#8221;, pois sabe que se trata de &#8220;uma tarefa muito grande&#8221;. &#8220;Com tantos fabricantes de motores bem estabelecidos, tamb\u00e9m n\u00e3o achamos que ser\u00e1 f\u00e1cil venc\u00ea-los. Mas temos pessoas boas trabalhando no projeto e estamos bastante animados. O tempo dir\u00e1, claro, em que posi\u00e7\u00e3o estaremos&#8221;, concluiu.<\/p>\n\n\n\n<p class=\"wp-block-paragraph\">A&nbsp;<strong><a href=\"https:\/\/www.grandepremio.com\/br\/f1\/\"><\/a><a href=\"https:\/\/www.grandepremio.com\/br\/f1\/\" target=\"_blank\" rel=\"noreferrer noopener\">F\u00f3rmula 1<\/a><\/strong>&nbsp;retorna com a temporada 2024 neste final de semana, entre os dias 5 e 7 de abril, com o&nbsp;<strong>GP do Jap\u00e3o<\/strong>, em&nbsp;<strong><a href=\"https:\/\/www.grandepremio.com\/br\/circuito\/suzuka\/\" target=\"_blank\" rel=\"noreferrer noopener\">Suzuka<\/a><\/strong>.<\/p>\n\n\n\n<p class=\"wp-block-paragraph\"><strong><img decoding=\"async\" src=\"https:\/\/s.w.org\/images\/core\/emoji\/14.0.0\/svg\/25b6.svg\" alt=\"\u25b6\ufe0f\" style=\"width: 20px;\">&nbsp;Inscreva-se nos dois canais do GRANDE PR\u00caMIO no YouTube:&nbsp;<a href=\"https:\/\/www.youtube.com\/channel\/UC9OlHEgxoaY6QY6nWPoiqQg?sub_confirmation=1\" target=\"_blank\" rel=\"noreferrer noopener\">GP<\/a>&nbsp;|&nbsp;<a href=\"https:\/\/www.youtube.com\/channel\/UC9csiS6q_C3C0FYhyr1rnFA?sub_confirmation=1\" target=\"_blank\" rel=\"noreferrer noopener\">GP2<\/a><\/strong><br><strong><img decoding=\"async\" src=\"https:\/\/s.w.org\/images\/core\/emoji\/14.0.0\/svg\/25b6.svg\" alt=\"\u25b6\ufe0f\" style=\"width: 20px;\">&nbsp;<a href=\"https:\/\/www.twitch.tv\/grandepremio\" target=\"_blank\" rel=\"noreferrer noopener\">Conhe\u00e7a o canal do GRANDE PR\u00caMIO na Twitch clicando aqui!<\/a><\/strong><\/p>\n\n\n\n<figure class=\"wp-block-embed is-type-video is-provider-youtube wp-block-embed-youtube wp-embed-aspect-16-9 wp-has-aspect-ratio\"><div class=\"wp-block-embed__wrapper\">\n<iframe loading=\"lazy\" title=\"QUEM VAI SUBSTITUIR HAMILTON na MERCEDES? + F1 e MOTOGP JUNTAS? +GP do JAP\u00c3O  | Paddock GP #365\" width=\"500\" height=\"281\" src=\"https:\/\/www.youtube.com\/embed\/qN5Iuwvn5sk?feature=oembed\" frameborder=\"0\" allow=\"accelerometer; autoplay; clipboard-write; encrypted-media; gyroscope; picture-in-picture; web-share\" referrerpolicy=\"strict-origin-when-cross-origin\" allowfullscreen><\/iframe>\n<\/div><\/figure>\n","protected":false},"excerpt":{"rendered":"<p>Max Verstappen garantiu ainda que a Red Bull sabe o tamanho do desafio que tem pela frente com a produ\u00e7\u00e3o da unidade de pot\u00eancia, portanto &#8220;n\u00e3o encara levianamente&#8221;<\/p>\n","protected":false},"author":0,"featured_media":1000785147,"comment_status":"closed","ping_status":"closed","sticky":false,"template":"","format":"standard","meta":{"42wp_featured_image_caption":"","42wp_featured_image_credits":"","42wp_featured_video":"","42wp_featured_image_hidden":false,"42wp_authors_list":[],"footnotes":""},"categories":[2],"tags":[26271,5273,147,3230,180,30909,3023,1491,28285,30840,24855,38979,32659,203,35129,204,608,38980,32660,33301],"42wp_author":[47147],"class_list":["post-82734","post","type-post","status-publish","format-standard","has-post-thumbnail","hentry","category-f1","tag-calendario-f1","tag-classificacao-f1","tag-f1","tag-f1-2024","tag-formula-1","tag-formula-1-2024","tag-gp-do-japao","tag-grande-premio","tag-grandepremio","tag-horarios-f1","tag-japao","tag-japao-2024","tag-japao-f1","tag-max-verstappen","tag-onde-assistir-f1","tag-red-bull","tag-suzuka","tag-suzuka-2024","tag-suzuka-f1","tag-temporada-2024-f1","42wp_author-luana-marino"],"_links":{"self":[{"href":"https:\/\/grandepremio.com\/br\/wp-json\/wp\/v2\/posts\/82734","targetHints":{"allow":["GET"]}}],"collection":[{"href":"https:\/\/grandepremio.com\/br\/wp-json\/wp\/v2\/posts"}],"about":[{"href":"https:\/\/grandepremio.com\/br\/wp-json\/wp\/v2\/types\/post"}],"replies":[{"embeddable":true,"href":"https:\/\/grandepremio.com\/br\/wp-json\/wp\/v2\/comments?post=82734"}],"version-history":[{"count":0,"href":"https:\/\/grandepremio.com\/br\/wp-json\/wp\/v2\/posts\/82734\/revisions"}],"wp:featuredmedia":[{"embeddable":true,"href":"https:\/\/grandepremio.com\/br\/wp-json\/wp\/v2\/media\/1000785147"}],"wp:attachment":[{"href":"https:\/\/grandepremio.com\/br\/wp-json\/wp\/v2\/media?parent=82734"}],"wp:term":[{"taxonomy":"category","embeddable":true,"href":"https:\/\/grandepremio.com\/br\/wp-json\/wp\/v2\/categories?post=82734"},{"taxonomy":"post_tag","embeddable":true,"href":"https:\/\/grandepremio.com\/br\/wp-json\/wp\/v2\/tags?post=82734"},{"taxonomy":"42wp_author","embeddable":true,"href":"https:\/\/grandepremio.com\/br\/wp-json\/wp\/v2\/42wp_author?post=82734"}],"curies":[{"name":"wp","href":"https:\/\/api.w.org\/{rel}","templated":true}]}}