{"id":82767,"date":"2024-04-01T13:52:11","date_gmt":"2024-04-01T16:52:11","guid":{"rendered":"https:\/\/grandepremio.com\/br\/noticias\/5-coisas-que-aprendemos-ep-de-toquio-5a-etapa-formula-e-2023-24\/"},"modified":"2024-04-01T13:57:32","modified_gmt":"2024-04-01T16:57:32","slug":"5-coisas-que-aprendemos-ep-de-toquio-5a-etapa-formula-e-2023-24","status":"publish","type":"post","link":"https:\/\/grandepremio.com\/br\/formula-e\/5-coisas-que-aprendemos-ep-de-toquio-5a-etapa-formula-e-2023-24\/","title":{"rendered":"5 coisas que aprendemos no eP de T\u00f3quio, 5\u00aa etapa da F\u00f3rmula E 2024"},"content":{"rendered":"\n<p class=\"wp-block-paragraph\">Depois de dez anos, a <strong>F\u00f3rmula E<\/strong> finalmente estreou em <strong>T\u00f3quio <\/strong>no \u00faltimo fim de semana e proporcionou <a href=\"https:\/\/youtu.be\/FLMLjZyTeZ8\" target=\"_blank\" rel=\"noreferrer noopener\">uma corrida animada<\/a>, com uma batalha estrat\u00e9gica pela vit\u00f3ria e muita festa da torcida japonesa nas arquibancadas. No fim, <strong>Maximilian G\u00fcnther <\/strong>jogou um balde de \u00e1gua fria nos locais, que torciam pela vit\u00f3ria da <strong>Nissan<\/strong>, e passou <strong>Oliver<\/strong> <strong>Rowland <\/strong>no fim para garantir o segundo triunfo da hist\u00f3ria da <strong>Maserati<\/strong>.<\/p>\n\n\n\n<p class=\"wp-block-paragraph\"><strong>Jake Dennis <\/strong>completou o p\u00f3dio com a <strong>Andretti <\/strong>depois de largar em quinto, aproveitando uma tentativa de ultrapassagem frustrada de <strong>Ant\u00f3nio F\u00e9lix da Costa<\/strong> sobre Rowland \u2014 <a href=\"https:\/\/www.grandepremio.com\/br\/formula-e\/noticias\/antonio-felix-da-costa-culpa-oliver-rowland-perda-podio-japao-defendeu-forma-suja\/\" target=\"_blank\" rel=\"noreferrer noopener\">que quase jogou o rival no muro<\/a>. O portugu\u00eas da <strong>Porsche <\/strong>ficou mesmo em quarto, um posto \u00e0 frente do companheiro <strong>Pascal Wehrlein<\/strong>, <a href=\"https:\/\/www.grandepremio.com\/br\/formula-e\/noticias\/pascal-wehrlein-recupera-lideranca-formula-e-recurso-norman-nato-confira-classificacao\/\" target=\"_blank\" rel=\"noreferrer noopener\">que retomou a lideran\u00e7a do campeonato<\/a>.<\/p>\n\n\n\n<p class=\"wp-block-paragraph\"><strong>Norman Nato <\/strong>viveu uma prova de altos e baixos ap\u00f3s ser punido <a href=\"https:\/\/www.grandepremio.com\/br\/formula-e\/noticias\/formula-e-retira-punicao-norman-nato-muda-resultado-toquio-sergio-sette-camara-10o\/\" target=\"_blank\" rel=\"noreferrer noopener\">e ter a penalidade revista<\/a>, mas executou uma boa estrat\u00e9gia e saiu de 11\u00ba para sexto. <strong>Nico M\u00fcller<\/strong>, o s\u00e9timo, conseguiu os primeiros pontos da <strong>Abt Cupra <\/strong>na temporada e comprovou a evolu\u00e7\u00e3o do trem de for\u00e7a <strong>Mahindra<\/strong>, enquanto <strong>Nick Cassidy <\/strong>precisou se recuperar ap\u00f3s uma desclassifica\u00e7\u00e3o na fase de grupos e saltou de 19\u00ba para oitavo.<\/p>\n\n\n\n<p class=\"wp-block-paragraph\"><strong>Robin Frijns<\/strong>, que se envolveu na pol\u00eamica batida com Nato, foi o nono, enquanto <strong>S\u00e9rgio Sette C\u00e2mara <\/strong>finalizou em d\u00e9cimo e garantiu mais um ponto para a combalida <strong>ERT<\/strong>. Vale, ainda, uma men\u00e7\u00e3o honrosa para <strong>Edoardo Mortara<\/strong>, que se manteve entre os primeiros colocados com a Mahindra durante toda a prova e acabou desclassificado por exceder o limite permitido de energia.<\/p>\n\n\n\n<p class=\"wp-block-paragraph\">Diante deste cen\u00e1rio, o <strong>GRANDE PR\u00caMIO <\/strong>aponta cinco coisas que aprendemos na quinta corrida da temporada da F\u00f3rmula E em 2024, no <strong>Jap\u00e3o<\/strong>:<\/p>\n\n\n\n<figure class=\"wp-block-image size-large\"><img decoding=\"async\" src=\"https:\/\/www.grandepremio.com\/br\/wp-content\/uploads\/2024\/03\/imagem_2024-03-30_061721982-1024x683.png\" alt=\"\" class=\"wp-image-795332\"\/><figcaption class=\"wp-element-caption\">Maximilian G\u00fcnther vive fase espetacular na carreira (Foto: Hankook)<\/figcaption><\/figure>\n\n\n\n<h2 class=\"wp-block-heading\" id=\"h-gunther-vive-fase-incrivel-e-nao-deve-a-ninguem-neste-momento\">G\u00fcnther vive fase incr\u00edvel e n\u00e3o deve a ningu\u00e9m neste momento<\/h2>\n\n\n\n<p class=\"wp-block-paragraph\">Uma das principais cr\u00edticas sobre Maximilian G\u00fcnther sempre se referiu \u00e0 capacidade do alem\u00e3o de ser regular. Durante muito tempo, o piloto alternou entre grandes momentos e situa\u00e7\u00f5es bizarras, o que parece ter mudado de vez em 2024 depois de uma grande segunda metade de campeonato em 2023.<\/p>\n\n\n\n<p class=\"wp-block-paragraph\">Com pontos em todas as corridas do ano at\u00e9 aqui, G\u00fcnther executou uma recupera\u00e7\u00e3o sensacional em S\u00e3o Paulo, saindo de <strong>\u00faltimo <\/strong>para <strong>nono <\/strong>com um stop-and-go no meio do caminho, e coroou a grande fase em T\u00f3quio, com uma corrida perfeita e foco na vit\u00f3ria a todo momento. \u00c9 um dos grandes nomes da F\u00f3rmula E este ano e n\u00e3o deixa a desejar para nenhum piloto do grid neste momento.<\/p>\n\n\n\n<h2 class=\"wp-block-heading\" id=\"h-nissan-vive-crescimento-evidente-mas-nao-e-a-unica\">Nissan vive crescimento evidente. Mas n\u00e3o \u00e9 a \u00fanica<\/h2>\n\n\n\n<p class=\"wp-block-paragraph\">A F\u00f3rmula E viveu \u2014 e ainda vive \u2014 um dom\u00ednio \u00f3bvio dos trens de for\u00e7a <strong>Jaguar <\/strong>e <strong>Porsche<\/strong>, donos de <strong>17 <\/strong>vit\u00f3rias em <strong>21 <\/strong>corridas da Era Gen3. Mas a diferen\u00e7a est\u00e1 claramente diminuindo. O motor <strong>Nissan <\/strong>tem <strong>quatro <\/strong>p\u00f3dios, <strong>uma <\/strong>vit\u00f3ria e <strong>duas <\/strong>poles nas \u00faltimas tr\u00eas etapas e se aproxima a passos largos, mas a <strong>Stellantis <\/strong>tamb\u00e9m evolui e venceu a terceira em dois anos na corrida japonesa.<\/p>\n\n\n\n<figure class=\"wp-block-image size-large\"><img decoding=\"async\" src=\"https:\/\/www.grandepremio.com\/br\/wp-content\/uploads\/2024\/03\/EPS1005_154205ZALS6550-2048x2048-1-1024x683.jpg\" alt=\"\" class=\"wp-image-795328\"\/><figcaption class=\"wp-element-caption\">Por pouco, Rowland n\u00e3o fez a festa da torcida da casa com uma vit\u00f3ria da Nissan (Foto: F\u00f3rmula E)<\/figcaption><\/figure>\n\n\n\n<p class=\"wp-block-paragraph\">Ainda que n\u00e3o esteja necessariamente se aproximando dos ponteiros, a <strong>Mahindra <\/strong>tamb\u00e9m mostra evolu\u00e7\u00e3o e andou no top-10 durante todo o fim de semana em T\u00f3quio. Na corrida, Mortara caminhava para um tranquilo sexto lugar, mas acabou desclassificado. M\u00fcller acabou sendo o respons\u00e1vel por fazer justi\u00e7a e terminou em s\u00e9timo com a cliente Abt Cupra. Com mais entendimento sobre o carro, as diferen\u00e7as s\u00e3o \u00ednfimas a esta altura, principalmente na classifica\u00e7\u00e3o.<\/p>\n\n\n\n<h2 class=\"wp-block-heading\" id=\"h-a-formula-e-e-o-campeonato-mais-imprevisivel-do-mundo\">A F\u00f3rmula E \u00e9 o campeonato mais imprevis\u00edvel do mundo<\/h2>\n\n\n\n<p class=\"wp-block-paragraph\"><strong>Cinco <\/strong>corridas em 2024, com <strong>cinco <\/strong>vencedores diferentes de <strong>cinco <\/strong>equipes distintas. <strong>Pascal Wehrlein <\/strong>[Porsche], <strong>Jake Dennis <\/strong>[Andretti], <strong>Nick Cassidy <\/strong>[Jaguar], <strong>Sam Bird <\/strong>[McLaren] e <strong>Maximilian G\u00fcnther <\/strong>[Maserati] foram os primeiros colocados da temporada at\u00e9 aqui, o que d\u00e1 um total de quatro trens de for\u00e7a na primeira coloca\u00e7\u00e3o. Apenas <strong>Mahindra <\/strong>e <strong>ERT<\/strong> n\u00e3o venceram entre as fornecedoras.<\/p>\n\n\n\n<p class=\"wp-block-paragraph\">A verdade \u00e9 que o vencedor nunca \u00e9 conhecido antes do in\u00edcio das atividades, e tem sido comum que a decis\u00e3o seja apenas nas \u00faltimas voltas. Mais uma vez, o campeonato promete competitividade at\u00e9 o fim, e apenas <strong>15 pontos <\/strong>separam todo o top-5 do Mundial de Pilotos. Para aqueles que gostam de imprevisibilidade, a F\u00f3rmula E \u00e9 um prato cheio.<\/p>\n\n\n\n<figure class=\"wp-block-image size-large\"><img decoding=\"async\" src=\"https:\/\/www.grandepremio.com\/br\/wp-content\/uploads\/2024\/03\/EPS1005_152337_V6A7337-2048x2048-1-1024x683.jpg\" alt=\"\" class=\"wp-image-795327\"\/><figcaption class=\"wp-element-caption\">F\u00f3rmula E: competitiva e imprevis\u00edvel at\u00e9 o fim (Foto: F\u00f3rmula E)<\/figcaption><\/figure>\n\n\n\n<h2 class=\"wp-block-heading\" id=\"h-antonio-felix-da-costa-deixou-fase-ruim-para-tras\">Ant\u00f3nio F\u00e9lix da Costa deixou fase ruim para tr\u00e1s<\/h2>\n\n\n\n<p class=\"wp-block-paragraph\">Depois de tr\u00eas corridas irreconhec\u00edveis, Ant\u00f3nio F\u00e9lix da Costa voltou aos pontos no Brasil e fez uma excelente corrida no Jap\u00e3o. N\u00e3o fosse uma defesa que chegou ao limite \u2014 <a href=\"https:\/\/www.grandepremio.com\/br\/formula-e\/noticias\/antonio-felix-da-costa-culpa-oliver-rowland-perda-podio-japao-defendeu-forma-suja\/\" target=\"_blank\" rel=\"noreferrer noopener\">e talvez tenha passado<\/a> \u2014 de Rowland na <strong>33\u00aa <\/strong>de <strong>35 <\/strong>voltas, o portugu\u00eas poderia ter arrancado um segundo lugar depois de largar em oitavo.<\/p>\n\n\n\n<p class=\"wp-block-paragraph\">Com crescimento vis\u00edvel nas corridas, Da Costa precisa acertar os ponteiros na classifica\u00e7\u00e3o para se colocar entre os favoritos \u00e0 vit\u00f3ria. O desempenho voltou a aparecer, e o portugu\u00eas nunca pode ser descartado em um cen\u00e1rio t\u00e3o parelho.<\/p>\n\n\n\n<h2 class=\"wp-block-heading\" id=\"h-pista-de-toquio-precisa-de-ajustes-para-o-ano-que-vem\">Pista de T\u00f3quio precisa de ajustes para o ano que vem<\/h2>\n\n\n\n<p class=\"wp-block-paragraph\">Anunciada como uma corrida que seria de poucas ultrapassagens, a estreia da F\u00f3rmula E no Jap\u00e3o trouxe uma boa disputa. Sem o frenesi de S\u00e3o Paulo, a chave da vit\u00f3ria em T\u00f3quio foi a estrat\u00e9gia, e o corte de energia foi um acerto em cheio da categoria. Ainda assim, a pista precisa de ajustes.<\/p>\n\n\n\n<figure class=\"wp-block-image size-large\"><img decoding=\"async\" src=\"https:\/\/www.grandepremio.com\/br\/wp-content\/uploads\/2024\/03\/EPS1005_163014SMG_7819-2048x2048-1-1024x683.jpg\" alt=\"\" class=\"wp-image-794876\"\/><figcaption class=\"wp-element-caption\">Da Costa chegou muito perto de voltar ao p\u00f3dio da F\u00f3rmula E (Foto: F\u00f3rmula E)<\/figcaption><\/figure>\n\n\n\n<p class=\"wp-block-paragraph\">Alguns pontos simplesmente n\u00e3o ofereciam oportunidades de ultrapassagem, mesmo com pilotos lentos \u00e0 frente, e foi um milagre que o enorme v\u00e3o da curva 3 n\u00e3o tenha proporcionado acidentes. Al\u00e9m disso, seria importante que a pista fosse um pouco mais larga, o que daria mais oportunidades de disputas lado a lado. No fim, o saldo da estreia em T\u00f3quio foi bastante positivo mesmo assim.<\/p>\n\n\n\n<p class=\"wp-block-paragraph\">A pr\u00f3xima etapa da&nbsp;<a href=\"https:\/\/www.grandepremio.com\/br\/formula-e\/\" target=\"_blank\" rel=\"noreferrer noopener\">F\u00f3rmula E<\/a>&nbsp;est\u00e1 programada para acontecer entre os dias&nbsp;<strong>12 e 14 de abril<\/strong>, com a rodada dupla de estreia do&nbsp;<strong>eP de&nbsp;<a href=\"https:\/\/www.grandepremio.com\/br\/circuito\/misano\/\" target=\"_blank\" rel=\"noreferrer noopener\">Misano<\/a><\/strong>. O&nbsp;<strong>GRANDE PR\u00caMIO<\/strong>&nbsp;transmite todas as atividades de pista&nbsp;<strong>AO VIVO<\/strong>&nbsp;e&nbsp;<strong>COM<\/strong>&nbsp;<strong>IMAGENS<\/strong>&nbsp;no&nbsp;<strong>YouTube<\/strong>.<\/p>\n\n\n\n<p class=\"wp-block-paragraph\"><strong><img decoding=\"async\" src=\"https:\/\/s.w.org\/images\/core\/emoji\/14.0.0\/svg\/25b6.svg\" alt=\"\u25b6\ufe0f\" style=\"width: 20px;\">\u00a0Inscreva-se nos dois canais do GRANDE PR\u00caMIO no YouTube:\u00a0<a href=\"https:\/\/www.youtube.com\/channel\/UC9OlHEgxoaY6QY6nWPoiqQg?sub_confirmation=1\" target=\"_blank\" rel=\"noreferrer noopener\">GP<\/a>\u00a0|\u00a0<a href=\"https:\/\/www.youtube.com\/channel\/UC9csiS6q_C3C0FYhyr1rnFA?sub_confirmation=1\" target=\"_blank\" rel=\"noreferrer noopener\">GP2<\/a><\/strong><br><strong><img decoding=\"async\" src=\"https:\/\/s.w.org\/images\/core\/emoji\/14.0.0\/svg\/25b6.svg\" alt=\"\u25b6\ufe0f\" style=\"width: 20px;\">\u00a0<a href=\"https:\/\/www.twitch.tv\/grandepremio\" target=\"_blank\" rel=\"noreferrer noopener\">Conhe\u00e7a o canal do GRANDE PR\u00caMIO na Twitch clicando aqui!<\/a><\/strong><\/p>\n\n\n\n<figure class=\"wp-block-embed is-type-video is-provider-youtube wp-block-embed-youtube wp-embed-aspect-16-9 wp-has-aspect-ratio\"><div class=\"wp-block-embed__wrapper\">\n<iframe loading=\"lazy\" title=\"F\u00d3RMULA E 2024 - eP DE T\u00d3QUIO | 5\u00aa etapa | Corrida\" width=\"500\" height=\"281\" src=\"https:\/\/www.youtube.com\/embed\/FLMLjZyTeZ8?feature=oembed\" frameborder=\"0\" allow=\"accelerometer; autoplay; clipboard-write; encrypted-media; gyroscope; picture-in-picture; web-share\" referrerpolicy=\"strict-origin-when-cross-origin\" allowfullscreen><\/iframe>\n<\/div><\/figure>\n","protected":false},"excerpt":{"rendered":"<p>A estreia da F\u00f3rmula E no Jap\u00e3o trouxe uma corrida estrat\u00e9gica, marcada por disputas pr\u00f3ximas e certo grau de confus\u00e3o. Nissan e Stellantis mostraram mais uma vez que est\u00e3o se aproximando de Jaguar e Porsche, e a imprevisibilidade do campeonato \u00e9 um atrativo enorme<\/p>\n","protected":false},"author":0,"featured_media":1000795331,"comment_status":"closed","ping_status":"closed","sticky":false,"template":"","format":"standard","meta":{"42wp_featured_image_caption":"","42wp_featured_image_credits":"","42wp_featured_video":"","42wp_featured_image_hidden":false,"42wp_authors_list":[],"footnotes":""},"categories":[19],"tags":[25774,33214,28679,6853,32661,36858,379,36881,840,35967,38901,1601,1491,30103,28285,910,1172,8870,912,894,965,36219,736,1025,31378,38932],"42wp_author":[47142],"class_list":["post-82767","post","type-post","status-publish","format-standard","has-post-thumbnail","hentry","category-formula-e","tag-antonio-felix-da-costa","tag-calendario-fe","tag-calendario-formula-e","tag-classificacao-formula-e","tag-ep-de-toquio","tag-ert","tag-fe","tag-fe-2024","tag-formula-e","tag-formula-e-2024","tag-formula-e-japao","tag-gen3","tag-grande-premio","tag-grande-premio-f1","tag-grandepremio","tag-jaguar","tag-mahindra","tag-maserati","tag-maximilian-gunther","tag-nissan","tag-oliver-rowland","tag-onde-assistir-formula-e","tag-porsche","tag-sergio-sette-camara","tag-stellantis","tag-tokyo-eprix","42wp_author-jp-nascimento"],"_links":{"self":[{"href":"https:\/\/grandepremio.com\/br\/wp-json\/wp\/v2\/posts\/82767","targetHints":{"allow":["GET"]}}],"collection":[{"href":"https:\/\/grandepremio.com\/br\/wp-json\/wp\/v2\/posts"}],"about":[{"href":"https:\/\/grandepremio.com\/br\/wp-json\/wp\/v2\/types\/post"}],"replies":[{"embeddable":true,"href":"https:\/\/grandepremio.com\/br\/wp-json\/wp\/v2\/comments?post=82767"}],"version-history":[{"count":0,"href":"https:\/\/grandepremio.com\/br\/wp-json\/wp\/v2\/posts\/82767\/revisions"}],"wp:featuredmedia":[{"embeddable":true,"href":"https:\/\/grandepremio.com\/br\/wp-json\/wp\/v2\/media\/1000795331"}],"wp:attachment":[{"href":"https:\/\/grandepremio.com\/br\/wp-json\/wp\/v2\/media?parent=82767"}],"wp:term":[{"taxonomy":"category","embeddable":true,"href":"https:\/\/grandepremio.com\/br\/wp-json\/wp\/v2\/categories?post=82767"},{"taxonomy":"post_tag","embeddable":true,"href":"https:\/\/grandepremio.com\/br\/wp-json\/wp\/v2\/tags?post=82767"},{"taxonomy":"42wp_author","embeddable":true,"href":"https:\/\/grandepremio.com\/br\/wp-json\/wp\/v2\/42wp_author?post=82767"}],"curies":[{"name":"wp","href":"https:\/\/api.w.org\/{rel}","templated":true}]}}