{"id":82771,"date":"2024-04-01T13:08:52","date_gmt":"2024-04-01T16:08:52","guid":{"rendered":"https:\/\/grandepremio.com\/br\/noticias\/lucas-di-grassi-lamenta-abandono-tirado-da-corrida-nyck-de-vries-japao\/"},"modified":"2024-04-01T13:13:06","modified_gmt":"2024-04-01T16:13:06","slug":"lucas-di-grassi-lamenta-abandono-tirado-da-corrida-nyck-de-vries-japao","status":"publish","type":"post","link":"https:\/\/grandepremio.com\/br\/formula-e\/lucas-di-grassi-lamenta-abandono-tirado-da-corrida-nyck-de-vries-japao\/","title":{"rendered":"Di Grassi lamenta abandono e diz que foi &#8220;tirado da corrida&#8221; por De Vries no Jap\u00e3o"},"content":{"rendered":"\n<p class=\"wp-block-paragraph\">A primeira corrida da hist\u00f3ria da <strong>F\u00f3rmula E<\/strong> no <strong>Jap\u00e3o<\/strong>, <a href=\"https:\/\/youtu.be\/FLMLjZyTeZ8\" target=\"_blank\" rel=\"noreferrer noopener\">no \u00faltimo fim de semana<\/a>, n\u00e3o terminou de forma positiva para <strong>Lucas Di Grassi<\/strong>, que se envolveu em dois toques na primeira metade da prova e acabou abandonando no segundo. Primeiro, o brasileiro encostou em <strong>Jake Hughes<\/strong>, o que levou o ingl\u00eas ao muro, e depois se envolveu em confus\u00e3o com <strong>Nyck de<\/strong> <strong>Vries<\/strong> \u2014 em acidente que tirou os dois pilotos da disputa.<\/p>\n\n\n\n<p class=\"wp-block-paragraph\">Di Grassi elogiou a estreia da F\u00f3rmula E no Jap\u00e3o, tanto em termos de entretenimento quanto em rela\u00e7\u00e3o ao p\u00fablico, mas admitiu que ter sido tirado da prova foi decepcionante. Antes disso, o brasileiro ainda foi atrapalhado na classifica\u00e7\u00e3o duas vezes, <a href=\"https:\/\/www.grandepremio.com\/br\/formula-e\/noticias\/fia-distribui-punicoes-poe-mitch-evans-bonde-prejuizo-grid-ep-de-toquio\/\" target=\"_blank\" rel=\"noreferrer noopener\">o que rendeu puni\u00e7\u00f5es<\/a> a Hughes e <strong>S\u00e9bastien Buemi<\/strong>.<\/p>\n\n\n\n<p class=\"wp-block-paragraph\">&#8220;De uma maneira geral, a corrida no Jap\u00e3o foi muito boa. Os f\u00e3s, a corrida, a atmosfera, foi muito boa a energia do p\u00fablico japon\u00eas&#8221;, disse Di Grassi. &#8220;Pessoalmente, foi uma corrida ruim. Fui atrapalhado na classifica\u00e7\u00e3o e tirado da corrida pelo Nyck [de Vries]&#8221;, lamentou o piloto brasileiro.<\/p>\n\n\n\n<p class=\"wp-block-paragraph\">Apesar da decep\u00e7\u00e3o com o abandono, Di Grassi v\u00ea o carro da <strong>Abt<\/strong> <strong>Cupra<\/strong> em evolu\u00e7\u00e3o e garante que as pr\u00f3ximas corridas da equipe ter\u00e3o como objetivo chegar aos pontos. At\u00e9 aqui, o brasileiro segue zerado no campeonato.<\/p>\n\n\n\n<figure class=\"wp-block-image size-large\"><img decoding=\"async\" src=\"https:\/\/www.grandepremio.com\/br\/wp-content\/uploads\/2024\/01\/EPS1002_153019SB1_3394-2048x2048-2-1024x683.jpg\" alt=\"\" class=\"wp-image-773222\"\/><figcaption class=\"wp-element-caption\">Di Grassi teve um s\u00e1bado complicado em T\u00f3quio (Foto: F\u00f3rmula E)<\/figcaption><\/figure>\n\n\n\n<p class=\"wp-block-paragraph\">&#8220;Mas faz parte&#8221;, pontuou. &#8220;A gente v\u00ea que o carro est\u00e1 evoluindo, estamos cada vez mais andando no meio [do pelot\u00e3o]. Ent\u00e3o, d\u00e1 uma sensa\u00e7\u00e3o boa de que vamos conseguir pontos nas pr\u00f3ximas corridas, com certeza&#8221;, finalizou Di Grassi.<\/p>\n\n\n\n<p class=\"wp-block-paragraph\">Uma prova da evolu\u00e7\u00e3o da Abt Cupra foi o desempenho do su\u00ed\u00e7o <strong>Nico<\/strong> <strong>M\u00fcller<\/strong>, companheiro de Di Grassi e <strong>s\u00e9timo colocado <\/strong>no<strong> eP de T\u00f3quio<\/strong>. O piloto somou os <strong>seis <\/strong>primeiros pontos da equipe alem\u00e3 no campeonato e fez a marca subir duas posi\u00e7\u00f5es no Mundial de Equipes. Agora, a escuderia est\u00e1 em <strong>nono lugar<\/strong>, \u00e0 frente de <strong>ERT <\/strong>e <strong>Mahindra <\/strong>\u2014 sua fornecedora.<\/p>\n\n\n\n<p class=\"wp-block-paragraph\">A pr\u00f3xima etapa da&nbsp;<a href=\"https:\/\/www.grandepremio.com\/br\/formula-e\/\" target=\"_blank\" rel=\"noreferrer noopener\">F\u00f3rmula E<\/a>&nbsp;est\u00e1 programada para acontecer entre os dias&nbsp;<strong>12 e 14 de abril<\/strong>, com a rodada dupla de estreia do&nbsp;<strong>eP de&nbsp;<a href=\"https:\/\/www.grandepremio.com\/br\/circuito\/misano\/\" target=\"_blank\" rel=\"noreferrer noopener\">Misano<\/a><\/strong>. O&nbsp;<strong>GRANDE PR\u00caMIO<\/strong>&nbsp;transmite todas as atividades de pista&nbsp;<strong>AO VIVO<\/strong>&nbsp;e&nbsp;<strong>COM<\/strong>&nbsp;<strong>IMAGENS<\/strong>&nbsp;no&nbsp;<strong>YouTube<\/strong>.<\/p>\n\n\n\n<p class=\"wp-block-paragraph\"><strong><img decoding=\"async\" src=\"https:\/\/s.w.org\/images\/core\/emoji\/14.0.0\/svg\/25b6.svg\" alt=\"\u25b6\ufe0f\" style=\"width: 20px;\">\u00a0Inscreva-se nos dois canais do GRANDE PR\u00caMIO no YouTube:\u00a0<a href=\"https:\/\/www.youtube.com\/channel\/UC9OlHEgxoaY6QY6nWPoiqQg?sub_confirmation=1\" target=\"_blank\" rel=\"noreferrer noopener\">GP<\/a>\u00a0|\u00a0<a href=\"https:\/\/www.youtube.com\/channel\/UC9csiS6q_C3C0FYhyr1rnFA?sub_confirmation=1\" target=\"_blank\" rel=\"noreferrer noopener\">GP2<\/a><\/strong><br><strong><img decoding=\"async\" src=\"https:\/\/s.w.org\/images\/core\/emoji\/14.0.0\/svg\/25b6.svg\" alt=\"\u25b6\ufe0f\" style=\"width: 20px;\">\u00a0<a href=\"https:\/\/www.twitch.tv\/grandepremio\" target=\"_blank\" rel=\"noreferrer noopener\">Conhe\u00e7a o canal do GRANDE PR\u00caMIO na Twitch clicando aqui!<\/a><\/strong><\/p>\n\n\n\n<figure class=\"wp-block-embed is-type-video is-provider-youtube wp-block-embed-youtube wp-embed-aspect-16-9 wp-has-aspect-ratio\"><div class=\"wp-block-embed__wrapper\">\n<iframe loading=\"lazy\" title=\"F\u00d3RMULA E 2024 - eP DE T\u00d3QUIO | 5\u00aa etapa | Corrida\" width=\"500\" height=\"281\" src=\"https:\/\/www.youtube.com\/embed\/FLMLjZyTeZ8?feature=oembed\" frameborder=\"0\" allow=\"accelerometer; autoplay; clipboard-write; encrypted-media; gyroscope; picture-in-picture; web-share\" referrerpolicy=\"strict-origin-when-cross-origin\" allowfullscreen><\/iframe>\n<\/div><\/figure>\n","protected":false},"excerpt":{"rendered":"<p>Lucas Di Grassi lamentou abandono no eP de T\u00f3quio ap\u00f3s acidente com Nyck de Vries, mas disse ver Abt Cupra em evolu\u00e7\u00e3o na F\u00f3rmula E e cr\u00ea em pontos nas pr\u00f3ximas corridas<\/p>\n","protected":false},"author":0,"featured_media":1000794870,"comment_status":"closed","ping_status":"closed","sticky":false,"template":"","format":"standard","meta":{"42wp_featured_image_caption":"","42wp_featured_image_credits":"","42wp_featured_video":"","42wp_featured_image_hidden":false,"42wp_authors_list":[],"footnotes":""},"categories":[19],"tags":[28679,6853,32661,379,36881,840,35967,1601,1491,30103,28285,966,1172,1556,36219],"42wp_author":[47142],"class_list":["post-82771","post","type-post","status-publish","format-standard","has-post-thumbnail","hentry","category-formula-e","tag-calendario-formula-e","tag-classificacao-formula-e","tag-ep-de-toquio","tag-fe","tag-fe-2024","tag-formula-e","tag-formula-e-2024","tag-gen3","tag-grande-premio","tag-grande-premio-f1","tag-grandepremio","tag-lucas-di-grassi","tag-mahindra","tag-nyck-de-vries","tag-onde-assistir-formula-e","42wp_author-jp-nascimento"],"_links":{"self":[{"href":"https:\/\/grandepremio.com\/br\/wp-json\/wp\/v2\/posts\/82771","targetHints":{"allow":["GET"]}}],"collection":[{"href":"https:\/\/grandepremio.com\/br\/wp-json\/wp\/v2\/posts"}],"about":[{"href":"https:\/\/grandepremio.com\/br\/wp-json\/wp\/v2\/types\/post"}],"replies":[{"embeddable":true,"href":"https:\/\/grandepremio.com\/br\/wp-json\/wp\/v2\/comments?post=82771"}],"version-history":[{"count":0,"href":"https:\/\/grandepremio.com\/br\/wp-json\/wp\/v2\/posts\/82771\/revisions"}],"wp:featuredmedia":[{"embeddable":true,"href":"https:\/\/grandepremio.com\/br\/wp-json\/wp\/v2\/media\/1000794870"}],"wp:attachment":[{"href":"https:\/\/grandepremio.com\/br\/wp-json\/wp\/v2\/media?parent=82771"}],"wp:term":[{"taxonomy":"category","embeddable":true,"href":"https:\/\/grandepremio.com\/br\/wp-json\/wp\/v2\/categories?post=82771"},{"taxonomy":"post_tag","embeddable":true,"href":"https:\/\/grandepremio.com\/br\/wp-json\/wp\/v2\/tags?post=82771"},{"taxonomy":"42wp_author","embeddable":true,"href":"https:\/\/grandepremio.com\/br\/wp-json\/wp\/v2\/42wp_author?post=82771"}],"curies":[{"name":"wp","href":"https:\/\/api.w.org\/{rel}","templated":true}]}}