{"id":82830,"date":"2024-04-01T04:15:00","date_gmt":"2024-04-01T07:15:00","guid":{"rendered":"https:\/\/grandepremio.com\/br\/noticias\/ex-chefe-feliz-bom-comeco-haas-2024-nao-tenho-ressentimentos\/"},"modified":"2024-04-02T06:12:37","modified_gmt":"2024-04-02T09:12:37","slug":"ex-chefe-feliz-bom-comeco-haas-2024-nao-tenho-ressentimentos","status":"publish","type":"post","link":"https:\/\/grandepremio.com\/br\/f1\/ex-chefe-feliz-bom-comeco-haas-2024-nao-tenho-ressentimentos\/","title":{"rendered":"Ex-chefe se diz feliz por bom come\u00e7o da Haas em 2024: \u201cN\u00e3o tenho ressentimentos\u201d"},"content":{"rendered":"\n<p class=\"wp-block-paragraph\"><strong>Guenther Steiner<\/strong>, que foi <a href=\"https:\/\/www.grandepremio.com\/br\/f1\/noticias\/haas-novo-chefe-engenheiro-chegou-time-via-romain-grosjean-conheca-ayao-komatsu\/\">demitido do posto de chefe<\/a> da <strong>Haas <\/strong>no in\u00edcio do ano, afirmou que est\u00e1 contente com o desempenho que a equipe apresentou no come\u00e7o da temporada 2024 da <strong>F\u00f3rmula 1<\/strong>. Apesar de ter criticado o discurso pessimista da equipe durante o lan\u00e7amento do <strong>VF-24<\/strong>, o antigo dirigente afirmou que n\u00e3o guarda ressentimentos do time e fica feliz toda vez que <strong>Nico H\u00fclkenberg<\/strong> e <strong>Kevin Magnussen<\/strong> terminam uma corrida no top-10.<\/p>\n\n\n\n<p class=\"wp-block-paragraph\">A Haas terminou a \u00faltima temporada na lanterna do <strong>Mundial de Construtores<\/strong> e, em consequ\u00eancia disso, Steiner perdeu o posto de chefe da equipe e foi substitu\u00eddo por <strong>Ayao Komatsu<\/strong>. O novo dirigente, no entanto, manteve os p\u00e9s no ch\u00e3o desde que chegou ao cargo e <a href=\"https:\/\/www.grandepremio.com\/br\/f1\/noticias\/chefe-destaca-atraso-vf-24-preve-haas-ultimas-posicoes-f1-2024\/\">afirmou que teria um ano ocupando as \u00faltimas posi\u00e7\u00f5es<\/a>.<\/p>\n\n\n\n<p class=\"wp-block-paragraph\">O que se viu, no entanto, n\u00e3o foi exatamente isso e a esquadra liderada por Komatsu pontuou nos <strong>GPs da Ar\u00e1bia Saudita<\/strong> e da <strong>Austr\u00e1lia. <\/strong>Passadas tr\u00eas corridas, a Haas ocupa o s\u00e9timo lugar entre os construtores com quatro pontos somados.<\/p>\n\n\n\n<p class=\"wp-block-paragraph\">O ex-chefe afirmou que o discurso pessimista foi algo intencional e que, com isso, o objetivo era tirar a press\u00e3o de cima da Haas. Steiner ainda ressaltou que o bom come\u00e7o em 2024 \u00e9 fruto do trabalho realizado no ano passado e admitiu que fica feliz ao ver sua antiga equipe conquistar bons resultados.<\/p>\n\n\n\n<figure class=\"wp-block-image size-large\"><img decoding=\"async\" src=\"https:\/\/www.grandepremio.com\/br\/wp-content\/uploads\/2024\/03\/australia-2024-f1-classificacao-haas-kevin-magnussen-02-1024x681.jpeg\" alt=\"\" class=\"wp-image-791739\"\/><figcaption class=\"wp-element-caption\">A Haas pontuou nos GPs da Austr\u00e1lia e da Ar\u00e1bia Saudita (Foto: Haas F1 Team)<\/figcaption><\/figure>\n\n\n\n<p class=\"wp-block-paragraph\">\u201cEles fizeram um bom trabalho e eu sempre disse a Gene Haas que na verdade sabia onde eles estavam, porque conhecia os n\u00fameros do t\u00fanel de vento. Acho que no come\u00e7o eles foram contidos nas declara\u00e7\u00f5es para ter uma desculpa para come\u00e7ar e depois dizer que foi melhor que o esperado\u201d, disse Steiner.<\/p>\n\n\n\n<p class=\"wp-block-paragraph\">\u201cMas n\u00e3o \u00e9 algo apenas sobre este ano, \u00e9 um trabalho de m\u00e9dio prazo. O tempo pode passar e voc\u00ea pode dizer \u2018oh, n\u00e3o estamos bem\u2019, mas na pr\u00e1tica voc\u00ea se sai muito melhor.&nbsp; A equipe e Simone Resta fizeram um bom trabalho porque o carro foi feito no ano passado, foi feito antes de eu partir. Estou muito feliz pela equipe, porque gosto desses caras, muita gente est\u00e1 l\u00e1 desde o come\u00e7o, ent\u00e3o n\u00e3o tenho nenhum ressentimento em rela\u00e7\u00e3o a isso\u201d, finalizou o ex-chefe da Haas.<\/p>\n\n\n\n<p class=\"wp-block-paragraph\">A pr\u00f3xima etapa da\u00a0<a href=\"https:\/\/www.grandepremio.com\/br\/f1\/\" target=\"_blank\" rel=\"noreferrer noopener\">F\u00f3rmula 1<\/a>\u00a0acontece neste fim de semana, entre os dias 5 e 7 de abril, com o\u00a0<strong>GP do Jap\u00e3o<\/strong>, quarta rodada da temporada 2024. O\u00a0<strong>GRANDE PR\u00caMIO\u00a0<\/strong>faz a cobertura completa do evento.<\/p>\n\n\n\n<p class=\"wp-block-paragraph\"><strong><img decoding=\"async\" src=\"https:\/\/a.slack-edge.com\/production-standard-emoji-assets\/14.0\/google-medium\/25b6-fe0f.png\" alt=\":seta_para_frente:\">&nbsp;Inscreva-se nos dois canais do GRANDE PR\u00caMIO no YouTube:&nbsp;<a href=\"https:\/\/www.youtube.com\/channel\/UC9OlHEgxoaY6QY6nWPoiqQg?sub_confirmation=1\" target=\"_blank\" rel=\"noreferrer noopener\">GP<\/a>&nbsp;|&nbsp;<a href=\"https:\/\/www.youtube.com\/channel\/UC9csiS6q_C3C0FYhyr1rnFA?sub_confirmation=1\" target=\"_blank\" rel=\"noreferrer noopener\">GP2<\/a><\/strong><br><strong><img decoding=\"async\" src=\"https:\/\/a.slack-edge.com\/production-standard-emoji-assets\/14.0\/google-medium\/25b6-fe0f.png\" alt=\":seta_para_frente:\">&nbsp;<a href=\"https:\/\/www.twitch.tv\/grandepremio\" target=\"_blank\" rel=\"noreferrer noopener\">Conhe\u00e7a o canal do GRANDE PR\u00caMIO na Twitch clicando aqui!<\/a><\/strong><\/p>\n\n\n\n<figure class=\"wp-block-embed is-type-video is-provider-youtube wp-block-embed-youtube wp-embed-aspect-16-9 wp-has-aspect-ratio\"><div class=\"wp-block-embed__wrapper\">\n<iframe loading=\"lazy\" title=\"SAINZ DOMINA F1 na AUSTR\u00c1LIA + HORNER quer ALONSO na RED BULL | Paddock GP #364\" width=\"500\" height=\"281\" src=\"https:\/\/www.youtube.com\/embed\/H2Ty8rJsvEw?feature=oembed\" frameborder=\"0\" allow=\"accelerometer; autoplay; clipboard-write; encrypted-media; gyroscope; picture-in-picture; web-share\" referrerpolicy=\"strict-origin-when-cross-origin\" allowfullscreen><\/iframe>\n<\/div><\/figure>\n","protected":false},"excerpt":{"rendered":"<p>Apesar de ter sido demitido no in\u00edcio do ano, Guenther Steiner, ex-chefe da Haas, revelou que n\u00e3o guarda ressentimentos e fica feliz toda vez que a equipe conquista um bom resultado<\/p>\n","protected":false},"author":0,"featured_media":1000583011,"comment_status":"closed","ping_status":"closed","sticky":false,"template":"","format":"standard","meta":{"42wp_featured_image_caption":"","42wp_featured_image_credits":"","42wp_featured_video":"","42wp_featured_image_hidden":false,"42wp_authors_list":[],"footnotes":""},"categories":[2],"tags":[7499,5273,180,1491,28285,1490,119,14495,13814,15373,36842,7048],"42wp_author":[47149],"class_list":["post-82830","post","type-post","status-publish","format-standard","has-post-thumbnail","hentry","category-f1","tag-ayao-komatsu","tag-classificacao-f1","tag-formula-1","tag-grande-premio","tag-grandepremio","tag-guenther-steiner","tag-haas","tag-haas-f1","tag-hulkenberg","tag-magnussen","tag-mundial-de-construtores-f1","tag-steiner","42wp_author-bernardo-castro"],"_links":{"self":[{"href":"https:\/\/grandepremio.com\/br\/wp-json\/wp\/v2\/posts\/82830","targetHints":{"allow":["GET"]}}],"collection":[{"href":"https:\/\/grandepremio.com\/br\/wp-json\/wp\/v2\/posts"}],"about":[{"href":"https:\/\/grandepremio.com\/br\/wp-json\/wp\/v2\/types\/post"}],"replies":[{"embeddable":true,"href":"https:\/\/grandepremio.com\/br\/wp-json\/wp\/v2\/comments?post=82830"}],"version-history":[{"count":0,"href":"https:\/\/grandepremio.com\/br\/wp-json\/wp\/v2\/posts\/82830\/revisions"}],"wp:featuredmedia":[{"embeddable":true,"href":"https:\/\/grandepremio.com\/br\/wp-json\/wp\/v2\/media\/1000583011"}],"wp:attachment":[{"href":"https:\/\/grandepremio.com\/br\/wp-json\/wp\/v2\/media?parent=82830"}],"wp:term":[{"taxonomy":"category","embeddable":true,"href":"https:\/\/grandepremio.com\/br\/wp-json\/wp\/v2\/categories?post=82830"},{"taxonomy":"post_tag","embeddable":true,"href":"https:\/\/grandepremio.com\/br\/wp-json\/wp\/v2\/tags?post=82830"},{"taxonomy":"42wp_author","embeddable":true,"href":"https:\/\/grandepremio.com\/br\/wp-json\/wp\/v2\/42wp_author?post=82830"}],"curies":[{"name":"wp","href":"https:\/\/api.w.org\/{rel}","templated":true}]}}