{"id":82839,"date":"2024-03-31T15:23:08","date_gmt":"2024-03-31T18:23:08","guid":{"rendered":"https:\/\/grandepremio.com\/br\/noticias\/alpine-se-mexe-deixar-lanterna-f1-leva-atualizacoes-a524-gp-japao\/"},"modified":"2024-03-31T16:02:17","modified_gmt":"2024-03-31T19:02:17","slug":"alpine-se-mexe-deixar-lanterna-f1-leva-atualizacoes-a524-gp-japao","status":"publish","type":"post","link":"https:\/\/grandepremio.com\/br\/f1\/alpine-se-mexe-deixar-lanterna-f1-leva-atualizacoes-a524-gp-japao\/","title":{"rendered":"Alpine se mexe para deixar lanterna da F1 e leva atualiza\u00e7\u00f5es na A524 no GP do Jap\u00e3o"},"content":{"rendered":"\n<p class=\"wp-block-paragraph\">O come\u00e7o da temporada 2024 n\u00e3o foi positivo para a <strong>Alpine<\/strong>. Zerada em pontos e ocupando as \u00faltimas posi\u00e7\u00f5es do grid, a fabricante francesa busca forma de evoluir a <strong>A524 <\/strong>e j\u00e1 pretende levar atualiza\u00e7\u00f5es para o <strong>GP do Jap\u00e3o<\/strong>, em <strong>Suzuka<\/strong>, pr\u00f3xima etapa da<strong> F\u00f3rmula 1<\/strong>.<\/p>\n\n\n\n<p class=\"wp-block-paragraph\">No <strong>Bahrein<\/strong>, a Alpine ficou com os dois pilotos, <strong>Esteban Ocon<\/strong> e <strong>Pierre Gasly<\/strong>, na fila final do grid. Na <strong>Ar\u00e1bia Saudita<\/strong>, a situa\u00e7\u00e3o continuou cr\u00edtica, com a dupla \u00e0 frente apenas de <strong>Logan Sargeant<\/strong>, da <strong>Williams <\/strong>\u2014 j\u00e1 que a Sauber de Guanyu Zhou sequer disputou a classifica\u00e7\u00e3o. O primeiro Q2 do ano s\u00f3 chegou na <strong>Austr\u00e1lia<\/strong>, com Ocon.<\/p>\n\n\n\n<p class=\"wp-block-paragraph\"><strong>Bruno Famin<\/strong>, chefe da equipe, j\u00e1 definiu o in\u00edcio do campeonato como preocupante, mas afirmou que a Alpine est\u00e1 trabalhando para identificar os pontos fracos e, assim, realizar mudan\u00e7as imediatas. As primeiras atualiza\u00e7\u00f5es v\u00e3o chegar em Suzuka, por isso Gasly espera uma evolu\u00e7\u00e3o no carro.<\/p>\n\n\n\n<p class=\"wp-block-paragraph\">&#8220;Ouvi que muitas equipes v\u00e3o levar atualiza\u00e7\u00f5es para Suzuka. Acho que \u00e9 bom porque vamos levar coisas novas, ent\u00e3o poderemos ver os efeitos em nosso carro. Vai ser um passo adiante comparado com a situa\u00e7\u00e3o que estamos agora. No momento, precisamos de qualquer mudan\u00e7a poss\u00edvel para melhorar a performance&#8221;, disse o piloto franc\u00eas.<\/p>\n\n\n\n<figure class=\"wp-block-image size-large\"><img decoding=\"async\" src=\"https:\/\/www.grandepremio.com\/br\/wp-content\/uploads\/2024\/03\/australia-2024-f1-treino-livre-alpine-esteban-ocon-afp-01-1024x683.jpg\" alt=\"\" class=\"wp-image-790863\"\/><figcaption class=\"wp-element-caption\">Alpine enfrenta muitas dificuldades neste come\u00e7o de F1 2024 (Foto: AFP) <\/figcaption><\/figure>\n\n\n\n<p class=\"wp-block-paragraph\"><strong>\u25b6\ufe0f Inscreva-se nos dois canais do&nbsp;GRANDE PR\u00caMIO&nbsp;no YouTube:&nbsp;<a href=\"https:\/\/www.youtube.com\/channel\/UC9OlHEgxoaY6QY6nWPoiqQg?sub_confirmation=1\">GP<\/a>&nbsp;|&nbsp;<a href=\"https:\/\/www.youtube.com\/channel\/UC9csiS6q_C3C0FYhyr1rnFA?sub_confirmation=1\">GP2<\/a><br>\u25b6\ufe0f&nbsp;<a href=\"https:\/\/www.twitch.tv\/grandepremio\">Conhe\u00e7a o canal do&nbsp;GRANDE PR\u00caMIO&nbsp;na Twitch clicando aqui!<\/a><\/strong><\/p>\n\n\n\n<p class=\"wp-block-paragraph\">&#8220;\u00c9 positivo, sei que mais coisas v\u00e3o vir depois, mas acredito que no momento \u00e9 uma quest\u00e3o de entender a situa\u00e7\u00e3o como um todo e manter f\u00e9 no conceito que temos ou mudar a dire\u00e7\u00e3o&#8221;, acrescentou Gasly.<\/p>\n\n\n\n<p class=\"wp-block-paragraph\">Entre os problemas j\u00e1 identificados pela Alpine no carro est\u00e3o o peso, maior do que o m\u00ednimo imposto pelo regulamento, quest\u00f5es na \u00e1rea aerodin\u00e2mica e falta de pot\u00eancia no motor. Mudan\u00e7as na suspens\u00e3o, para melhorar a tra\u00e7\u00e3o, tamb\u00e9m s\u00e3o esperadas na A524.<\/p>\n\n\n\n<p class=\"wp-block-paragraph\">A&nbsp;<strong><a href=\"https:\/\/www.grandepremio.com\/br\/f1\/\"><\/a><a href=\"https:\/\/www.grandepremio.com\/br\/f1\/\" target=\"_blank\" rel=\"noreferrer noopener\">F\u00f3rmula 1<\/a><\/strong>&nbsp;retorna com a temporada 2024 no pr\u00f3ximo final de semana, entre os dias 5 e 7 de abril, com o&nbsp;<strong>GP do Jap\u00e3o<\/strong>, em&nbsp;<strong><a href=\"https:\/\/www.grandepremio.com\/br\/circuito\/suzuka\/\" target=\"_blank\" rel=\"noreferrer noopener\">Suzuka<\/a><\/strong>.<\/p>\n\n\n\n<figure class=\"wp-block-embed is-type-video is-provider-youtube wp-block-embed-youtube wp-embed-aspect-16-9 wp-has-aspect-ratio\"><div class=\"wp-block-embed__wrapper\">\n<iframe loading=\"lazy\" title=\"Alpine PRECISA de projeto de continuidade para se tornar competitiva na F1 | GP \u00e0s 10\" width=\"500\" height=\"281\" src=\"https:\/\/www.youtube.com\/embed\/i6RNCoHIK-4?feature=oembed\" frameborder=\"0\" allow=\"accelerometer; autoplay; clipboard-write; encrypted-media; gyroscope; picture-in-picture; web-share\" referrerpolicy=\"strict-origin-when-cross-origin\" allowfullscreen><\/iframe>\n<\/div><\/figure>\n","protected":false},"excerpt":{"rendered":"<p>Depois de um terr\u00edvel come\u00e7o de campeonato na F\u00f3rmula 1 2024, a Alpine vai levar novidades para a A524 em Suzuka, no Jap\u00e3o, e espera sair das \u00faltimas posi\u00e7\u00f5es do grid<\/p>\n","protected":false},"author":0,"featured_media":1000791769,"comment_status":"closed","ping_status":"closed","sticky":false,"template":"","format":"standard","meta":{"42wp_featured_image_caption":"","42wp_featured_image_credits":"","42wp_featured_video":"","42wp_featured_image_hidden":false,"42wp_authors_list":[],"footnotes":""},"categories":[2],"tags":[20491,26271,5273,302,147,3230,180,30909,1491,28285,30840,35129,676,33301],"42wp_author":[47135],"class_list":["post-82839","post","type-post","status-publish","format-standard","has-post-thumbnail","hentry","category-f1","tag-alpine","tag-calendario-f1","tag-classificacao-f1","tag-esteban-ocon","tag-f1","tag-f1-2024","tag-formula-1","tag-formula-1-2024","tag-grande-premio","tag-grandepremio","tag-horarios-f1","tag-onde-assistir-f1","tag-pierre-gasly","tag-temporada-2024-f1","42wp_author-pedro-luis-cuenca"],"_links":{"self":[{"href":"https:\/\/grandepremio.com\/br\/wp-json\/wp\/v2\/posts\/82839","targetHints":{"allow":["GET"]}}],"collection":[{"href":"https:\/\/grandepremio.com\/br\/wp-json\/wp\/v2\/posts"}],"about":[{"href":"https:\/\/grandepremio.com\/br\/wp-json\/wp\/v2\/types\/post"}],"replies":[{"embeddable":true,"href":"https:\/\/grandepremio.com\/br\/wp-json\/wp\/v2\/comments?post=82839"}],"version-history":[{"count":0,"href":"https:\/\/grandepremio.com\/br\/wp-json\/wp\/v2\/posts\/82839\/revisions"}],"wp:featuredmedia":[{"embeddable":true,"href":"https:\/\/grandepremio.com\/br\/wp-json\/wp\/v2\/media\/1000791769"}],"wp:attachment":[{"href":"https:\/\/grandepremio.com\/br\/wp-json\/wp\/v2\/media?parent=82839"}],"wp:term":[{"taxonomy":"category","embeddable":true,"href":"https:\/\/grandepremio.com\/br\/wp-json\/wp\/v2\/categories?post=82839"},{"taxonomy":"post_tag","embeddable":true,"href":"https:\/\/grandepremio.com\/br\/wp-json\/wp\/v2\/tags?post=82839"},{"taxonomy":"42wp_author","embeddable":true,"href":"https:\/\/grandepremio.com\/br\/wp-json\/wp\/v2\/42wp_author?post=82839"}],"curies":[{"name":"wp","href":"https:\/\/api.w.org\/{rel}","templated":true}]}}