{"id":82859,"date":"2024-03-31T11:14:38","date_gmt":"2024-03-31T14:14:38","guid":{"rendered":"https:\/\/grandepremio.com\/br\/noticias\/pascal-wehrlein-recupera-lideranca-formula-e-recurso-norman-nato-confira-classificacao\/"},"modified":"2024-03-31T12:27:58","modified_gmt":"2024-03-31T15:27:58","slug":"pascal-wehrlein-recupera-lideranca-formula-e-recurso-norman-nato-confira-classificacao","status":"publish","type":"post","link":"https:\/\/grandepremio.com\/br\/formula-e\/pascal-wehrlein-recupera-lideranca-formula-e-recurso-norman-nato-confira-classificacao\/","title":{"rendered":"Wehrlein recupera lideran\u00e7a da F\u00f3rmula E ap\u00f3s recurso de Nato. Confira classifica\u00e7\u00e3o"},"content":{"rendered":"\n<p class=\"wp-block-paragraph\">A <a href=\"https:\/\/www.grandepremio.com\/br\/formula-e\/noticias\/formula-e-retira-punicao-norman-nato-muda-resultado-toquio-sergio-sette-camara-10o\/\" target=\"_blank\" rel=\"noreferrer noopener\">retirada da puni\u00e7\u00e3o<\/a> de <strong>Norman Nato<\/strong> no <strong>eP de T\u00f3quio<\/strong> n\u00e3o mexeu apenas com o top-10 da primeira etapa da japonesa da hist\u00f3ria da <strong>F\u00f3rmula E<\/strong>, mas tamb\u00e9m com a briga pelo t\u00edtulo do campeonato. Como o franc\u00eas da <strong>Andretti<\/strong> recuperou o sexto lugar na corrida, <strong>Nick<\/strong> <strong>Cassidy<\/strong> caiu de s\u00e9timo para oitavo e fez com que <strong>Pascal<\/strong> <strong>Wehrlein<\/strong> assumisse a lideran\u00e7a isolada do Mundial de Pilotos, com <strong>63 pontos<\/strong>.<\/p>\n\n\n\n<p class=\"wp-block-paragraph\">O neozeland\u00eas da <strong>Jaguar<\/strong> fica, agora, na segunda coloca\u00e7\u00e3o, com <strong>61<\/strong> tentos, enquanto <strong>Oliver<\/strong> <strong>Rowland<\/strong> segue em terceiro, com <strong>54<\/strong>. <strong>Jake<\/strong> <strong>Dennis<\/strong>, atual campe\u00e3o, \u00e9 o quarto com <strong>53<\/strong>, e <strong>Maximilian<\/strong> <strong>G\u00fcnther<\/strong>, <a href=\"https:\/\/youtube.com\/live\/FLMLjZyTeZ8\" target=\"_blank\" rel=\"noreferrer noopener\">vencedor da prova em T\u00f3quio<\/a>, fecha o top-5 com <strong>48<\/strong> tentos.<\/p>\n\n\n\n<p class=\"wp-block-paragraph\"><strong>Mitch<\/strong> <strong>Evans<\/strong> \u00e9 o sexto colocado, com <strong>39<\/strong>, empatado com <strong>Jean-\u00c9ric Vergne<\/strong>, da <strong>DS Penske<\/strong>. <strong>Sam<\/strong> <strong>Bird<\/strong>, com <strong>37<\/strong>, \u00e9 o oitavo, uma posi\u00e7\u00e3o \u00e0 frente de <strong>Robin<\/strong> <strong>Frijns<\/strong>, que tem <strong>21<\/strong>. Por fim, <strong>S\u00e9bastien<\/strong> <strong>Buemi<\/strong>, com <strong>20<\/strong> tentos, completa o grupo dos dez primeiros \u00e0 frente de <strong>Ant\u00f3nio F\u00e9lix da Costa<\/strong> nos crit\u00e9rios de desempate.<\/p>\n\n\n\n<p class=\"wp-block-paragraph\">A dire\u00e7\u00e3o de prova da F\u00f3rmula E alterou a puni\u00e7\u00e3o de Norman por uma colis\u00e3o com Frijns depois de receber um recurso da Andretti. Assim, o top-10 do eP de T\u00f3quio ficou com G\u00fcnther, Rowland, Dennis, Da Costa, Wehrlein, Nato, <strong>Nico<\/strong> <strong>M\u00fcller<\/strong>, Cassidy, Frijns e <strong>S\u00e9rgio<\/strong> <strong>Sette<\/strong> <strong>C\u00e2mara<\/strong>.<\/p>\n\n\n\n<figure class=\"wp-block-image aligncenter size-large is-resized\"><img loading=\"lazy\" decoding=\"async\" src=\"https:\/\/www.grandepremio.com\/br\/wp-content\/uploads\/2024\/01\/GDwPoRQWMAA3gUF-1024x683.jpeg\" alt=\"\" class=\"wp-image-769513\" style=\"width:840px;height:560px\" width=\"840\" height=\"560\"\/><figcaption class=\"wp-element-caption\">Vencedor no M\u00e9xico, Wehrlein retomou a ponta da F\u00f2rmula E (Foto: Porsche)<\/figcaption><\/figure>\n\n\n\n<p class=\"wp-block-paragraph\">A pr\u00f3xima etapa da&nbsp;<a href=\"https:\/\/www.grandepremio.com\/br\/formula-e\/\" target=\"_blank\" rel=\"noreferrer noopener\">F\u00f3rmula E<\/a>&nbsp;est\u00e1 programada para acontecer entre os dias&nbsp;<strong>12 e 14 de abril<\/strong>, com a rodada dupla de estreia do&nbsp;<strong>eP de&nbsp;<a href=\"https:\/\/www.grandepremio.com\/br\/circuito\/misano\/\" target=\"_blank\" rel=\"noreferrer noopener\">Misano<\/a><\/strong>. O&nbsp;<strong>GRANDE PR\u00caMIO<\/strong>&nbsp;transmite todas as atividades de pista&nbsp;<strong>AO VIVO<\/strong>&nbsp;e&nbsp;<strong>COM<\/strong>&nbsp;<strong>IMAGENS<\/strong>&nbsp;no&nbsp;<strong>YouTube<\/strong>.<\/p>\n\n\n\n<p class=\"wp-block-paragraph\"><strong><img decoding=\"async\" style=\"width: 20px;\" src=\"https:\/\/s.w.org\/images\/core\/emoji\/14.0.0\/svg\/25b6.svg\" alt=\"\u25b6\ufe0f\">&nbsp;Inscreva-se nos dois canais do GRANDE PR\u00caMIO no YouTube:&nbsp;<a href=\"https:\/\/www.youtube.com\/channel\/UC9OlHEgxoaY6QY6nWPoiqQg?sub_confirmation=1\" target=\"_blank\" rel=\"noreferrer noopener\">GP<\/a>&nbsp;|&nbsp;<a href=\"https:\/\/www.youtube.com\/channel\/UC9csiS6q_C3C0FYhyr1rnFA?sub_confirmation=1\" target=\"_blank\" rel=\"noreferrer noopener\">GP2<\/a><\/strong><br><strong><img decoding=\"async\" style=\"width: 20px;\" src=\"https:\/\/s.w.org\/images\/core\/emoji\/14.0.0\/svg\/25b6.svg\" alt=\"\u25b6\ufe0f\">&nbsp;<a href=\"https:\/\/www.twitch.tv\/grandepremio\" target=\"_blank\" rel=\"noreferrer noopener\">Conhe\u00e7a o canal do GRANDE PR\u00caMIO na Twitch clicando aqui!<\/a><\/strong><\/p>\n\n\n\n<h2 class=\"wp-block-heading\" id=\"h-formula-e-2023-24-mundial-de-pilotos-apos-ep-de-toquio\">F\u00f3rmula E 2023\/24, Mundial de Pilotos ap\u00f3s eP de T\u00f3quio:<\/h2>\n\n\n\n<figure class=\"wp-block-table\"><table><tbody><tr><td>&nbsp;<\/td><td>&nbsp;<\/td><td>&nbsp;<\/td><td>&nbsp;<\/td><td>Poles<\/td><td>Vit\u00f3rias<\/td><td>P\u00f3dios<\/td><td>VMR<\/td><td>PONTOS<\/td><\/tr><tr><td>1<\/td><td>P WEHRLEIN<\/td><td>ALE<\/td><td>Porsche<\/td><td>2<\/td><td>1<\/td><td>1<\/td><td>\u2014<\/td><td>63<\/td><\/tr><tr><td>2<\/td><td>N CASSIDY<\/td><td>NZL<\/td><td>Jaguar<\/td><td>\u2014<\/td><td>1<\/td><td>3<\/td><td>2<\/td><td>61<\/td><\/tr><tr><td>3<\/td><td>O ROWLAND<\/td><td>ING<\/td><td>Nissan<\/td><td>2<\/td><td>\u2014<\/td><td>3<\/td><td>\u2014<\/td><td>54<\/td><\/tr><tr><td>4<\/td><td>J DENNIS<\/td><td>ING<\/td><td>Andretti<\/td><td>\u2014<\/td><td>1<\/td><td>2<\/td><td>1<\/td><td>53<\/td><\/tr><tr><td>5<\/td><td>M G\u00dcNTHER<\/td><td>ALE<\/td><td>Maserati<\/td><td>\u2014<\/td><td>1<\/td><td>1<\/td><td>1<\/td><td>48<\/td><\/tr><tr><td>6<\/td><td>M EVANS<\/td><td>NZL<\/td><td>Jaguar<\/td><td>\u2014<\/td><td>\u2014<\/td><td>1<\/td><td>\u2014<\/td><td>39<\/td><\/tr><tr><td>7<\/td><td>J.E VERGNE<\/td><td>FRA<\/td><td>DS Penske<\/td><td>1<\/td><td>\u2014<\/td><td>1<\/td><td>\u2014<\/td><td>39<\/td><\/tr><tr><td>8<\/td><td>S BIRD<\/td><td>ING<\/td><td>McLaren<\/td><td>\u2014<\/td><td>1<\/td><td>1<\/td><td>\u2014<\/td><td>37<\/td><\/tr><tr><td>9<\/td><td>R FRIJNS<\/td><td>HOL<\/td><td>Envision<\/td><td>\u2014<\/td><td>\u2014<\/td><td>1<\/td><td>\u2014<\/td><td>21<\/td><\/tr><tr><td>10<\/td><td>S BUEMI<\/td><td>SUI<\/td><td>Envision<\/td><td>\u2014<\/td><td>\u2014<\/td><td>1<\/td><td>1<\/td><td>20<\/td><\/tr><tr><td>11<\/td><td>A.F DA COSTA<\/td><td>POR<\/td><td>Porsche<\/td><td>\u2014<\/td><td>\u2014<\/td><td>\u2014<\/td><td>\u2014<\/td><td>20<\/td><\/tr><tr><td>12<\/td><td>J HUGHES<\/td><td>ING<\/td><td>McLaren<\/td><td>\u2014<\/td><td>\u2014<\/td><td>\u2014<\/td><td>\u2014<\/td><td>18<\/td><\/tr><tr><td>13<\/td><td>S VANDOORNE<\/td><td>BEL<\/td><td>DS Penske<\/td><td>\u2014<\/td><td>\u2014<\/td><td>\u2014<\/td><td>\u2014<\/td><td>18<\/td><\/tr><tr><td>14<\/td><td>N NATO<\/td><td>FRA<\/td><td>Andretti<\/td><td>\u2014<\/td><td>\u2014<\/td><td>\u2014<\/td><td>\u2014<\/td><td>17<\/td><\/tr><tr><td>15<\/td><td>S FENESTRAZ<\/td><td>FRA<\/td><td>Nissan<\/td><td>\u2014<\/td><td>\u2014<\/td><td>\u2014<\/td><td>\u2014<\/td><td>8<\/td><\/tr><tr><td>16<\/td><td>N M\u00dcLLER<\/td><td>SUI<\/td><td>Abt Cupra<\/td><td>\u2014<\/td><td>\u2014<\/td><td>\u2014<\/td><td>\u2014<\/td><td>6<\/td><\/tr><tr><td>17<\/td><td>S SETTE C\u00c2MARA<\/td><td>BRA<\/td><td>ERT<\/td><td>\u2014<\/td><td>\u2014<\/td><td>\u2014<\/td><td>\u2014<\/td><td>3<\/td><\/tr><tr><td>18<\/td><td>E MORTARA<\/td><td>SUI<\/td><td>Mahindra<\/td><td>\u2014<\/td><td>\u2014<\/td><td>\u2014<\/td><td>\u2014<\/td><td>0<\/td><\/tr><tr><td>19<\/td><td>L DI GRASSI<\/td><td>BRA<\/td><td>Abt Cupra<\/td><td>\u2014<\/td><td>\u2014<\/td><td>\u2014<\/td><td>\u2014<\/td><td>0<\/td><\/tr><tr><td>20<\/td><td>N DE VRIES<\/td><td>HOL<\/td><td>Mahindra<\/td><td>\u2014<\/td><td>\u2014<\/td><td>\u2014<\/td><td>\u2014<\/td><td>0<\/td><\/tr><tr><td>21<\/td><td>J DARUVALA<\/td><td>IND<\/td><td>Maserati<\/td><td>\u2014<\/td><td>\u2014<\/td><td>\u2014<\/td><td>\u2014<\/td><td>0<\/td><\/tr><tr><td>22<\/td><td>D TICKTUM<\/td><td>ING<\/td><td>ERT<\/td><td>\u2014<\/td><td>\u2014<\/td><td>\u2014<\/td><td>\u2014<\/td><td>0<\/td><\/tr><\/tbody><\/table><\/figure>\n\n\n\n<h2 class=\"wp-block-heading\" id=\"h-formula-e-2023-24-mundial-de-equipes-apos-ep-de-toquio\">F\u00f3rmula E 2023\/24, Mundial de Equipes ap\u00f3s eP de T\u00f3quio:<\/h2>\n\n\n\n<figure class=\"wp-block-table\"><table><tbody><tr><td>Pos.<\/td><td>Equipe<\/td><td>Poles<\/td><td>Vit\u00f3rias<\/td><td>P\u00f3dios<\/td><td>VMR<\/td><td>Pontos<\/td><\/tr><tr><td>1<\/td><td>JAGUAR<\/td><td>\u2014<\/td><td>1<\/td><td>4<\/td><td>2<\/td><td>100<\/td><\/tr><tr><td>2<\/td><td>PORSCHE<\/td><td>2<\/td><td>1<\/td><td>1<\/td><td>\u2014<\/td><td>83<\/td><\/tr><tr><td>3<\/td><td>ANDRETTI<\/td><td>\u2014<\/td><td>1<\/td><td>2<\/td><td>1<\/td><td>70<\/td><\/tr><tr><td>4<\/td><td>NISSAN<\/td><td>2<\/td><td>\u2014<\/td><td>3<\/td><td>\u2014<\/td><td>62<\/td><\/tr><tr><td>5<\/td><td>DS PENSKE<\/td><td>1<\/td><td>\u2014<\/td><td>1<\/td><td>\u2014<\/td><td>57<\/td><\/tr><tr><td>6<\/td><td>McLAREN<\/td><td>\u2014<\/td><td>1<\/td><td>1<\/td><td>\u2014<\/td><td>55<\/td><\/tr><tr><td>7<\/td><td>MASERATI<\/td><td>\u2014<\/td><td>1<\/td><td>1<\/td><td>1<\/td><td>48<\/td><\/tr><tr><td>8<\/td><td>ENVISION<\/td><td>\u2014<\/td><td>\u2014<\/td><td>2<\/td><td>1<\/td><td>41<\/td><\/tr><tr><td>9<\/td><td>ABT CUPRA<\/td><td>\u2014<\/td><td>\u2014<\/td><td>\u2014<\/td><td>\u2014<\/td><td>6<\/td><\/tr><tr><td>10<\/td><td>ERT<\/td><td>\u2014<\/td><td>\u2014<\/td><td>\u2014<\/td><td>\u2014<\/td><td>3<\/td><\/tr><tr><td>11<\/td><td>MAHINDRA<\/td><td>\u2014<\/td><td>\u2014<\/td><td>\u2014<\/td><td>\u2014<\/td><td>0<\/td><\/tr><\/tbody><\/table><\/figure>\n\n\n\n<figure class=\"wp-block-embed is-type-video is-provider-youtube wp-block-embed-youtube wp-embed-aspect-16-9 wp-has-aspect-ratio\"><div class=\"wp-block-embed__wrapper\">\n<iframe loading=\"lazy\" title=\"F\u00d3RMULA E 2024 - eP DE T\u00d3QUIO | 5\u00aa etapa | Corrida\" width=\"500\" height=\"281\" src=\"https:\/\/www.youtube.com\/embed\/FLMLjZyTeZ8?feature=oembed\" frameborder=\"0\" allow=\"accelerometer; autoplay; clipboard-write; encrypted-media; gyroscope; picture-in-picture; web-share\" referrerpolicy=\"strict-origin-when-cross-origin\" allowfullscreen><\/iframe>\n<\/div><\/figure>\n","protected":false},"excerpt":{"rendered":"<p>A dire\u00e7\u00e3o de prova da FIA retirou a puni\u00e7\u00e3o de Norman Nato em T\u00f3quio ap\u00f3s receber novas evid\u00eancias no momento do contato do franc\u00eas com Robin Frijns. O piloto recuperou o sexto lugar e empurrou Nick Cassidy para oitavo, deixando Pascal Wehrlein na lideran\u00e7a da F\u00f3rmula E<\/p>\n","protected":false},"author":0,"featured_media":1000795323,"comment_status":"closed","ping_status":"closed","sticky":false,"template":"","format":"standard","meta":{"42wp_featured_image_caption":"","42wp_featured_image_credits":"","42wp_featured_video":"","42wp_featured_image_hidden":false,"42wp_authors_list":[],"footnotes":""},"categories":[19],"tags":[417,33214,28679,6853,32661,379,36881,840,35967,38901,1601,1491,30103,28285,910,2128,1722,36219,1194,736,38932],"42wp_author":[47142],"class_list":["post-82859","post","type-post","status-publish","format-standard","has-post-thumbnail","hentry","category-formula-e","tag-andretti","tag-calendario-fe","tag-calendario-formula-e","tag-classificacao-formula-e","tag-ep-de-toquio","tag-fe","tag-fe-2024","tag-formula-e","tag-formula-e-2024","tag-formula-e-japao","tag-gen3","tag-grande-premio","tag-grande-premio-f1","tag-grandepremio","tag-jaguar","tag-nick-cassidy","tag-norman-nato","tag-onde-assistir-formula-e","tag-pascal-wehrlein","tag-porsche","tag-tokyo-eprix","42wp_author-jp-nascimento"],"_links":{"self":[{"href":"https:\/\/grandepremio.com\/br\/wp-json\/wp\/v2\/posts\/82859","targetHints":{"allow":["GET"]}}],"collection":[{"href":"https:\/\/grandepremio.com\/br\/wp-json\/wp\/v2\/posts"}],"about":[{"href":"https:\/\/grandepremio.com\/br\/wp-json\/wp\/v2\/types\/post"}],"replies":[{"embeddable":true,"href":"https:\/\/grandepremio.com\/br\/wp-json\/wp\/v2\/comments?post=82859"}],"version-history":[{"count":0,"href":"https:\/\/grandepremio.com\/br\/wp-json\/wp\/v2\/posts\/82859\/revisions"}],"wp:featuredmedia":[{"embeddable":true,"href":"https:\/\/grandepremio.com\/br\/wp-json\/wp\/v2\/media\/1000795323"}],"wp:attachment":[{"href":"https:\/\/grandepremio.com\/br\/wp-json\/wp\/v2\/media?parent=82859"}],"wp:term":[{"taxonomy":"category","embeddable":true,"href":"https:\/\/grandepremio.com\/br\/wp-json\/wp\/v2\/categories?post=82859"},{"taxonomy":"post_tag","embeddable":true,"href":"https:\/\/grandepremio.com\/br\/wp-json\/wp\/v2\/tags?post=82859"},{"taxonomy":"42wp_author","embeddable":true,"href":"https:\/\/grandepremio.com\/br\/wp-json\/wp\/v2\/42wp_author?post=82859"}],"curies":[{"name":"wp","href":"https:\/\/api.w.org\/{rel}","templated":true}]}}