{"id":82874,"date":"2024-03-31T09:36:45","date_gmt":"2024-03-31T12:36:45","guid":{"rendered":"https:\/\/grandepremio.com\/br\/noticias\/formula-e-retira-punicao-norman-nato-muda-resultado-toquio-sergio-sette-camara-10o\/"},"modified":"2024-03-31T12:27:43","modified_gmt":"2024-03-31T15:27:43","slug":"formula-e-retira-punicao-norman-nato-muda-resultado-toquio-sergio-sette-camara-10o","status":"publish","type":"post","link":"https:\/\/grandepremio.com\/br\/formula-e\/formula-e-retira-punicao-norman-nato-muda-resultado-toquio-sergio-sette-camara-10o\/","title":{"rendered":"F\u00f3rmula E retira puni\u00e7\u00e3o de Nato e muda resultado em T\u00f3quio. Sette C\u00e2mara cai para 10\u00ba"},"content":{"rendered":"\n<p class=\"wp-block-paragraph\">Punido com <strong>5s<\/strong> no tempo final da corrida por colis\u00e3o com <strong>Robin<\/strong> <strong>Frijns<\/strong> na reta final do <strong>eP de T\u00f3quio<\/strong>, <a href=\"https:\/\/youtube.com\/live\/FLMLjZyTeZ8\" target=\"_blank\" rel=\"noreferrer noopener\">disputado no \u00faltimo fim de semana<\/a>, <strong>Norman<\/strong> <strong>Nato<\/strong> teve a penalidade retirada pela <strong>FIA<\/strong> ap\u00f3s recurso da <strong>Andretti<\/strong> e recuperou o <strong>sexto lugar<\/strong> ao fim da disputa. Segundo a dire\u00e7\u00e3o de prova, a equipe americana providenciou novas imagens sobre o lance e comprovou que o franc\u00eas n\u00e3o virou o volante para a esquerda no momento do toque.<\/p>\n\n\n\n<p class=\"wp-block-paragraph\">&#8220;Depois da corrida, os comiss\u00e1rios receberam um v\u00eddeo adicional da onboard [de Nato] que mostrou que o carro #17 estava na linha de corrida e n\u00e3o for\u00e7ou o carro #4 para a esquerda. Nenhum dos pilotos foi considerado predominantemente culpado pelo incidente&#8221;, disse a FIA em comunicado.<\/p>\n\n\n\n<p class=\"wp-block-paragraph\">Com a altera\u00e7\u00e3o, Nato empurrou <strong>Sacha Fenestraz<\/strong> para fora do top-10 e tamb\u00e9m fez com que <strong>S\u00e9rgio<\/strong> <strong>Sette<\/strong> <strong>C\u00e2mara<\/strong>, o pr\u00f3prio <strong>Frijns<\/strong>, <strong>Nick<\/strong> <strong>Cassidy<\/strong> e <strong>Nico<\/strong> <strong>M\u00fcller<\/strong> perdessem uma posi\u00e7\u00e3o cada. Os pilotos terminaram, respectivamente, em d\u00e9cimo, nono, oitavo e s\u00e9timo.<\/p>\n\n\n\n<p class=\"wp-block-paragraph\">A retirada da puni\u00e7\u00e3o de Nato n\u00e3o mudou apenas o grupo dos dez primeiros do eP de T\u00f3quio, mas tamb\u00e9m a classifica\u00e7\u00e3o do campeonato. Como Cassidy caiu de s\u00e9timo para oitavo, deixou de somar seis pontos e ficou com <strong>quatro<\/strong>, o que o fez perder a lideran\u00e7a para <strong>Pascal<\/strong> <strong>Wehrlein<\/strong>.<\/p>\n\n\n\n<figure class=\"wp-block-video\"><video class=\"video-js vjs-big-play-centered\" data-gp-vjs=\"1\" controls src=\"https:\/\/www.grandepremio.com\/br\/wp-content\/uploads\/2024\/03\/100-\ud83d\udd34FORMULA-E-2024-AO-VIVO-eP-DE-TOQUIO-_-5a-etapa-_-Corrida-YouTube-\u2014-Firefox-Developer-Edition-2024-03-30-03-55-05.mp4\"><\/video><figcaption class=\"wp-element-caption\">A batida que havia rendido 5s de puni\u00e7\u00e3o a Nato em T\u00f3quio (V\u00eddeo: GRANDE PR\u00caMIO)<\/figcaption><\/figure>\n\n\n\n<p class=\"wp-block-paragraph\">O alem\u00e3o da <strong>Porsche<\/strong>, que foi aos <strong>63<\/strong> <strong>pontos<\/strong> com o quinto lugar, lidera de forma isolada, enquanto o neozeland\u00eas da <strong>Jaguar<\/strong> ficou com <strong>61<\/strong>, em segundo. <strong>Oliver<\/strong> <strong>Rowland<\/strong> [54], <strong>Jake<\/strong> <strong>Dennis<\/strong> [53] e <strong>Maximilian<\/strong> <strong>G\u00fcnther<\/strong> [48], <a href=\"https:\/\/www.grandepremio.com\/br\/formula-e\/noticias\/maximilian-gunther-coroa-fase-brilhante-toquio-modo-caca-maserati-formula-e\/\" target=\"_blank\" rel=\"noreferrer noopener\">o vencedor da prova<\/a>, completam o top-5 do Mundial de Pilotos. Nato \u00e9 o <strong>14\u00ba<\/strong>, com <strong>17<\/strong> tentos<\/p>\n\n\n\n<p class=\"wp-block-paragraph\">A pr\u00f3xima etapa da&nbsp;<a href=\"https:\/\/www.grandepremio.com\/br\/formula-e\/\" target=\"_blank\" rel=\"noreferrer noopener\">F\u00f3rmula E<\/a>&nbsp;est\u00e1 programada para acontecer entre os dias&nbsp;<strong>12 e 14 de abril<\/strong>, com a rodada dupla de estreia do&nbsp;<strong>eP de&nbsp;<a href=\"https:\/\/www.grandepremio.com\/br\/circuito\/misano\/\" target=\"_blank\" rel=\"noreferrer noopener\">Misano<\/a><\/strong>. O&nbsp;<strong>GRANDE PR\u00caMIO<\/strong>&nbsp;transmite todas as atividades de pista&nbsp;<strong>AO VIVO<\/strong>&nbsp;e&nbsp;<strong>COM<\/strong>&nbsp;<strong>IMAGENS<\/strong>&nbsp;no&nbsp;<strong>YouTube<\/strong>.<\/p>\n\n\n\n<p class=\"wp-block-paragraph\"><strong><img decoding=\"async\" style=\"width: 20px;\" src=\"https:\/\/s.w.org\/images\/core\/emoji\/14.0.0\/svg\/25b6.svg\" alt=\"\u25b6\ufe0f\">&nbsp;Inscreva-se nos dois canais do GRANDE PR\u00caMIO no YouTube:&nbsp;<a href=\"https:\/\/www.youtube.com\/channel\/UC9OlHEgxoaY6QY6nWPoiqQg?sub_confirmation=1\" target=\"_blank\" rel=\"noreferrer noopener\">GP<\/a>&nbsp;|&nbsp;<a href=\"https:\/\/www.youtube.com\/channel\/UC9csiS6q_C3C0FYhyr1rnFA?sub_confirmation=1\" target=\"_blank\" rel=\"noreferrer noopener\">GP2<\/a><\/strong><br><strong><img decoding=\"async\" style=\"width: 20px;\" src=\"https:\/\/s.w.org\/images\/core\/emoji\/14.0.0\/svg\/25b6.svg\" alt=\"\u25b6\ufe0f\">&nbsp;<a href=\"https:\/\/www.twitch.tv\/grandepremio\" target=\"_blank\" rel=\"noreferrer noopener\">Conhe\u00e7a o canal do GRANDE PR\u00caMIO na Twitch clicando aqui!<\/a><\/strong><\/p>\n\n\n\n<h2 class=\"wp-block-heading\" id=\"h-formula-e-2024-ep-de-toquio-5\u00aa-etapa-resultado-final\">F\u00f3rmula E 2024, eP de T\u00f3quio, 5\u00aa Etapa, Resultado Final:<\/h2>\n\n\n\n<figure class=\"wp-block-table\"><table><tbody><tr><td>1<\/td><td>7<\/td><td>M G\u00dcNTHER<\/td><td>Maserati<\/td><td>35 voltas<\/td><\/tr><tr><td>2<\/td><td>22<\/td><td>O ROWLAND<\/td><td>Nissan<\/td><td>+ 0.755<\/td><\/tr><tr><td>3<\/td><td>1<\/td><td>J DENNIS<\/td><td>Andretti<\/td><td>+ 1.405<\/td><\/tr><tr><td>4<\/td><td>13<\/td><td>A. F. DA COSTA<\/td><td>Porsche<\/td><td>+ 1.822<\/td><\/tr><tr><td>5<\/td><td>94<\/td><td>P WEHRLEIN<\/td><td>Porsche<\/td><td>+ 3.897<\/td><\/tr><tr><td>6<\/td><td>17<\/td><td>N NATO<\/td><td>Andretti<\/td><td>+4.573<\/td><\/tr><tr><td>7<\/td><td>51<\/td><td>N M\u00dcLLER<\/td><td>Abt Cupra<\/td><td>+ 4.983<\/td><\/tr><tr><td>8<\/td><td>37<\/td><td>N CASSIDY<\/td><td>Jaguar<\/td><td>+ 5.542<\/td><\/tr><tr><td>9<\/td><td>4<\/td><td>R FRIJNS<\/td><td>Envision<\/td><td>+ 5.929<\/td><\/tr><tr><td>10<\/td><td>3<\/td><td>S SETTE C\u00c2MARA<\/td><td>ERT<\/td><td>+ 6.504<\/td><\/tr><tr><td>11<\/td><td>23<\/td><td>S FENESTRAZ<\/td><td>Nissan<\/td><td>+ 7.016<\/td><\/tr><tr><td>12<\/td><td>25<\/td><td>J. E. VERGNE<\/td><td>DS Penske<\/td><td>+ 7.583<\/td><\/tr><tr><td>13<\/td><td>16<\/td><td>S BUEMI<\/td><td>Envision<\/td><td>+ 8.467<\/td><\/tr><tr><td>14<\/td><td>5<\/td><td>J HUGHES<\/td><td>McLaren<\/td><td>+ 8.859<\/td><\/tr><tr><td>15<\/td><td>9<\/td><td>M EVANS<\/td><td>Jaguar<\/td><td>+ 9.316<\/td><\/tr><tr><td>16<\/td><td>2<\/td><td>S VANDOORNE<\/td><td>DS Penske<\/td><td>+ 9.735<\/td><\/tr><tr><td>17<\/td><td>18<\/td><td>J DARUVALA<\/td><td>Maserati<\/td><td>+ 15.096<\/td><\/tr><tr><td>18<\/td><td>33<\/td><td>D TICKTUM<\/td><td>ERT<\/td><td>+ 49.418<\/td><\/tr><tr><td>19<\/td><td>8<\/td><td>S BIRD<\/td><td>McLaren<\/td><td>+ 1 volta<\/td><\/tr><tr><td>20<\/td><td>11<\/td><td>L DI GRASSI<\/td><td>Abt Cupra<\/td><td>NC<\/td><\/tr><tr><td>21<\/td><td>21<\/td><td>N DE VRIES<\/td><td>Mahindra<\/td><td>NC<\/td><\/tr><tr><td>22<\/td><td>48<\/td><td>E MORTARA<\/td><td>Mahindra<\/td><td>DSQ<\/td><\/tr><\/tbody><\/table><\/figure>\n\n\n\n<figure class=\"wp-block-embed is-type-video is-provider-youtube wp-block-embed-youtube wp-embed-aspect-16-9 wp-has-aspect-ratio\"><div class=\"wp-block-embed__wrapper\">\n<iframe loading=\"lazy\" title=\"F\u00d3RMULA E 2024 - eP DE T\u00d3QUIO | 5\u00aa etapa | Corrida\" width=\"500\" height=\"281\" src=\"https:\/\/www.youtube.com\/embed\/FLMLjZyTeZ8?feature=oembed\" frameborder=\"0\" allow=\"accelerometer; autoplay; clipboard-write; encrypted-media; gyroscope; picture-in-picture; web-share\" referrerpolicy=\"strict-origin-when-cross-origin\" allowfullscreen><\/iframe>\n<\/div><\/figure>\n","protected":false},"excerpt":{"rendered":"<p>Depois de perder o sexto lugar por puni\u00e7\u00e3o em colis\u00e3o com Robin Frijns no eP de T\u00f3quio, Norman Nato viu a decis\u00e3o ser revista, recuperou lugar no top-10 e empurrou S\u00e9rgio Sette C\u00e2mara para d\u00e9cimo. Al\u00e9m disso, altera\u00e7\u00e3o deixou Pascal Wehrlein como l\u00edder da F\u00f3rmula E<\/p>\n","protected":false},"author":0,"featured_media":1000795603,"comment_status":"closed","ping_status":"closed","sticky":false,"template":"","format":"standard","meta":{"42wp_featured_image_caption":"","42wp_featured_image_credits":"","42wp_featured_video":"","42wp_featured_image_hidden":false,"42wp_authors_list":[],"footnotes":""},"categories":[19],"tags":[417,28679,6853,32661,36858,379,36881,840,35967,1601,1491,30103,28285,1722,36219,1194,736,1025],"42wp_author":[47142],"class_list":["post-82874","post","type-post","status-publish","format-standard","has-post-thumbnail","hentry","category-formula-e","tag-andretti","tag-calendario-formula-e","tag-classificacao-formula-e","tag-ep-de-toquio","tag-ert","tag-fe","tag-fe-2024","tag-formula-e","tag-formula-e-2024","tag-gen3","tag-grande-premio","tag-grande-premio-f1","tag-grandepremio","tag-norman-nato","tag-onde-assistir-formula-e","tag-pascal-wehrlein","tag-porsche","tag-sergio-sette-camara","42wp_author-jp-nascimento"],"_links":{"self":[{"href":"https:\/\/grandepremio.com\/br\/wp-json\/wp\/v2\/posts\/82874","targetHints":{"allow":["GET"]}}],"collection":[{"href":"https:\/\/grandepremio.com\/br\/wp-json\/wp\/v2\/posts"}],"about":[{"href":"https:\/\/grandepremio.com\/br\/wp-json\/wp\/v2\/types\/post"}],"replies":[{"embeddable":true,"href":"https:\/\/grandepremio.com\/br\/wp-json\/wp\/v2\/comments?post=82874"}],"version-history":[{"count":0,"href":"https:\/\/grandepremio.com\/br\/wp-json\/wp\/v2\/posts\/82874\/revisions"}],"wp:featuredmedia":[{"embeddable":true,"href":"https:\/\/grandepremio.com\/br\/wp-json\/wp\/v2\/media\/1000795603"}],"wp:attachment":[{"href":"https:\/\/grandepremio.com\/br\/wp-json\/wp\/v2\/media?parent=82874"}],"wp:term":[{"taxonomy":"category","embeddable":true,"href":"https:\/\/grandepremio.com\/br\/wp-json\/wp\/v2\/categories?post=82874"},{"taxonomy":"post_tag","embeddable":true,"href":"https:\/\/grandepremio.com\/br\/wp-json\/wp\/v2\/tags?post=82874"},{"taxonomy":"42wp_author","embeddable":true,"href":"https:\/\/grandepremio.com\/br\/wp-json\/wp\/v2\/42wp_author?post=82874"}],"curies":[{"name":"wp","href":"https:\/\/api.w.org\/{rel}","templated":true}]}}