{"id":82900,"date":"2024-03-31T04:15:00","date_gmt":"2024-03-31T07:15:00","guid":{"rendered":"https:\/\/grandepremio.com\/br\/noticias\/sauber-realca-uniao-problemas-pit-stops-juntos-derrota-ou-vitoria\/"},"modified":"2024-03-31T10:31:06","modified_gmt":"2024-03-31T13:31:06","slug":"sauber-realca-uniao-problemas-pit-stops-juntos-derrota-ou-vitoria","status":"publish","type":"post","link":"https:\/\/grandepremio.com\/br\/f1\/sauber-realca-uniao-problemas-pit-stops-juntos-derrota-ou-vitoria\/","title":{"rendered":"Sauber real\u00e7a uni\u00e3o ap\u00f3s problemas nos pit-stops: \u201cJuntos na derrota ou na vit\u00f3ria\u201d"},"content":{"rendered":"\n<p class=\"wp-block-paragraph\">Envolvida em um <a href=\"https:\/\/www.grandepremio.com\/br\/?p=794383\">problema cr\u00f4nico durante os pit-stops<\/a> na <strong><a href=\"https:\/\/www.grandepremio.com\/br\/f1\/calendario\/\">temporada 2024<\/a><\/strong>, a <strong>Sauber<\/strong> tem na uni\u00e3o um trunfo para suplantar a turbul\u00eancia na <strong><a href=\"https:\/\/www.grandepremio.com\/br\/f1\/\">F\u00f3rmula 1<\/a><\/strong>. <strong>Alessandro Alunni Bravi<\/strong>, chefe da equipe, reconheceu a necessidade de solucionar a falha, mas refor\u00e7ou que todos em <strong>Hinwil<\/strong> est\u00e3o \u201cjuntos, na vit\u00f3ria ou na derrota\u201d.<\/p>\n\n\n\n<p class=\"wp-block-paragraph\">Em tr\u00eas provas disputadas at\u00e9 aqui, ao menos um dos pilotos da Sauber enfrentou alguma intercorr\u00eancia durante pit-stop em cada uma dessas etapas. Na <strong>Austr\u00e1lia<\/strong>, <strong>Guanyu Zhou<\/strong> e <strong>Valtteri Bottas<\/strong> <a href=\"https:\/\/www.grandepremio.com\/br\/?p=793674\">sofreram com longas paradas<\/a>, o que extinguiu as chances do <a href=\"https:\/\/www.grandepremio.com\/br\/f1\/noticias\/sauber-lamenta-problemas-pit-stops-dolorosos-pontos-perdidos-gp-da-australia\/\">time terminar nos pontos<\/a>.<\/p>\n\n\n\n<p class=\"wp-block-paragraph\">A <a href=\"https:\/\/www.grandepremio.com\/br\/f1\/noticias\/sauber-ve-problema-complexo-pit-stops-teme-solucao-demore-pouco-mais\/\">resolu\u00e7\u00e3o do problema parece ser mais complexa<\/a> do que se esperava, como a pr\u00f3pria Sauber admitiu. Com novos equipamentos para a realiza\u00e7\u00e3o da troca de pneus, similar aos utilizados pelas principais equipes, o time de Hinwil construiu novas porcas. Entretanto, com o aquecimento dos freios durante as corridas, o encaixe entre as partes n\u00e3o tem sido adequado, o que tem atrasado algumas das paradas.<\/p>\n\n\n\n<p class=\"wp-block-paragraph\">Diante do epis\u00f3dio, o l\u00edder da Sauber n\u00e3o quis apontar o dedo para culpados, mas fortalecer os relacionamentos. Al\u00e9m de muito trabalho, Alunni Bravi enxerga que a uni\u00e3o ser\u00e1 determinante para resolver a quest\u00e3o.<\/p>\n\n\n\n<figure class=\"wp-block-image size-full\"><img decoding=\"async\" src=\"https:\/\/www.grandepremio.com\/br\/wp-content\/uploads\/2024\/03\/Alunni-Bravi.jpg\" alt=\"\" class=\"wp-image-795421\"\/><figcaption class=\"wp-element-caption\">Alessandro Alunni Bravi v\u00ea pontos de evolu\u00e7\u00e3o na Sauber (Foto: Sauber)<\/figcaption><\/figure>\n\n\n\n<p class=\"wp-block-paragraph\">\u201cPara mim, \u00e9 consider\u00e1vel mostrar aos nossos pilotos que estamos juntos, que trabalhamos unidos, mesmo quando temos um problema como esse. Seja na vit\u00f3ria ou na derrota, isso \u00e9 o mais significativo nessa situa\u00e7\u00e3o\u201d, afirmou o chefe da Sauber.<\/p>\n\n\n\n<p class=\"wp-block-paragraph\">\u201cComo disse para toda a equipe, temos de assumir a responsabilidade quando as coisas n\u00e3o est\u00e3o na dire\u00e7\u00e3o correta. \u00c9 trabalhar juntos para evoluir\u201d, prosseguiu.<\/p>\n\n\n\n<p class=\"wp-block-paragraph\">Alunni Bravi ponderou que o desempenho da Sauber progrediu em <strong>Melbourne<\/strong> em compara\u00e7\u00e3o com as etapas anteriores, mas reconheceu que as falhas nos pit-stops tiraram as chances de alcan\u00e7ar um bom resultado. O dirigente aproveitou a ocasi\u00e3o para, mais uma vez, se desculpar com Bottas e Zhou.<\/p>\n\n\n\n<p class=\"wp-block-paragraph\">\u201cVoltamos desse final de semana com coisas positivas, mas, claro, comprometidas pelos atrasos nos boxes. Queremos trabalhar muito, essa foi outra oportunidade perdida\u201d, apontou.<\/p>\n\n\n\n<figure class=\"wp-block-image size-large\"><img decoding=\"async\" src=\"https:\/\/www.grandepremio.com\/br\/wp-content\/uploads\/2024\/03\/australia-2024-f1-treino-livre-sauber-guanyu-zhou-afp-01-1024x682.jpg\" alt=\"\" class=\"wp-image-790881\"\/><figcaption class=\"wp-element-caption\">Sauber cometeu erros nas tr\u00eas primeiras corridas deste ano (Foto: AFP)<\/figcaption><\/figure>\n\n\n\n<p class=\"wp-block-paragraph\">\u201c\u00c9 importante [pedir desculpas aos pilotos], porque tivemos problemas recorrentes de pit-stop, duas vezes com Valtteri. Ele fez uma corrida forte e quero mant\u00ea-lo muito motivado em todos os GPs. O m\u00ednimo que posso dizer \u00e9 desculpas\u201d, encerrou.<\/p>\n\n\n\n<p class=\"wp-block-paragraph\">A&nbsp;<strong><a href=\"https:\/\/www.grandepremio.com\/br\/f1\/\"><\/a><a href=\"https:\/\/www.grandepremio.com\/br\/f1\/\" target=\"_blank\" rel=\"noreferrer noopener\">F\u00f3rmula 1<\/a><\/strong>&nbsp;retorna com a temporada 2024 no pr\u00f3ximo final de semana, entre os dias 5 e 7 de abril, com o&nbsp;<strong>GP do Jap\u00e3o<\/strong>, em&nbsp;<strong><a href=\"https:\/\/www.grandepremio.com\/br\/circuito\/suzuka\/\" target=\"_blank\" rel=\"noreferrer noopener\">Suzuka<\/a><\/strong>.<\/p>\n\n\n\n<p class=\"wp-block-paragraph\"><strong><img decoding=\"async\" src=\"https:\/\/s.w.org\/images\/core\/emoji\/14.0.0\/svg\/25b6.svg\" alt=\"\u25b6\ufe0f\" style=\"width: 20px;\">&nbsp;Inscreva-se nos dois canais do&nbsp;GRANDE PR\u00caMIO&nbsp;no YouTube:&nbsp;<a href=\"https:\/\/www.youtube.com\/channel\/UC9OlHEgxoaY6QY6nWPoiqQg?sub_confirmation=1\">GP<\/a>&nbsp;|&nbsp;<a href=\"https:\/\/www.youtube.com\/channel\/UC9csiS6q_C3C0FYhyr1rnFA?sub_confirmation=1\">GP2<\/a><br><img decoding=\"async\" src=\"https:\/\/s.w.org\/images\/core\/emoji\/14.0.0\/svg\/25b6.svg\" alt=\"\u25b6\ufe0f\" style=\"width: 20px;\">&nbsp;<a href=\"https:\/\/www.twitch.tv\/grandepremio\">Conhe\u00e7a o canal do&nbsp;GRANDE PR\u00caMIO&nbsp;na Twitch clicando aqui!<\/a><\/strong><\/p>\n\n\n\n<figure class=\"wp-block-embed is-type-video is-provider-youtube wp-block-embed-youtube wp-embed-aspect-16-9 wp-has-aspect-ratio\"><div class=\"wp-block-embed__wrapper\">\n<iframe loading=\"lazy\" title=\"VERSTAPPEN OU HORNER: DECIS\u00c3O da RED BULL pode AGITAR mercado na F1 | WGP\" width=\"500\" height=\"281\" src=\"https:\/\/www.youtube.com\/embed\/0rxky5lxbMI?feature=oembed\" frameborder=\"0\" allow=\"accelerometer; autoplay; clipboard-write; encrypted-media; gyroscope; picture-in-picture; web-share\" referrerpolicy=\"strict-origin-when-cross-origin\" allowfullscreen><\/iframe>\n<\/div><\/figure>\n","protected":false},"excerpt":{"rendered":"<p>Alessandro Alunni Bravi, chefe da Sauber, afirmou que harmonia na equipe ser\u00e1 chave para solucionar dificuldades durante paradas dos boxes<\/p>\n","protected":false},"author":0,"featured_media":1000791795,"comment_status":"closed","ping_status":"closed","sticky":false,"template":"","format":"standard","meta":{"42wp_featured_image_caption":"","42wp_featured_image_credits":"","42wp_featured_video":"","42wp_featured_image_hidden":false,"42wp_authors_list":[],"footnotes":""},"categories":[2],"tags":[4346,26271,5273,147,3230,180,30909,1753,3023,1491,28285,3746,30840,1757,35129,1743,308,1197,608,33301,612],"42wp_author":[47155],"class_list":["post-82900","post","type-post","status-publish","format-standard","has-post-thumbnail","hentry","category-f1","tag-albert-park","tag-calendario-f1","tag-classificacao-f1","tag-f1","tag-f1-2024","tag-formula-1","tag-formula-1-2024","tag-gp-da-australia","tag-gp-do-japao","tag-grande-premio","tag-grandepremio","tag-guanyu-zhou","tag-horarios-f1","tag-melbourne","tag-onde-assistir-f1","tag-pit-stop","tag-problemas","tag-sauber","tag-suzuka","tag-temporada-2024-f1","tag-valtteri-bottas","42wp_author-daniel-balsa"],"_links":{"self":[{"href":"https:\/\/grandepremio.com\/br\/wp-json\/wp\/v2\/posts\/82900","targetHints":{"allow":["GET"]}}],"collection":[{"href":"https:\/\/grandepremio.com\/br\/wp-json\/wp\/v2\/posts"}],"about":[{"href":"https:\/\/grandepremio.com\/br\/wp-json\/wp\/v2\/types\/post"}],"replies":[{"embeddable":true,"href":"https:\/\/grandepremio.com\/br\/wp-json\/wp\/v2\/comments?post=82900"}],"version-history":[{"count":0,"href":"https:\/\/grandepremio.com\/br\/wp-json\/wp\/v2\/posts\/82900\/revisions"}],"wp:featuredmedia":[{"embeddable":true,"href":"https:\/\/grandepremio.com\/br\/wp-json\/wp\/v2\/media\/1000791795"}],"wp:attachment":[{"href":"https:\/\/grandepremio.com\/br\/wp-json\/wp\/v2\/media?parent=82900"}],"wp:term":[{"taxonomy":"category","embeddable":true,"href":"https:\/\/grandepremio.com\/br\/wp-json\/wp\/v2\/categories?post=82900"},{"taxonomy":"post_tag","embeddable":true,"href":"https:\/\/grandepremio.com\/br\/wp-json\/wp\/v2\/tags?post=82900"},{"taxonomy":"42wp_author","embeddable":true,"href":"https:\/\/grandepremio.com\/br\/wp-json\/wp\/v2\/42wp_author?post=82900"}],"curies":[{"name":"wp","href":"https:\/\/api.w.org\/{rel}","templated":true}]}}