{"id":83000,"date":"2024-03-30T02:16:11","date_gmt":"2024-03-30T05:16:11","guid":{"rendered":"https:\/\/grandepremio.com\/br\/noticias\/fia-distribui-punicoes-poe-mitch-evans-bonde-prejuizo-grid-ep-de-toquio\/"},"modified":"2024-03-30T02:19:09","modified_gmt":"2024-03-30T05:19:09","slug":"fia-distribui-punicoes-poe-mitch-evans-bonde-prejuizo-grid-ep-de-toquio","status":"publish","type":"post","link":"https:\/\/grandepremio.com\/br\/formula-e\/fia-distribui-punicoes-poe-mitch-evans-bonde-prejuizo-grid-ep-de-toquio\/","title":{"rendered":"FIA distribui puni\u00e7\u00f5es e p\u00f5e Evans e &#8216;bonde&#8217; em preju\u00edzo no grid do eP de T\u00f3quio"},"content":{"rendered":"\n<p class=\"wp-block-paragraph\">A <strong>F\u00f3rmula E<\/strong> definiu as puni\u00e7\u00f5es de <strong>Mitch Evans<\/strong>, <strong>Jake Hughes<\/strong>,<strong> S\u00e9bastien Buemi<\/strong> e <strong>Sam Bird<\/strong> ap\u00f3s a investiga\u00e7\u00e3o feita pelos comiss\u00e1rios de prova na classifica\u00e7\u00e3o deste s\u00e1bado (30) em <strong>T\u00f3quio<\/strong>, que deu <a href=\"https:\/\/www.grandepremio.com\/br\/formula-e\/noticias\/oliver-rowland-faz-festa-nissan-casa-garante-pole-position-ep-toquio\/\">a pole-position<\/a> a <strong>Oliver Rowland<\/strong>. Ambos perderam tr\u00eas posi\u00e7\u00f5es para a corrida de logo mais.<\/p>\n\n\n\n<p class=\"wp-block-paragraph\">O maior prejudicado \u00e9 o neozeland\u00eas da <strong>Jaguar<\/strong>, que foi considerado culpado por bloquear <strong>Jean-\u00c9ric Vergne<\/strong> na curva 16, e caiu da sexta para a nona coloca\u00e7\u00e3o. Com isso, <strong>Pascal Wehrlein<\/strong>, <strong>Nico M\u00fcller<\/strong> e <strong>Ant\u00f3nio F\u00e9lix da Costa<\/strong> ganham uma posi\u00e7\u00e3o no grid, respectivamente.<\/p>\n\n\n\n<p class=\"wp-block-paragraph\">Hughes comprometeu a volta do brasileiro <strong>Lucas Di Grassi<\/strong> na curva 19 e vai sair na 16\u00aa posi\u00e7\u00e3o, colocando Vergne, o brasileiro e <strong>Dan Ticktum<\/strong> uma coloca\u00e7\u00e3o \u00e0 frente no grid.<\/p>\n\n\n\n<p class=\"wp-block-paragraph\">O su\u00ed\u00e7o da <strong>Envision<\/strong> tamb\u00e9m foi responsabilizado por bloquear o piloto da <strong>Abt Cupra<\/strong> nas curvas 1 e 2, por\u00e9m, j\u00e1 sairia na \u00faltima fila ao lado de <strong>Sam Bird<\/strong>, punido por travar a volta r\u00e1pida do franc\u00eas bicampe\u00e3o da <strong>DS Penske<\/strong>.<\/p>\n\n\n\n<figure class=\"wp-block-image size-large\"><img decoding=\"async\" src=\"https:\/\/www.grandepremio.com\/br\/wp-content\/uploads\/2024\/03\/EPS1005_163433SMG_8118-2048x2048-1-1024x683.jpg\" alt=\"\" class=\"wp-image-794871\"\/><figcaption class=\"wp-element-caption\">Sam Bird foi penalizado com tr\u00eas posi\u00e7\u00f5es em T\u00f3quio (Foto: F\u00f3rmula E)<\/figcaption><\/figure>\n\n\n\n<p class=\"wp-block-paragraph\">Resta saber se os dois pilotos v\u00e3o cumprir um <em>drive-through<\/em> ainda durante a corrida japonesa ou se ser\u00e1 um stop-and-go de 10s, tal qual aconteceu com <strong>Maximilian G\u00fcnther<\/strong> no <strong>eP de S\u00e3o Paulo<\/strong>.<\/p>\n\n\n\n<p class=\"wp-block-paragraph\">O eP de&nbsp;<a href=\"https:\/\/www.grandepremio.com\/br\/circuito\/toquio\/\" target=\"_blank\" rel=\"noreferrer noopener\">T\u00f3quio<\/a>&nbsp;acontece entre os dias 29 e 30 de mar\u00e7o, marcando a primeira corrida da hist\u00f3ria da&nbsp;<a href=\"https:\/\/www.grandepremio.com\/br\/formula-e\/\" target=\"_blank\" rel=\"noreferrer noopener\">F\u00f3rmula E<\/a>&nbsp;no Jap\u00e3o. O&nbsp;<strong>GRANDE PR\u00caMIO<\/strong>, emissora oficial da categoria no Brasil, transmite treinos livres, classifica\u00e7\u00e3o e corrida&nbsp;<strong>AO VIVO&nbsp;<\/strong>e&nbsp;<strong>COM IMAGENS&nbsp;<\/strong>no&nbsp;<strong>YouTube<\/strong>.<\/p>\n\n\n\n<p class=\"wp-block-paragraph\"><strong>Inscreva-se nos dois canais do GRANDE PR\u00caMIO no YouTube:\u00a0<a href=\"https:\/\/www.youtube.com\/channel\/UC9OlHEgxoaY6QY6nWPoiqQg?sub_confirmation=1\" target=\"_blank\" rel=\"noreferrer noopener\">GP<\/a>\u00a0|\u00a0<a href=\"https:\/\/www.youtube.com\/channel\/UC9csiS6q_C3C0FYhyr1rnFA?sub_confirmation=1\" target=\"_blank\" rel=\"noreferrer noopener\">GP2<\/a><\/strong><br><strong><a href=\"https:\/\/www.twitch.tv\/grandepremio\" target=\"_blank\" rel=\"noreferrer noopener\">Conhe\u00e7a o canal do GRANDE PR\u00caMIO na Twitch clicando aqui!<\/a><\/strong><\/p>\n\n\n\n<h2 class=\"wp-block-heading\" id=\"h-formula-e-2024-ep-de-toquio-grid-de-largada-com-punicoes\"><em><strong>F\u00f3rmula E 2024, eP de T\u00f3quio, Grid de Largada (com puni\u00e7\u00f5es):<\/strong><\/em><\/h2>\n\n\n\n<figure class=\"wp-block-table\"><table><tbody><tr><td>Pos<\/td><td>Carro<\/td><td>Piloto<\/td><td>Equipe<\/td><td>Tempo<\/td><td>Punido<\/td><\/tr><tr><td>1<\/td><td>22<\/td><td>O ROWLAND<\/td><td>Nissan<\/td><td>1:19.023<\/td><td>&nbsp;<\/td><\/tr><tr><td>2<\/td><td>7<\/td><td>M G\u00dcNTHER<\/td><td>Maserati<\/td><td>1:19.044<\/td><td>&nbsp;<\/td><\/tr><tr><td>3<\/td><td>48<\/td><td>E MORTARA<\/td><td>Mahindra<\/td><td>1:19.081<\/td><td>&nbsp;<\/td><\/tr><tr><td>4<\/td><td>3<\/td><td>S SETTE C\u00c2MARA<\/td><td>ERT<\/td><td>1:21.244<\/td><td>&nbsp;<\/td><\/tr><tr><td>5<\/td><td>1<\/td><td>J DENNIS<\/td><td>Andretti<\/td><td>1:19.323<\/td><td>&nbsp;<\/td><\/tr><tr><td>6<\/td><td>94<\/td><td>P WEHRLEIN<\/td><td>Porsche<\/td><td>1:19.560<\/td><td>&nbsp;<\/td><\/tr><tr><td>7<\/td><td>51<\/td><td>N M\u00dcLLER<\/td><td>Abt Cupra<\/td><td>1:19.756<\/td><td>&nbsp;<\/td><\/tr><tr><td>8<\/td><td>13<\/td><td>AF DA COSTA<\/td><td>Porsche<\/td><td>1:20.010<\/td><td>&nbsp;<\/td><\/tr><tr><td>9<\/td><td>9<\/td><td>M EVANS<\/td><td>Jaguar<\/td><td>1:19.448<\/td><td>P + 3<\/td><\/tr><tr><td>10<\/td><td>4<\/td><td>R FRIJNS<\/td><td>Envision<\/td><td>1:19.822<\/td><td>&nbsp;<\/td><\/tr><tr><td>11<\/td><td>17<\/td><td>N NATO<\/td><td>Andretti<\/td><td>1:20.056<\/td><td>&nbsp;<\/td><\/tr><tr><td>12<\/td><td>21<\/td><td>N DE VRIES<\/td><td>Mahindra<\/td><td>1:19.881<\/td><td>&nbsp;<\/td><\/tr><tr><td>13<\/td><td>25<\/td><td>JE VERGNE<\/td><td>DS Penske<\/td><td>1:19.883<\/td><td>&nbsp;<\/td><\/tr><tr><td>14<\/td><td>11<\/td><td>L DI GRASSI<\/td><td>Abt Cupra<\/td><td>1:20.269<\/td><td>&nbsp;<\/td><\/tr><tr><td>15<\/td><td>33<\/td><td>D TICKTUM<\/td><td>ERT<\/td><td>1:19.952<\/td><td>&nbsp;<\/td><\/tr><tr><td>16<\/td><td>5<\/td><td>J HUGHES<\/td><td>McLaren<\/td><td>1:20.226<\/td><td>P + 3<\/td><\/tr><tr><td>17<\/td><td>18<\/td><td>J DARUVALA<\/td><td>Maserati<\/td><td>1:20.395<\/td><td>&nbsp;<\/td><\/tr><tr><td>18<\/td><td>2<\/td><td>S VANDOORNE<\/td><td>DS Penske<\/td><td>1:20.027<\/td><td>&nbsp;<\/td><\/tr><tr><td>19<\/td><td>37<\/td><td>N CASSIDY<\/td><td>Jaguar<\/td><td>1:20.401<\/td><td>&nbsp;<\/td><\/tr><tr><td>20<\/td><td>23<\/td><td>S FENESTRAZ<\/td><td>Nissan<\/td><td>1:20.132<\/td><td>&nbsp;<\/td><\/tr><tr><td>21<\/td><td>16<\/td><td>S BUEMI<\/td><td>Envision<\/td><td>1:20.678<\/td><td>P + 3<\/td><\/tr><tr><td>22<\/td><td>8<\/td><td>S BIRD<\/td><td>McLaren<\/td><td>1:20.660<\/td><td>P + 3<\/td><\/tr><\/tbody><\/table><\/figure>\n\n\n\n<figure class=\"wp-block-embed is-type-video is-provider-youtube wp-block-embed-youtube wp-embed-aspect-16-9 wp-has-aspect-ratio\"><div class=\"wp-block-embed__wrapper\">\n<iframe loading=\"lazy\" title=\"F\u00d3RMULA E 2024 - eP DE T\u00d3QUIO | 5\u00aa etapa | Classifica\u00e7\u00e3o\" width=\"500\" height=\"281\" src=\"https:\/\/www.youtube.com\/embed\/ufdQFTCAmm4?start=7070&amp;feature=oembed\" frameborder=\"0\" allow=\"accelerometer; autoplay; clipboard-write; encrypted-media; gyroscope; picture-in-picture; web-share\" referrerpolicy=\"strict-origin-when-cross-origin\" allowfullscreen><\/iframe>\n<\/div><\/figure>\n","protected":false},"excerpt":{"rendered":"<p>S\u00e3o quatro pilotos penalizados com tr\u00eas posi\u00e7\u00f5es no grid ap\u00f3s investiga\u00e7\u00e3o ser conclu\u00edda pelos comiss\u00e1rios em T\u00f3quio. Evans e Jake Hughes s\u00e3o maiores prejudicados, enquanto Buemi e Bird seguem formando a \u00faltima fila<\/p>\n","protected":false},"author":0,"featured_media":1000795123,"comment_status":"closed","ping_status":"closed","sticky":false,"template":"","format":"standard","meta":{"42wp_featured_image_caption":"","42wp_featured_image_credits":"","42wp_featured_video":"","42wp_featured_image_hidden":false,"42wp_authors_list":[],"footnotes":""},"categories":[19],"tags":[25774,28679,6853,985,31465,10437,32661,840,35967,1491,28285,35442,910,4621,24855,851,966,909,2349,965,36219,1194,976,876,37653,32662],"42wp_author":[47128],"class_list":["post-83000","post","type-post","status-publish","format-standard","has-post-thumbnail","hentry","category-formula-e","tag-antonio-felix-da-costa","tag-calendario-formula-e","tag-classificacao-formula-e","tag-dan-ticktum","tag-ds-penske","tag-envision","tag-ep-de-toquio","tag-formula-e","tag-formula-e-2024","tag-grande-premio","tag-grandepremio","tag-horarios-formula-e","tag-jaguar","tag-jake-hughes","tag-japao","tag-jean-eric-vergne","tag-lucas-di-grassi","tag-mitch-evans","tag-nico-muller","tag-oliver-rowland","tag-onde-assistir-formula-e","tag-pascal-wehrlein","tag-sam-bird","tag-sebastien-buemi","tag-temporada-2024-da-formula-e","tag-toquio","42wp_author-guilherme-bloisi"],"_links":{"self":[{"href":"https:\/\/grandepremio.com\/br\/wp-json\/wp\/v2\/posts\/83000","targetHints":{"allow":["GET"]}}],"collection":[{"href":"https:\/\/grandepremio.com\/br\/wp-json\/wp\/v2\/posts"}],"about":[{"href":"https:\/\/grandepremio.com\/br\/wp-json\/wp\/v2\/types\/post"}],"replies":[{"embeddable":true,"href":"https:\/\/grandepremio.com\/br\/wp-json\/wp\/v2\/comments?post=83000"}],"version-history":[{"count":0,"href":"https:\/\/grandepremio.com\/br\/wp-json\/wp\/v2\/posts\/83000\/revisions"}],"wp:featuredmedia":[{"embeddable":true,"href":"https:\/\/grandepremio.com\/br\/wp-json\/wp\/v2\/media\/1000795123"}],"wp:attachment":[{"href":"https:\/\/grandepremio.com\/br\/wp-json\/wp\/v2\/media?parent=83000"}],"wp:term":[{"taxonomy":"category","embeddable":true,"href":"https:\/\/grandepremio.com\/br\/wp-json\/wp\/v2\/categories?post=83000"},{"taxonomy":"post_tag","embeddable":true,"href":"https:\/\/grandepremio.com\/br\/wp-json\/wp\/v2\/tags?post=83000"},{"taxonomy":"42wp_author","embeddable":true,"href":"https:\/\/grandepremio.com\/br\/wp-json\/wp\/v2\/42wp_author?post=83000"}],"curies":[{"name":"wp","href":"https:\/\/api.w.org\/{rel}","templated":true}]}}