{"id":83003,"date":"2024-03-30T01:12:30","date_gmt":"2024-03-30T04:12:30","guid":{"rendered":"https:\/\/grandepremio.com\/br\/noticias\/dan-ticktum-revolta-direcao-de-prova-formula-tl1-toquio-piada-de-merda\/"},"modified":"2024-03-31T10:16:55","modified_gmt":"2024-03-31T13:16:55","slug":"dan-ticktum-revolta-direcao-de-prova-formula-tl1-toquio-piada-de-merda","status":"publish","type":"post","link":"https:\/\/grandepremio.com\/br\/formula-e\/dan-ticktum-revolta-direcao-de-prova-formula-tl1-toquio-piada-de-merda\/","title":{"rendered":"Ticktum se revolta com dire\u00e7\u00e3o de prova da F\u00f3rmula E no TL1 de T\u00f3quio: &#8220;Piada de merda&#8221;"},"content":{"rendered":"\n<p class=\"wp-block-paragraph\">O <a href=\"https:\/\/youtube.com\/live\/rX-fA73Y4xQ\" target=\"_blank\" rel=\"noreferrer noopener\">primeiro treino livre<\/a> da <strong><a href=\"https:\/\/www.grandepremio.com\/br\/formula-e\/\" target=\"_blank\" rel=\"noreferrer noopener\">F\u00f3rmula E<\/a> <\/strong>em <strong>T\u00f3quio<\/strong> reservou uma situa\u00e7\u00e3o bem inusitada para os pilotos. A curva 1 do circuito urbano japon\u00eas, diferentemente do resto do tra\u00e7ado, ainda estava molhada depois da chuva que tomou conta da manh\u00e3, o que fez com que diversos carros escorregassem e passassem retos no setor. Um dos mais irritados foi o ingl\u00eas <strong>Dan<\/strong> <strong>Ticktum<\/strong>, que disparou uma sequ\u00eancia de palavr\u00f5es pelo r\u00e1dio. Ao saber que a atividade seria prorrogada al\u00e9m do previsto pela categoria, o titular da <strong>ERT<\/strong> ficou ainda mais irado.<\/p>\n\n\n\n<p class=\"wp-block-paragraph\">&#8220;Passei reto na curva 1, cara. Foda-se isso, est\u00e1 uma merda&#8221;, disparou Ticktum pelo r\u00e1dio. Ao ser avisado pelo engenheiro de que a F\u00f3rmula E havia alterado o tempo restante de atividade, o piloto se revoltou. &#8220;Eu simplesmente desperdicei minha volta a 350 kW, ent\u00e3o? Voc\u00ea disse para for\u00e7ar&#8221;, questionou.<\/p>\n\n\n\n<p class=\"wp-block-paragraph\">Novamente, o engenheiro avisou ao brit\u00e2nico pelo r\u00e1dio que o cron\u00f4metro da F\u00f3rmula E apresentou uma contagem diferente dos cinco minutos restantes, o que s\u00f3 irritou ainda mais o piloto da ERT.<\/p>\n\n\n\n<p class=\"wp-block-paragraph\">&#8220;\u00c9 claro que eles [dire\u00e7\u00e3o de prova] erraram. Eles n\u00e3o t\u00eam mais nada para gerenciar aqui&#8221;, ironizou. &#8220;Me disseram para for\u00e7ar, ent\u00e3o fiz a volta a 350 kW. Que piada de merda, \u00e9 uma zona. N\u00e3o consigo lidar com a curva 1, cara. Est\u00e1 uma merda. Quando tempo ainda temos, eles j\u00e1 se decidiram?&#8221;, completou Ticktum.<\/p>\n\n\n\n<p class=\"wp-block-paragraph\">O eP de T\u00f3quio da F\u00f3rmula E ser\u00e1 disputado a partir das <strong>2h30<\/strong> (de Bras\u00edlia) deste s\u00e1bado (30), hor\u00e1rio em que abre a transmiss\u00e3o <strong>AO VIVO<\/strong> e <strong>COM IMAGENS<\/strong> do <strong>GRANDE<\/strong> <strong>PR\u00caMIO<\/strong>. O <strong>GP<\/strong> passa todas as atividades de pista da temporada no <strong>YouTube<\/strong>, e a pr\u00f3xima etapa acontece entre os dias <strong>12 e 14 de abril<\/strong>, com a rodada dupla de <strong>Misano<\/strong>.<\/p>\n\n\n\n<figure class=\"wp-block-video\"><video class=\"video-js vjs-big-play-centered\" data-gp-vjs=\"1\" controls src=\"https:\/\/www.grandepremio.com\/br\/wp-content\/uploads\/2024\/03\/Video-sem-titulo-\u2010-Feito-com-o-Clipchamp.mp4\"><\/video><figcaption class=\"wp-element-caption\">Ticktum se revoltou e disparou contra tudo e todos pelo r\u00e1dio (V\u00eddeo: Reprodu\u00e7\u00e3o)<\/figcaption><\/figure>\n\n\n\n<p class=\"wp-block-paragraph\"><strong><img decoding=\"async\" style=\"width: 20px;\" src=\"https:\/\/s.w.org\/images\/core\/emoji\/14.0.0\/svg\/25b6.svg\" alt=\"\u25b6\ufe0f\">&nbsp;Inscreva-se nos dois canais do GRANDE PR\u00caMIO no YouTube:&nbsp;<a href=\"https:\/\/www.youtube.com\/channel\/UC9OlHEgxoaY6QY6nWPoiqQg?sub_confirmation=1\" target=\"_blank\" rel=\"noreferrer noopener\">GP<\/a>&nbsp;|&nbsp;<a href=\"https:\/\/www.youtube.com\/channel\/UC9csiS6q_C3C0FYhyr1rnFA?sub_confirmation=1\" target=\"_blank\" rel=\"noreferrer noopener\">GP2<\/a><\/strong><br><strong><img decoding=\"async\" style=\"width: 20px;\" src=\"https:\/\/s.w.org\/images\/core\/emoji\/14.0.0\/svg\/25b6.svg\" alt=\"\u25b6\ufe0f\">&nbsp;<a href=\"https:\/\/www.twitch.tv\/grandepremio\" target=\"_blank\" rel=\"noreferrer noopener\">Conhe\u00e7a o canal do GRANDE PR\u00caMIO na Twitch clicando aqui!<\/a><\/strong><\/p>\n\n\n\n<figure class=\"wp-block-embed is-type-video is-provider-youtube wp-block-embed-youtube wp-embed-aspect-16-9 wp-has-aspect-ratio\"><div class=\"wp-block-embed__wrapper\">\n<iframe loading=\"lazy\" title=\"F\u00d3RMULA E 2024 - eP DE T\u00d3QUIO | 5\u00aa etapa | Classifica\u00e7\u00e3o\" width=\"500\" height=\"281\" src=\"https:\/\/www.youtube.com\/embed\/ufdQFTCAmm4?feature=oembed\" frameborder=\"0\" allow=\"accelerometer; autoplay; clipboard-write; encrypted-media; gyroscope; picture-in-picture; web-share\" referrerpolicy=\"strict-origin-when-cross-origin\" allowfullscreen><\/iframe>\n<\/div><\/figure>\n","protected":false},"excerpt":{"rendered":"<p>Dan Ticktum se irritou ao perder o carro na curva 1 de T\u00f3quio, ainda molhada pela chuva, e disparou uma s\u00e9rie de palavr\u00f5es pelo r\u00e1dio. Ao ser informado de que o tempo da sess\u00e3o havia mudado, o brit\u00e2nico se invocou ainda mais e atacou a dire\u00e7\u00e3o de prova da F\u00f3rmula E<\/p>\n","protected":false},"author":0,"featured_media":1000794875,"comment_status":"closed","ping_status":"closed","sticky":false,"template":"","format":"standard","meta":{"42wp_featured_image_caption":"","42wp_featured_image_credits":"","42wp_featured_video":"","42wp_featured_image_hidden":false,"42wp_authors_list":[],"footnotes":""},"categories":[19],"tags":[33214,28679,6853,985,32661,36858,379,36881,840,35967,38901,1601,1491,30103,28285,36219,38932],"42wp_author":[47142],"class_list":["post-83003","post","type-post","status-publish","format-standard","has-post-thumbnail","hentry","category-formula-e","tag-calendario-fe","tag-calendario-formula-e","tag-classificacao-formula-e","tag-dan-ticktum","tag-ep-de-toquio","tag-ert","tag-fe","tag-fe-2024","tag-formula-e","tag-formula-e-2024","tag-formula-e-japao","tag-gen3","tag-grande-premio","tag-grande-premio-f1","tag-grandepremio","tag-onde-assistir-formula-e","tag-tokyo-eprix","42wp_author-jp-nascimento"],"_links":{"self":[{"href":"https:\/\/grandepremio.com\/br\/wp-json\/wp\/v2\/posts\/83003","targetHints":{"allow":["GET"]}}],"collection":[{"href":"https:\/\/grandepremio.com\/br\/wp-json\/wp\/v2\/posts"}],"about":[{"href":"https:\/\/grandepremio.com\/br\/wp-json\/wp\/v2\/types\/post"}],"replies":[{"embeddable":true,"href":"https:\/\/grandepremio.com\/br\/wp-json\/wp\/v2\/comments?post=83003"}],"version-history":[{"count":0,"href":"https:\/\/grandepremio.com\/br\/wp-json\/wp\/v2\/posts\/83003\/revisions"}],"wp:featuredmedia":[{"embeddable":true,"href":"https:\/\/grandepremio.com\/br\/wp-json\/wp\/v2\/media\/1000794875"}],"wp:attachment":[{"href":"https:\/\/grandepremio.com\/br\/wp-json\/wp\/v2\/media?parent=83003"}],"wp:term":[{"taxonomy":"category","embeddable":true,"href":"https:\/\/grandepremio.com\/br\/wp-json\/wp\/v2\/categories?post=83003"},{"taxonomy":"post_tag","embeddable":true,"href":"https:\/\/grandepremio.com\/br\/wp-json\/wp\/v2\/tags?post=83003"},{"taxonomy":"42wp_author","embeddable":true,"href":"https:\/\/grandepremio.com\/br\/wp-json\/wp\/v2\/42wp_author?post=83003"}],"curies":[{"name":"wp","href":"https:\/\/api.w.org\/{rel}","templated":true}]}}