{"id":83072,"date":"2024-03-29T08:50:35","date_gmt":"2024-03-29T11:50:35","guid":{"rendered":"https:\/\/grandepremio.com\/br\/noticias\/mecanico-chefe-max-verstappen-troca-red-bull-18-anos-outro-extremo-pit-lane\/"},"modified":"2024-03-29T10:22:15","modified_gmt":"2024-03-29T13:22:15","slug":"mecanico-chefe-max-verstappen-troca-red-bull-18-anos-outro-extremo-pit-lane","status":"publish","type":"post","link":"https:\/\/grandepremio.com\/br\/f1\/mecanico-chefe-max-verstappen-troca-red-bull-18-anos-outro-extremo-pit-lane\/","title":{"rendered":"Mec\u00e2nico-chefe de Verstappen troca Red Bull ap\u00f3s 18 anos por &#8220;outro extremo do pit-lane&#8221;"},"content":{"rendered":"\n<p class=\"wp-block-paragraph\"><strong>Max Verstappen<\/strong> sofreu uma importante baixa em sua equipe pessoal j\u00e1 para o <strong>GP do Jap\u00e3o<\/strong>, que acontece no pr\u00f3ximo final de semana. O mec\u00e2nico-chefe do neerland\u00eas, <strong>Lee Stevenson<\/strong>, deixou a <strong>Red Bull<\/strong> ap\u00f3s 18 anos na equipe austr\u00edaca.<\/p>\n\n\n\n<p class=\"wp-block-paragraph\">Stevenson esteve ao lado de Verstappen em todas as 56 vit\u00f3rias do tricampe\u00e3o na categoria. Um dos trabalhos not\u00e1veis do brit\u00e2nico ao longo dos anos com o neerland\u00eas foi no <strong>GP da Hungria de 2020.<\/strong> Na ocasi\u00e3o, Max bateu quando levava o carro para o grid de largada, mas a equipe comandada pelo mec\u00e2nico conseguiu reparar a suspens\u00e3o danificada a tempo. Verstappen terminou a corrida em segundo.<\/p>\n\n\n\n<p class=\"wp-block-paragraph\">A prova na <strong>Austr\u00e1lia<\/strong>, portanto, foi a \u00faltima de Lee com os taurinos. Pelas redes sociais, Stevenson agradeceu \u00e0 Red Bull pelos &#8220;18 anos incr\u00edveis&#8221; e disse que se prepara para trabalhar com uma equipe &#8220;no outro extremo do pit-lane&#8221;. &#8220;Ser\u00e1 um grande desafio, mas estou pronto&#8221;, salientou.<\/p>\n\n\n\n<p class=\"wp-block-paragraph\">Verstappen abandonou o GP da Austr\u00e1lia logo ap\u00f3s as primeiras voltas por conta de uma falha nos freios. A vit\u00f3ria ficou com <strong>Carlos Sainz<\/strong>, que comandou a dobradinha da Ferrari, a primeira desde o GP do Bahrein de 2022.<\/p>\n\n\n\n<figure class=\"wp-block-image size-large\"><img decoding=\"async\" src=\"https:\/\/www.grandepremio.com\/br\/wp-content\/uploads\/2024\/03\/SI201908310684-1024x683.jpg\" alt=\"\" class=\"wp-image-794910\"\/><figcaption class=\"wp-element-caption\">Lee Stevenson continua na F1, mas agora com uma equipe menor (Foto: Red Bull Content Pool)<\/figcaption><\/figure>\n\n\n\n<p class=\"wp-block-paragraph\">Mesmo zerado, Max deixou o <strong>Albert Park <\/strong>ainda na lideran\u00e7a da competi\u00e7\u00e3o com 51 pontos, quatro a mais que <strong>Charles Leclerc<\/strong>, da Ferrari. <strong>Sergio P\u00e9rez <\/strong>\u00e9 o terceiro, com Sainz e <strong>Oscar Piastri <\/strong>fechando o top-5 do Mundial de Pilotos.<\/p>\n\n\n\n<p class=\"wp-block-paragraph\">A&nbsp;<strong><a href=\"https:\/\/www.grandepremio.com\/br\/f1\/\"><\/a><a href=\"https:\/\/www.grandepremio.com\/br\/f1\/\" target=\"_blank\" rel=\"noreferrer noopener\">F\u00f3rmula 1<\/a><\/strong>&nbsp;retorna com a temporada 2024 no pr\u00f3ximo final de semana, entre os dias 5 e 7 de abril, com o&nbsp;<strong>GP do Jap\u00e3o<\/strong>, em&nbsp;<strong><a href=\"https:\/\/www.grandepremio.com\/br\/circuito\/suzuka\/\" target=\"_blank\" rel=\"noreferrer noopener\">Suzuka<\/a><\/strong>.<\/p>\n\n\n\n<p class=\"wp-block-paragraph\"><strong><img decoding=\"async\" src=\"https:\/\/a.slack-edge.com\/production-standard-emoji-assets\/14.0\/google-medium\/25b6-fe0f.png\" alt=\":seta_para_frente:\">&nbsp;Inscreva-se nos dois canais do GRANDE PR\u00caMIO no YouTube:&nbsp;<a href=\"https:\/\/www.youtube.com\/channel\/UC9OlHEgxoaY6QY6nWPoiqQg?sub_confirmation=1\" target=\"_blank\" rel=\"noreferrer noopener\">GP<\/a>&nbsp;|&nbsp;<a href=\"https:\/\/www.youtube.com\/channel\/UC9csiS6q_C3C0FYhyr1rnFA?sub_confirmation=1\" target=\"_blank\" rel=\"noreferrer noopener\">GP2<\/a><\/strong><br><strong><img decoding=\"async\" src=\"https:\/\/a.slack-edge.com\/production-standard-emoji-assets\/14.0\/google-medium\/25b6-fe0f.png\" alt=\":seta_para_frente:\"><a href=\"https:\/\/www.twitch.tv\/grandepremio\" target=\"_blank\" rel=\"noreferrer noopener\">Conhe\u00e7a o canal do GRANDE PR\u00caMIO na Twitch clicando aqui!<\/a><\/strong><\/p>\n\n\n\n<figure class=\"wp-block-embed is-type-video is-provider-youtube wp-block-embed-youtube wp-embed-aspect-16-9 wp-has-aspect-ratio\"><div class=\"wp-block-embed__wrapper\">\n<iframe loading=\"lazy\" title=\"VERSTAPPEN OU HORNER: DECIS\u00c3O da RED BULL pode AGITAR mercado na F1 | WGP\" width=\"500\" height=\"281\" src=\"https:\/\/www.youtube.com\/embed\/0rxky5lxbMI?feature=oembed\" frameborder=\"0\" allow=\"accelerometer; autoplay; clipboard-write; encrypted-media; gyroscope; picture-in-picture; web-share\" referrerpolicy=\"strict-origin-when-cross-origin\" allowfullscreen><\/iframe>\n<\/div><\/figure>\n","protected":false},"excerpt":{"rendered":"<p>Lee Stevenson foi o mec\u00e2nico-chefe de Max Verstappen em todas as 56 vit\u00f3rias do neerland\u00eas na F\u00f3rmula 1. O agora ex-Red Bull vai trabalhar em uma equipe menor na F\u00f3rmula 1<\/p>\n","protected":false},"author":0,"featured_media":1000794909,"comment_status":"closed","ping_status":"closed","sticky":false,"template":"","format":"standard","meta":{"42wp_featured_image_caption":"","42wp_featured_image_credits":"","42wp_featured_video":"","42wp_featured_image_hidden":false,"42wp_authors_list":[],"footnotes":""},"categories":[2],"tags":[26271,5273,147,3230,180,30909,1753,1491,28285,30840,203,1757,38756,34212,35129,204,33301],"42wp_author":[47147],"class_list":["post-83072","post","type-post","status-publish","format-standard","has-post-thumbnail","hentry","category-f1","tag-calendario-f1","tag-classificacao-f1","tag-f1","tag-f1-2024","tag-formula-1","tag-formula-1-2024","tag-gp-da-australia","tag-grande-premio","tag-grandepremio","tag-horarios-f1","tag-max-verstappen","tag-melbourne","tag-melbourne-2024","tag-melbourne-f1","tag-onde-assistir-f1","tag-red-bull","tag-temporada-2024-f1","42wp_author-luana-marino"],"_links":{"self":[{"href":"https:\/\/grandepremio.com\/br\/wp-json\/wp\/v2\/posts\/83072","targetHints":{"allow":["GET"]}}],"collection":[{"href":"https:\/\/grandepremio.com\/br\/wp-json\/wp\/v2\/posts"}],"about":[{"href":"https:\/\/grandepremio.com\/br\/wp-json\/wp\/v2\/types\/post"}],"replies":[{"embeddable":true,"href":"https:\/\/grandepremio.com\/br\/wp-json\/wp\/v2\/comments?post=83072"}],"version-history":[{"count":0,"href":"https:\/\/grandepremio.com\/br\/wp-json\/wp\/v2\/posts\/83072\/revisions"}],"wp:featuredmedia":[{"embeddable":true,"href":"https:\/\/grandepremio.com\/br\/wp-json\/wp\/v2\/media\/1000794909"}],"wp:attachment":[{"href":"https:\/\/grandepremio.com\/br\/wp-json\/wp\/v2\/media?parent=83072"}],"wp:term":[{"taxonomy":"category","embeddable":true,"href":"https:\/\/grandepremio.com\/br\/wp-json\/wp\/v2\/categories?post=83072"},{"taxonomy":"post_tag","embeddable":true,"href":"https:\/\/grandepremio.com\/br\/wp-json\/wp\/v2\/tags?post=83072"},{"taxonomy":"42wp_author","embeddable":true,"href":"https:\/\/grandepremio.com\/br\/wp-json\/wp\/v2\/42wp_author?post=83072"}],"curies":[{"name":"wp","href":"https:\/\/api.w.org\/{rel}","templated":true}]}}