{"id":83082,"date":"2024-03-29T07:23:37","date_gmt":"2024-03-29T10:23:37","guid":{"rendered":"https:\/\/grandepremio.com\/br\/noticias\/sam-bird-cre-ultrapassagens-limitadas-ep-toquio-posicao-pista-sera-vital\/"},"modified":"2024-03-29T07:24:51","modified_gmt":"2024-03-29T10:24:51","slug":"sam-bird-cre-ultrapassagens-limitadas-ep-toquio-posicao-pista-sera-vital","status":"publish","type":"post","link":"https:\/\/grandepremio.com\/br\/formula-e\/sam-bird-cre-ultrapassagens-limitadas-ep-toquio-posicao-pista-sera-vital\/","title":{"rendered":"Bird cr\u00ea em &#8220;ultrapassagens limitadas&#8221; no eP de T\u00f3quio: &#8220;Posi\u00e7\u00e3o na pista ser\u00e1 vital&#8221;"},"content":{"rendered":"\n<p class=\"wp-block-paragraph\">A <strong>F\u00f3rmula E<\/strong> vive um momento hist\u00f3rico neste fim de semana, com a primeira corrida de sua hist\u00f3ria no <strong>Jap\u00e3o<\/strong>. A categoria de monopostos el\u00e9tricos finalmente conseguiu realizar seu sonho e os carros j\u00e1 foram para a pista <a href=\"https:\/\/www.grandepremio.com\/br\/formula-e\/noticias\/robin-frijns-supera-maximiliam-gunther-lidera-atribulado-tl1-primeira-atividade-formula-e-japao\/\">em um atribulado TL1 do <strong>eP de T\u00f3quio<\/strong><\/a> que promete muito. Ap\u00f3s vencer a \u00faltima corrida da temporada em S\u00e3o Paulo, <strong>Sam Bird<\/strong> espera agora um cen\u00e1rio bem diferente do encontrado no Brasil.<\/p>\n\n\n\n<p class=\"wp-block-paragraph\">E isso n\u00e3o apenas por conta da diferen\u00e7a de temperatura, mas principalmente pelas caracter\u00edsticas do tra\u00e7ado de rua de T\u00f3quio e da quantidade de energia que foi colocada \u00e0 disposi\u00e7\u00e3o das equipes. Bird acredita que ser\u00e1 uma prova com pouco gerenciamento de energia, em que a posi\u00e7\u00e3o de pista ser\u00e1 extremamente importante.<\/p>\n\n\n\n<p class=\"wp-block-paragraph\">\u201cAcho que veremos uma corrida mais ao estilo de Londres, para ser honesto&#8221;, comparou o piloto da <strong>McLaren<\/strong> em entrevista ao portal <em>The Race<\/em> em T\u00f3quio. &#8220;Se algu\u00e9m assistiu ao ePrix de Londres, \u00e9 mais dif\u00edcil ultrapassar&#8221;, prosseguiu.<\/p>\n\n\n\n<p class=\"wp-block-paragraph\"><strong>\u25b6\ufe0f\u00a0Inscreva-se nos dois canais do GRANDE PR\u00caMIO no YouTube:\u00a0<a href=\"https:\/\/www.youtube.com\/channel\/UC9OlHEgxoaY6QY6nWPoiqQg?sub_confirmation=1\" target=\"_blank\" rel=\"noreferrer noopener\">GP<\/a>\u00a0|\u00a0<a href=\"https:\/\/www.youtube.com\/channel\/UC9csiS6q_C3C0FYhyr1rnFA?sub_confirmation=1\" target=\"_blank\" rel=\"noreferrer noopener\">GP2<\/a><\/strong><br><strong>\u25b6\ufe0f\u00a0<a href=\"https:\/\/www.twitch.tv\/grandepremio\" target=\"_blank\" rel=\"noreferrer noopener\">Conhe\u00e7a o canal do GRANDE PR\u00caMIO na Twitch clicando aqui!<\/a><\/strong><\/p>\n\n\n\n<figure class=\"wp-block-image size-large\"><img decoding=\"async\" src=\"https:\/\/www.grandepremio.com\/br\/wp-content\/uploads\/2024\/03\/EPS1005_163433SMG_8118-2048x2048-1-1024x683.jpg\" alt=\"\" class=\"wp-image-794871\"\/><figcaption class=\"wp-element-caption\">Sam Bird espera prova mais truncada no Jap\u00e3o (Foto: F\u00f3rmula E)<\/figcaption><\/figure>\n\n\n\n<p class=\"wp-block-paragraph\">&#8220;A meta de energia que nos foi dada e o qu\u00e3o perto j\u00e1 parece de ser 100% no acelerador, significa que as ultrapassagens devem ser muito limitadas. Acho que o tra\u00e7ado do circuito pode ser divertido, podemos ter uma corrida excelente e a posi\u00e7\u00e3o na pista ser\u00e1 vital, tenho certeza&#8221;, analisou o brit\u00e2nico.<\/p>\n\n\n\n<p class=\"wp-block-paragraph\">O fim de semana n\u00e3o come\u00e7ou muito bem para Bird, que acertou <strong>Sacha Fenestraz<\/strong> <a href=\"https:\/\/www.grandepremio.com\/br\/video\/formula-e\/sacha-fenestraz-sam-bird-encontram-saida-pit-lane-acidente-bizarro-tl1-ep-de-toquio\/\">e causou um acidente bizarro durante o primeiro treino livre no Jap\u00e3o<\/a>. A colis\u00e3o com o carro da <strong>Nissan, <\/strong>fornecedora do trem de for\u00e7a da <strong>McLaren<\/strong>, n\u00e3o \u00e9 o que a montadora e o piloto querem ver na primeira corrida em casa da gigante japonesa.<\/p>\n\n\n\n<p class=\"wp-block-paragraph\">\u201cSomos fornecidos por uma fabricante de trem de for\u00e7a japonesa e \u00e9 um grande fim de semana para eles. Eles adorariam ter um \u00f3timo fim de semana neste fim de semana e tenho certeza que eles t\u00eam se esfor\u00e7ado muito para garantir que este seja um bom fim de semana\u201d, ressaltou Sam.<\/p>\n\n\n\n<p class=\"wp-block-paragraph\">O eP de\u00a0<a href=\"https:\/\/www.grandepremio.com\/br\/circuito\/toquio\/\" target=\"_blank\" rel=\"noreferrer noopener\">T\u00f3quio<\/a>\u00a0acontece entre os dias 29 e 30 de mar\u00e7o, marcando a primeira corrida da hist\u00f3ria da\u00a0<a href=\"https:\/\/www.grandepremio.com\/br\/formula-e\/\" target=\"_blank\" rel=\"noreferrer noopener\">F\u00f3rmula E<\/a>\u00a0no Jap\u00e3o. O\u00a0<strong>GRANDE PR\u00caMIO<\/strong>, emissora oficial da categoria no Brasil, transmite treinos livres, classifica\u00e7\u00e3o e corrida\u00a0<strong>AO VIVO\u00a0<\/strong>e\u00a0<strong>COM IMAGENS\u00a0<\/strong>no\u00a0<strong>YouTube<\/strong>.<\/p>\n","protected":false},"excerpt":{"rendered":"<p>Vencedor da \u00faltima corrida da F\u00f3rmula E em S\u00e3o Paulo, Sam Bird imagina que o eP de T\u00f3quio ser\u00e1 similar \u00e0s provas em Londres, com menos oportunidades para ultrapassagens, e torce por bom fim de semana dos trens de for\u00e7a da Nissan em casa<\/p>\n","protected":false},"author":0,"featured_media":1000773215,"comment_status":"closed","ping_status":"closed","sticky":false,"template":"","format":"standard","meta":{"42wp_featured_image_caption":"","42wp_featured_image_credits":"","42wp_featured_video":"","42wp_featured_image_hidden":false,"42wp_authors_list":[],"footnotes":""},"categories":[19],"tags":[10783,33214,28679,6853,32661,379,36881,840,35967,34647,1601,1491,30103,28285,90,894,36219,7539,976],"42wp_author":[47144],"class_list":["post-83082","post","type-post","status-publish","format-standard","has-post-thumbnail","hentry","category-formula-e","tag-anhembi","tag-calendario-fe","tag-calendario-formula-e","tag-classificacao-formula-e","tag-ep-de-toquio","tag-fe","tag-fe-2024","tag-formula-e","tag-formula-e-2024","tag-formula-e-ao-vivo","tag-gen3","tag-grande-premio","tag-grande-premio-f1","tag-grandepremio","tag-mclaren","tag-nissan","tag-onde-assistir-formula-e","tag-sacha-fenestraz","tag-sam-bird","42wp_author-andre-netto"],"_links":{"self":[{"href":"https:\/\/grandepremio.com\/br\/wp-json\/wp\/v2\/posts\/83082","targetHints":{"allow":["GET"]}}],"collection":[{"href":"https:\/\/grandepremio.com\/br\/wp-json\/wp\/v2\/posts"}],"about":[{"href":"https:\/\/grandepremio.com\/br\/wp-json\/wp\/v2\/types\/post"}],"replies":[{"embeddable":true,"href":"https:\/\/grandepremio.com\/br\/wp-json\/wp\/v2\/comments?post=83082"}],"version-history":[{"count":0,"href":"https:\/\/grandepremio.com\/br\/wp-json\/wp\/v2\/posts\/83082\/revisions"}],"wp:featuredmedia":[{"embeddable":true,"href":"https:\/\/grandepremio.com\/br\/wp-json\/wp\/v2\/media\/1000773215"}],"wp:attachment":[{"href":"https:\/\/grandepremio.com\/br\/wp-json\/wp\/v2\/media?parent=83082"}],"wp:term":[{"taxonomy":"category","embeddable":true,"href":"https:\/\/grandepremio.com\/br\/wp-json\/wp\/v2\/categories?post=83082"},{"taxonomy":"post_tag","embeddable":true,"href":"https:\/\/grandepremio.com\/br\/wp-json\/wp\/v2\/tags?post=83082"},{"taxonomy":"42wp_author","embeddable":true,"href":"https:\/\/grandepremio.com\/br\/wp-json\/wp\/v2\/42wp_author?post=83082"}],"curies":[{"name":"wp","href":"https:\/\/api.w.org\/{rel}","templated":true}]}}