{"id":83094,"date":"2024-03-29T04:15:00","date_gmt":"2024-03-29T07:15:00","guid":{"rendered":"https:\/\/grandepremio.com\/br\/noticias\/nico-hulkenberg-destaca-rapido-progresso-haas-mas-preve-corrida-dificil-japao\/"},"modified":"2024-03-29T06:38:48","modified_gmt":"2024-03-29T09:38:48","slug":"nico-hulkenberg-destaca-rapido-progresso-haas-mas-preve-corrida-dificil-japao","status":"publish","type":"post","link":"https:\/\/grandepremio.com\/br\/f1\/nico-hulkenberg-destaca-rapido-progresso-haas-mas-preve-corrida-dificil-japao\/","title":{"rendered":"H\u00fclkenberg destaca \u201cr\u00e1pido progresso\u201d da Haas, mas prev\u00ea corrida \u201cdif\u00edcil\u201d no Jap\u00e3o"},"content":{"rendered":"\n<p class=\"wp-block-paragraph\"><strong>Nico H\u00fclkenberg<\/strong> tem sido um dos destaques positivos da <strong>F\u00f3rmula 1<\/strong> em 2024. Ap\u00f3s as tr\u00eas primeiras corridas da temporada, o experiente piloto marcou pontos nas etapas da <strong><a href=\"https:\/\/www.grandepremio.com\/br\/f1\/noticias\/nico-hulkenberg-kevin-magnussen-ajuda-arabia-saudita-grande-trabalho-equipe\/\">Ar\u00e1bia Saudita<\/a><\/strong> e da <strong><a href=\"https:\/\/www.grandepremio.com\/br\/f1\/noticias\/nico-hulkenberg-celebra-ritmo-corrida-encorajador-haas-apos-9o-australia\/\">Austr\u00e1lia<\/a><\/strong>, sendo que em <strong>Melbourne<\/strong> viu o companheiro de equipe, <strong>Kevin Magnussen<\/strong>, da <a href=\"https:\/\/www.grandepremio.com\/br\/f1\/noticias\/kevin-magnussen-elogia-grande-trabalho-equipe-pontuacao-dupla-haas-australia\/\">mesma maneira chegar no top-10<\/a>. No entanto, o alem\u00e3o freou a empolga\u00e7\u00e3o e indicou que o <strong>GP do Jap\u00e3o<\/strong>, <a href=\"https:\/\/www.grandepremio.com\/br\/etapa\/f1\/gp-japao-formula-1-2024\/\">marcado entre os dias <strong>5 e 7 de abril<\/strong><\/a>, ser\u00e1 complicado para a <strong>Haas<\/strong>.<\/p>\n\n\n\n<p class=\"wp-block-paragraph\">H\u00fclkenberg acredita que a equipe, agora liderada por <strong>Ayao Komatsu<\/strong>, possui um caminho promissor e destacou o trabalho desenvolvido pelo departamento de aerodin\u00e2mica, que, segundo o alem\u00e3o, solucionou falhas que acompanharam a Haas no ano passado. Entretanto, visando a corrida do in\u00edcio do pr\u00f3ximo m\u00eas, em Suzuka, o piloto de 36 anos n\u00e3o cr\u00ea que estar\u00e1 na zona de pontua\u00e7\u00e3o novamente.<\/p>\n\n\n\n<p class=\"wp-block-paragraph\">\u201cAcho que progredimos muito em pouco tempo. Em dezembro, o pessoal de aerodin\u00e2mica encontrou bastante desempenho e, de alguma forma, resolveu os problemas que tivemos em 2023. Isso significa muito mais consist\u00eancia para as corridas e, portanto, melhor vida \u00fatil para os pneus\u201d, argumentou H\u00fclkenberg.<\/p>\n\n\n\n<p class=\"wp-block-paragraph\">\u201cMas Suzuka pode ser uma pista dif\u00edcil para n\u00f3s, pois \u00e9 um circuito com caracter\u00edsticas de alta velocidade\u201d, revelou.<\/p>\n\n\n\n<figure class=\"wp-block-image size-large\"><img decoding=\"async\" src=\"https:\/\/www.grandepremio.com\/br\/wp-content\/uploads\/2024\/03\/f1-2024-australia-tl1-haas-nico-hulkenberg-01-1024x682.jpg\" alt=\"\" class=\"wp-image-790572\"\/><figcaption class=\"wp-element-caption\">Nico H\u00fclkenberg satisfeito com in\u00edcio de temporada de sua equipe (Foto: Haas)<\/figcaption><\/figure>\n\n\n\n<p class=\"wp-block-paragraph\">Com quatro pontos neste ano, a Haas ocupa a s\u00e9tima coloca\u00e7\u00e3o entre as dez equipes do campeonato e foi ultrapassada pela <strong>RB [Visa CashApp RB]<\/strong> ap\u00f3s o GP da Austr\u00e1lia. Na ocasi\u00e3o, <strong>Yuki Tsunoda<\/strong> <a href=\"https:\/\/www.grandepremio.com\/br\/f1\/noticias\/yuki-tsunoda-celebra-pontos-elogia-trabalho-fantastico-rb-australia\/\">chegou na s\u00e9tima posi\u00e7\u00e3o<\/a> e garantiu os seis tentos do time de <strong>Faenza<\/strong>, na <strong>It\u00e1lia<\/strong>.<\/p>\n\n\n\n<p class=\"wp-block-paragraph\">Em decorr\u00eancia de ter andado pr\u00f3ximo a RB nas tr\u00eas corridas de 2024, H\u00fclkenberg foi perguntado se a disputa pelo sexto posto no <a href=\"https:\/\/www.grandepremio.com\/br\/f1\/classificacao\/\">Mundial de Construtores<\/a> se tornaria um duelo entre Haas e os liderados de Laurent Mekies. O alem\u00e3o se esquivou e pregou respeito aos demais advers\u00e1rios.<\/p>\n\n\n\n<p class=\"wp-block-paragraph\">\u201cAinda temos de ser cautelosos. Obviamente, em Jed\u00e1, o trabalho em equipe ajudou as coisas e estivemos muito pr\u00f3ximos da AlphaTauri [RB] na Austr\u00e1lia\u201d, disse.<\/p>\n\n\n\n<p class=\"wp-block-paragraph\">\u201cN\u00e3o vi a<strong> Sauber<\/strong> em <strong>Albert Park<\/strong>, assim como <strong>Williams<\/strong> e <strong>Alpine<\/strong>, mas \u00e9 muito pouca [diferen\u00e7a] e pode acontecer qualquer oscila\u00e7\u00e3o, ent\u00e3o sempre precisamos maximizar os ganhos em cada sess\u00e3o, em cada final de semana\u201d, prosseguiu.<\/p>\n\n\n\n<figure class=\"wp-block-image size-full\"><img decoding=\"async\" src=\"https:\/\/www.grandepremio.com\/br\/wp-content\/uploads\/2024\/03\/australia-2024-f1-corrida-haas-nico-hulkenberg-01.jpg\" alt=\"\" class=\"wp-image-792642\"\/><figcaption class=\"wp-element-caption\">Nico H\u00fclkenberg celebrou evolu\u00e7\u00e3o da Haas em ritmo de corrida (Foto: Haas F1 Team)<\/figcaption><\/figure>\n\n\n\n<p class=\"wp-block-paragraph\">Al\u00e9m da melhora que o <strong><a href=\"https:\/\/www.grandepremio.com\/br\/f1\/noticias\/haas-veste-vf-24-mais-de-preto-e-vermelho-para-temporada-2024-da-formula-1\/\">VF-24<\/a><\/strong> representa ante o carro anterior da Haas, H\u00fclkenberg indicou que o fator sorte tamb\u00e9m tem ajudado em seu in\u00edcio de temporada.<\/p>\n\n\n\n<p class=\"wp-block-paragraph\">\u201cAcho que tudo tem corrido bem para n\u00f3s, talvez, tenha tido um pouco de sorte, o que sempre \u00e9 agrad\u00e1vel. Eventualmente, o acaso pode jogar favor\u00e1vel ao outro lado. O importante \u00e9 que evolu\u00edmos nosso carro e estamos mais fortes em tudo\u201d, finalizou.<\/p>\n\n\n\n<p class=\"wp-block-paragraph\">A&nbsp;<strong><a href=\"https:\/\/www.grandepremio.com\/br\/f1\/\"><\/a><a href=\"https:\/\/www.grandepremio.com\/br\/f1\/\" target=\"_blank\" rel=\"noreferrer noopener\">F\u00f3rmula 1<\/a><\/strong>&nbsp;retorna com a temporada 2024 no pr\u00f3ximo final de semana, entre os dias 5 e 7 de abril, com o&nbsp;<strong>GP do Jap\u00e3o<\/strong>, em&nbsp;<strong><a href=\"https:\/\/www.grandepremio.com\/br\/circuito\/suzuka\/\" target=\"_blank\" rel=\"noreferrer noopener\">Suzuka<\/a><\/strong>.<\/p>\n\n\n\n<p class=\"wp-block-paragraph\"><strong><img decoding=\"async\" src=\"https:\/\/a.slack-edge.com\/production-standard-emoji-assets\/14.0\/google-medium\/25b6-fe0f.png\" alt=\":seta_para_frente:\">&nbsp;Inscreva-se nos dois canais do GRANDE PR\u00caMIO no YouTube:&nbsp;<a href=\"https:\/\/www.youtube.com\/channel\/UC9OlHEgxoaY6QY6nWPoiqQg?sub_confirmation=1\" target=\"_blank\" rel=\"noreferrer noopener\">GP<\/a>&nbsp;|&nbsp;<a href=\"https:\/\/www.youtube.com\/channel\/UC9csiS6q_C3C0FYhyr1rnFA?sub_confirmation=1\" target=\"_blank\" rel=\"noreferrer noopener\">GP2<\/a><\/strong><br><strong><img decoding=\"async\" src=\"https:\/\/a.slack-edge.com\/production-standard-emoji-assets\/14.0\/google-medium\/25b6-fe0f.png\" alt=\":seta_para_frente:\"><a href=\"https:\/\/www.twitch.tv\/grandepremio\" target=\"_blank\" rel=\"noreferrer noopener\">Conhe\u00e7a o canal do GRANDE PR\u00caMIO na Twitch clicando aqui!<\/a><\/strong><\/p>\n\n\n\n<figure class=\"wp-block-embed is-type-video is-provider-youtube wp-block-embed-youtube wp-embed-aspect-16-9 wp-has-aspect-ratio\"><div class=\"wp-block-embed__wrapper\">\n<iframe loading=\"lazy\" title=\"VERSTAPPEN OU HORNER: DECIS\u00c3O da RED BULL pode AGITAR mercado na F1 | WGP\" width=\"500\" height=\"281\" src=\"https:\/\/www.youtube.com\/embed\/0rxky5lxbMI?feature=oembed\" frameborder=\"0\" allow=\"accelerometer; autoplay; clipboard-write; encrypted-media; gyroscope; picture-in-picture; web-share\" referrerpolicy=\"strict-origin-when-cross-origin\" allowfullscreen><\/iframe>\n<\/div><\/figure>\n","protected":false},"excerpt":{"rendered":"<p>Alem\u00e3o de 36 anos afirmou que departamento aerodin\u00e2mico resolveu muitos problemas cr\u00f4nicos de 2023, mas que vida ser\u00e1 dura em Suzuka<\/p>\n","protected":false},"author":0,"featured_media":1000790852,"comment_status":"closed","ping_status":"closed","sticky":false,"template":"","format":"standard","meta":{"42wp_featured_image_caption":"","42wp_featured_image_credits":"","42wp_featured_video":"","42wp_featured_image_hidden":false,"42wp_authors_list":[],"footnotes":""},"categories":[2],"tags":[7499,5660,969,147,3230,642,160,180,30909,3023,1491,30103,28285,119,13814,24855,1521,2646,25693,38179,608],"42wp_author":[47155],"class_list":["post-83094","post","type-post","status-publish","format-standard","has-post-thumbnail","hentry","category-f1","tag-ayao-komatsu","tag-classificacao","tag-corrida","tag-f1","tag-f1-2024","tag-f1-ao-vivo","tag-f1-tv","tag-formula-1","tag-formula-1-2024","tag-gp-do-japao","tag-grande-premio","tag-grande-premio-f1","tag-grandepremio","tag-haas","tag-hulkenberg","tag-japao","tag-nico-hulkenberg","tag-pontos","tag-rb","tag-racing-bulls","tag-suzuka","42wp_author-daniel-balsa"],"_links":{"self":[{"href":"https:\/\/grandepremio.com\/br\/wp-json\/wp\/v2\/posts\/83094","targetHints":{"allow":["GET"]}}],"collection":[{"href":"https:\/\/grandepremio.com\/br\/wp-json\/wp\/v2\/posts"}],"about":[{"href":"https:\/\/grandepremio.com\/br\/wp-json\/wp\/v2\/types\/post"}],"replies":[{"embeddable":true,"href":"https:\/\/grandepremio.com\/br\/wp-json\/wp\/v2\/comments?post=83094"}],"version-history":[{"count":0,"href":"https:\/\/grandepremio.com\/br\/wp-json\/wp\/v2\/posts\/83094\/revisions"}],"wp:featuredmedia":[{"embeddable":true,"href":"https:\/\/grandepremio.com\/br\/wp-json\/wp\/v2\/media\/1000790852"}],"wp:attachment":[{"href":"https:\/\/grandepremio.com\/br\/wp-json\/wp\/v2\/media?parent=83094"}],"wp:term":[{"taxonomy":"category","embeddable":true,"href":"https:\/\/grandepremio.com\/br\/wp-json\/wp\/v2\/categories?post=83094"},{"taxonomy":"post_tag","embeddable":true,"href":"https:\/\/grandepremio.com\/br\/wp-json\/wp\/v2\/tags?post=83094"},{"taxonomy":"42wp_author","embeddable":true,"href":"https:\/\/grandepremio.com\/br\/wp-json\/wp\/v2\/42wp_author?post=83094"}],"curies":[{"name":"wp","href":"https:\/\/api.w.org\/{rel}","templated":true}]}}