{"id":83105,"date":"2024-03-29T03:05:41","date_gmt":"2024-03-29T06:05:41","guid":{"rendered":"https:\/\/grandepremio.com\/br\/noticias\/bernie-ecclestone-ve-formula-e-tecnicamente-nivel-formula-1-apos-visita-sao-paulo\/"},"modified":"2024-03-29T03:07:31","modified_gmt":"2024-03-29T06:07:31","slug":"bernie-ecclestone-ve-formula-e-tecnicamente-nivel-formula-1-apos-visita-sao-paulo","status":"publish","type":"post","link":"https:\/\/grandepremio.com\/br\/formula-e\/bernie-ecclestone-ve-formula-e-tecnicamente-nivel-formula-1-apos-visita-sao-paulo\/","title":{"rendered":"Ecclestone v\u00ea F\u00f3rmula E &#8220;tecnicamente no n\u00edvel da F\u00f3rmula 1&#8221; ap\u00f3s visita em S\u00e3o Paulo"},"content":{"rendered":"\n<p class=\"wp-block-paragraph\"><strong>Bernie Ecclestone<\/strong> esteve presente <a href=\"https:\/\/www.grandepremio.com\/br\/formula-e\/noticias\/5-coisas-que-aprendemos-ep-de-sao-paulo-4a-etapa-formula-e-2023-24\/\">no <strong>eP de S\u00e3o Paulo<\/strong> no \u00faltimo dia 16 de mar\u00e7o<\/a> e ficou impressionado com o n\u00edvel t\u00e9cnico atual da <strong>F\u00f3rmula E<\/strong>. O antigo chefe da <strong>F\u00f3rmula 1<\/strong>, que \u00e9 casado com a brasileira Fabiana Flosi, foi um grande cr\u00edtico no in\u00edcio da categoria el\u00e9trica, mas n\u00e3o poupou elogios ap\u00f3s comparecer ao seu primeiro ePrix.<\/p>\n\n\n\n<p class=\"wp-block-paragraph\">\u201c\u00c9 a primeira corrida que vou e me parece \u00f3timo, \u00f3timo, \u00f3timo&#8221;, disse Ecclestone no grid do eP de S\u00e3o Paulo, logo ap\u00f3s conversar com <strong>Jean-\u00c9ric Vergne<\/strong>, o eventual vencedor <strong>Sam Bird<\/strong> e outros pilotos que conhece de seu tempo na F1.<\/p>\n\n\n\n<p class=\"wp-block-paragraph\">&#8220;Achei que n\u00e3o iria durar. Achei que a primeira corrida seria a \u00faltima. Portanto, estou muito feliz em ver que tecnicamente ficou muito bom. Tecnicamente, est\u00e1 no n\u00edvel da F\u00f3rmula 1\u201d, elogiou Bernie, que em 2012 chegou a comparar a tecnologia dos carros el\u00e9tricos com a de tratores.<\/p>\n\n\n\n<p class=\"wp-block-paragraph\"><strong>\u25b6\ufe0f\u00a0Inscreva-se nos dois canais do GRANDE PR\u00caMIO no YouTube:\u00a0<a href=\"https:\/\/www.youtube.com\/channel\/UC9OlHEgxoaY6QY6nWPoiqQg?sub_confirmation=1\" target=\"_blank\" rel=\"noreferrer noopener\">GP<\/a>\u00a0|\u00a0<a href=\"https:\/\/www.youtube.com\/channel\/UC9csiS6q_C3C0FYhyr1rnFA?sub_confirmation=1\" target=\"_blank\" rel=\"noreferrer noopener\">GP2<\/a><\/strong><br><strong>\u25b6\ufe0f\u00a0<a href=\"https:\/\/www.twitch.tv\/grandepremio\" target=\"_blank\" rel=\"noreferrer noopener\">Conhe\u00e7a o canal do GRANDE PR\u00caMIO na Twitch clicando aqui!<\/a><\/strong><\/p>\n\n\n\n<figure class=\"wp-block-image size-large\"><img decoding=\"async\" src=\"https:\/\/www.grandepremio.com\/br\/wp-content\/uploads\/2024\/03\/EPS1004_170452SB1_3915-2048x2048-2-1024x683.jpg\" alt=\"\" class=\"wp-image-789535\"\/><figcaption class=\"wp-element-caption\">A F\u00f3rmula E trouxe mais uma corrida movimentada e emocionante ao Brasil (Foto: F\u00f3rmula E)<\/figcaption><\/figure>\n\n\n\n<p class=\"wp-block-paragraph\">Agora, as cr\u00edticas de Ecclestone ficam mesmo para sua antiga categoria. O brit\u00e2nico de 93 anos lamentou o momento vivido pela categoria, de dom\u00ednio completo de <strong>Max Verstappen<\/strong> e da <strong>Red Bull<\/strong>, e ressaltou a diferen\u00e7a para a fase da F\u00f3rmula E, que viu em S\u00e3o Paulo seu quarto vencedor diferente em quatro provas.<\/p>\n\n\n\n<p class=\"wp-block-paragraph\">\u201cAcho que o problema da F\u00f3rmula 1 no momento \u00e9 que temos uma pessoa que vence todas as corridas. N\u00e3o \u00e9 bom. Espero que isso n\u00e3o aconte\u00e7a com a F\u00f3rmula E, mas eles est\u00e3o vendo diferentes pa\u00edses sendo representados e vencendo corridas&#8221;, concluiu Ecclestone.<\/p>\n\n\n\n<p class=\"wp-block-paragraph\">O eP de\u00a0<a href=\"https:\/\/www.grandepremio.com\/br\/circuito\/toquio\/\" target=\"_blank\" rel=\"noreferrer noopener\">T\u00f3quio<\/a>\u00a0acontece entre os dias 29 e 30 de mar\u00e7o, marcando a primeira corrida da hist\u00f3ria da\u00a0<a href=\"https:\/\/www.grandepremio.com\/br\/formula-e\/\" target=\"_blank\" rel=\"noreferrer noopener\">F\u00f3rmula E<\/a>\u00a0no Jap\u00e3o. O\u00a0<strong>GRANDE PR\u00caMIO<\/strong>, emissora oficial da categoria no Brasil, transmite treinos livres, classifica\u00e7\u00e3o e corrida\u00a0<strong>AO VIVO\u00a0<\/strong>e\u00a0<strong>COM IMAGENS\u00a0<\/strong>no\u00a0<strong>YouTube<\/strong>.<\/p>\n\n\n\n<figure class=\"wp-block-embed is-type-video is-provider-youtube wp-block-embed-youtube wp-embed-aspect-4-3 wp-has-aspect-ratio\"><div class=\"wp-block-embed__wrapper\">\n<iframe loading=\"lazy\" title=\"F\u00d3RMULA E 2024 - eP DE T\u00d3QUIO | 5\u00aa etapa | Treino Livre 1\" width=\"500\" height=\"281\" src=\"https:\/\/www.youtube.com\/embed\/rX-fA73Y4xQ?feature=oembed\" frameborder=\"0\" allow=\"accelerometer; autoplay; clipboard-write; encrypted-media; gyroscope; picture-in-picture; web-share\" referrerpolicy=\"strict-origin-when-cross-origin\" allowfullscreen><\/iframe>\n<\/div><\/figure>\n","protected":false},"excerpt":{"rendered":"<p>Bernie Ecclestone esteve presente no eP de S\u00e3o Paulo duas semanas atr\u00e1s e ficou surpreso com a evolu\u00e7\u00e3o t\u00e9cnica da F\u00f3rmula E. Ex-chefe da F\u00f3rmula 1 tamb\u00e9m criticou a fase ma\u00e7ante atual da categoria com dom\u00ednio de um \u00fanico piloto<\/p>\n","protected":false},"author":0,"featured_media":1000431314,"comment_status":"closed","ping_status":"closed","sticky":false,"template":"","format":"standard","meta":{"42wp_featured_image_caption":"","42wp_featured_image_credits":"","42wp_featured_video":"","42wp_featured_image_hidden":false,"42wp_authors_list":[],"footnotes":""},"categories":[19],"tags":[539,31468,180,30909,840,35967,1491,28285,851,203,204,976],"42wp_author":[47144],"class_list":["post-83105","post","type-post","status-publish","format-standard","has-post-thumbnail","hentry","category-formula-e","tag-bernie-ecclestone","tag-ep-de-sao-paulo","tag-formula-1","tag-formula-1-2024","tag-formula-e","tag-formula-e-2024","tag-grande-premio","tag-grandepremio","tag-jean-eric-vergne","tag-max-verstappen","tag-red-bull","tag-sam-bird","42wp_author-andre-netto"],"_links":{"self":[{"href":"https:\/\/grandepremio.com\/br\/wp-json\/wp\/v2\/posts\/83105","targetHints":{"allow":["GET"]}}],"collection":[{"href":"https:\/\/grandepremio.com\/br\/wp-json\/wp\/v2\/posts"}],"about":[{"href":"https:\/\/grandepremio.com\/br\/wp-json\/wp\/v2\/types\/post"}],"replies":[{"embeddable":true,"href":"https:\/\/grandepremio.com\/br\/wp-json\/wp\/v2\/comments?post=83105"}],"version-history":[{"count":0,"href":"https:\/\/grandepremio.com\/br\/wp-json\/wp\/v2\/posts\/83105\/revisions"}],"wp:featuredmedia":[{"embeddable":true,"href":"https:\/\/grandepremio.com\/br\/wp-json\/wp\/v2\/media\/1000431314"}],"wp:attachment":[{"href":"https:\/\/grandepremio.com\/br\/wp-json\/wp\/v2\/media?parent=83105"}],"wp:term":[{"taxonomy":"category","embeddable":true,"href":"https:\/\/grandepremio.com\/br\/wp-json\/wp\/v2\/categories?post=83105"},{"taxonomy":"post_tag","embeddable":true,"href":"https:\/\/grandepremio.com\/br\/wp-json\/wp\/v2\/tags?post=83105"},{"taxonomy":"42wp_author","embeddable":true,"href":"https:\/\/grandepremio.com\/br\/wp-json\/wp\/v2\/42wp_author?post=83105"}],"curies":[{"name":"wp","href":"https:\/\/api.w.org\/{rel}","templated":true}]}}