{"id":83203,"date":"2024-03-28T05:00:00","date_gmt":"2024-03-28T08:00:00","guid":{"rendered":"https:\/\/grandepremio.com\/br\/noticias\/jean-eric-vergne-admite-favoritismo-jaguar-porsche-formula-e-oito-carros-muito-fortes\/"},"modified":"2024-03-27T19:57:10","modified_gmt":"2024-03-27T22:57:10","slug":"jean-eric-vergne-admite-favoritismo-jaguar-porsche-formula-e-oito-carros-muito-fortes","status":"publish","type":"post","link":"https:\/\/grandepremio.com\/br\/formula-e\/jean-eric-vergne-admite-favoritismo-jaguar-porsche-formula-e-oito-carros-muito-fortes\/","title":{"rendered":"Vergne admite favoritismo de Jaguar e Porsche na F\u00f3rmula E: &#8220;Oito carros muito fortes&#8221;"},"content":{"rendered":"\n<p class=\"wp-block-paragraph\">A <strong>F\u00f3rmula E<\/strong> come\u00e7ou uma nova temporada em 2024, mas a ordem de for\u00e7as do grid quase n\u00e3o sofreu altera\u00e7\u00f5es em rela\u00e7\u00e3o ao ano passado, afinal, o regulamento se manteve praticamente o mesmo. Por isso, em entrevista exclusiva ao <strong>GRANDE PR\u00caMIO<\/strong>, <strong>Jean-\u00c9ric Vergne<\/strong> afirmou que os carros equipados com motores <strong>Porsche <\/strong>e <strong>Jaguar <\/strong>chegam para todas as corridas como os grandes favoritos \u00e0 vit\u00f3ria.<\/p>\n\n\n\n<p class=\"wp-block-paragraph\">Em 2023, a F\u00f3rmula E foi dominada pelos carros equipados com motores Porsche e Jaguar e o favoritismo desses dois trens de for\u00e7a foi quebrado em apenas duas oportunidades. Uma delas foi em <strong>Jacarta<\/strong>, com o triunfo de<strong> Maximilian G\u00fcnther<\/strong> pela <strong>Maserati<\/strong>. A outra foi justamente com Vergne, que levou a DS Penske ao lugar mais alto do p\u00f3dio em <strong>Hyderabad<\/strong>.<\/p>\n\n\n\n<p class=\"wp-block-paragraph\">Ap\u00f3s quatro etapas realizadas em 2024, os carros com motores da Porsche e da Jaguar venceram em tr\u00eas oportunidades. A quebra do dom\u00ednio aconteceu no <strong>eP de S\u00e3o Paulo<\/strong>, com a vit\u00f3ria de <strong>Sam Bird<\/strong> pela <strong>McLaren<\/strong>, que \u00e9 impulsionada pelo trem de for\u00e7a da <strong>Nissan<\/strong>.<\/p>\n\n\n\n<p class=\"wp-block-paragraph\">Em entrevista exclusiva ao <strong>GRANDE PR\u00caMIO<\/strong>, Vergne disse que \u00e9 poss\u00edvel voltar a vencer com a DS Penske em 2024, mas reconheceu que \u00e9 uma tarefa muito dif\u00edcil. Afinal, o grid conta com quatro carros de motor Jaguar e outros quatro de motor Porsche, o que dificulta a briga pelo primeiro lugar.<\/p>\n\n\n\n<figure class=\"wp-block-image size-large\"><img decoding=\"async\" src=\"https:\/\/www.grandepremio.com\/br\/wp-content\/uploads\/2024\/03\/GIwHJmVXkAAYyo8-1024x671.jpeg\" alt=\"\" class=\"wp-image-788792\"\/><figcaption class=\"wp-element-caption\">Jean-\u00c9ric Vergne j\u00e1 foi ao p\u00f3dio em 2023, mas ainda n\u00e3o venceu corrida (Foto: DS Penske)<\/figcaption><\/figure>\n\n\n\n<p class=\"wp-block-paragraph\">\u201cAcho que sim [poss\u00edvel vencer]. Mas hoje os motores da Porsche e da Jaguar s\u00e3o muito fortes. O problema \u00e9 que n\u00e3o s\u00e3o apenas dois carros [com cada motor], s\u00e3o quatro, porque a Porsche tem a Andretti como cliente e a Jaguar tem a Envision. Ent\u00e3o s\u00e3o oito carros que s\u00e3o muito fortes, e isso dificulta tudo\u201d, lamentou o titular da DS Penske.<\/p>\n\n\n\n<p class=\"wp-block-paragraph\">\u201cAcho que n\u00f3s desenvolvemos um pouco, mas n\u00e3o tem muito o que podemos fazer nesse sentido at\u00e9 o pr\u00f3ximo ano. Ent\u00e3o toda a evolu\u00e7\u00e3o que tivemos foi fruto da melhor compreens\u00e3o do motor e da tentativa de extrair mais performance. Acho que o time fez um trabalho muito bom durante o inverno e agora temos coisas para desenvolver no carro para torn\u00e1-lo melhor\u201d, finalizou Vergne.<\/p>\n\n\n\n<p class=\"wp-block-paragraph\">O eP de\u00a0<a href=\"https:\/\/www.grandepremio.com\/br\/circuito\/toquio\/\" target=\"_blank\" rel=\"noreferrer noopener\">T\u00f3quio<\/a>\u00a0acontece entre os dias 29 e 30 de mar\u00e7o, marcando a primeira corrida da hist\u00f3ria da\u00a0<a href=\"https:\/\/www.grandepremio.com\/br\/formula-e\/\" target=\"_blank\" rel=\"noreferrer noopener\">F\u00f3rmula E<\/a>\u00a0no Jap\u00e3o. O\u00a0<strong>GRANDE PR\u00caMIO<\/strong>, emissora oficial da categoria no Brasil, transmite treinos livres, classifica\u00e7\u00e3o e corrida\u00a0<strong>AO VIVO\u00a0<\/strong>e\u00a0<strong>COM IMAGENS\u00a0<\/strong>no\u00a0<strong>YouTube<\/strong>.<\/p>\n\n\n\n<p class=\"wp-block-paragraph\"><strong>\u25b6\ufe0f\u00a0Inscreva-se nos dois canais do GRANDE PR\u00caMIO no YouTube:\u00a0<a href=\"https:\/\/www.youtube.com\/channel\/UC9OlHEgxoaY6QY6nWPoiqQg?sub_confirmation=1\" target=\"_blank\" rel=\"noreferrer noopener\">GP<\/a>\u00a0|\u00a0<a href=\"https:\/\/www.youtube.com\/channel\/UC9csiS6q_C3C0FYhyr1rnFA?sub_confirmation=1\" target=\"_blank\" rel=\"noreferrer noopener\">GP2<\/a><\/strong><br><strong>\u25b6\ufe0f\u00a0<a href=\"https:\/\/www.twitch.tv\/grandepremio\" target=\"_blank\" rel=\"noreferrer noopener\">Conhe\u00e7a o canal do GRANDE PR\u00caMIO na Twitch clicando aqui!<\/a><\/strong><\/p>\n\n\n\n<figure class=\"wp-block-embed is-type-video is-provider-youtube wp-block-embed-youtube wp-embed-aspect-16-9 wp-has-aspect-ratio\"><div class=\"wp-block-embed__wrapper\">\n<iframe loading=\"lazy\" title=\"F\u00d3RMULA E 2024 - eP DE S\u00c3O PAULO | 4\u00aa etapa | Corrida\" width=\"500\" height=\"281\" src=\"https:\/\/www.youtube.com\/embed\/XFY6OaAE-zg?feature=oembed\" frameborder=\"0\" allow=\"accelerometer; autoplay; clipboard-write; encrypted-media; gyroscope; picture-in-picture; web-share\" referrerpolicy=\"strict-origin-when-cross-origin\" allowfullscreen><\/iframe>\n<\/div><\/figure>\n","protected":false},"excerpt":{"rendered":"<p>Em entrevista exclusiva ao GRANDE PR\u00caMIO, Jean-\u00c9ric Vergne falou sobre o favoritismo dos times com trem de for\u00e7a da Porsche e da Jaguar, mas admitiu que \u00e9 poss\u00edvel vencer corridas com a DS Penske<\/p>\n","protected":false},"author":0,"featured_media":1000788364,"comment_status":"closed","ping_status":"closed","sticky":false,"template":"","format":"standard","meta":{"42wp_featured_image_caption":"","42wp_featured_image_credits":"","42wp_featured_video":"","42wp_featured_image_hidden":false,"42wp_authors_list":[],"footnotes":""},"categories":[19],"tags":[31465,840,35967,1491,28285,910,851,736,34650],"42wp_author":[47149],"class_list":["post-83203","post","type-post","status-publish","format-standard","has-post-thumbnail","hentry","category-formula-e","tag-ds-penske","tag-formula-e","tag-formula-e-2024","tag-grande-premio","tag-grandepremio","tag-jaguar","tag-jean-eric-vergne","tag-porsche","tag-transmissao-formula-e","42wp_author-bernardo-castro"],"_links":{"self":[{"href":"https:\/\/grandepremio.com\/br\/wp-json\/wp\/v2\/posts\/83203","targetHints":{"allow":["GET"]}}],"collection":[{"href":"https:\/\/grandepremio.com\/br\/wp-json\/wp\/v2\/posts"}],"about":[{"href":"https:\/\/grandepremio.com\/br\/wp-json\/wp\/v2\/types\/post"}],"replies":[{"embeddable":true,"href":"https:\/\/grandepremio.com\/br\/wp-json\/wp\/v2\/comments?post=83203"}],"version-history":[{"count":0,"href":"https:\/\/grandepremio.com\/br\/wp-json\/wp\/v2\/posts\/83203\/revisions"}],"wp:featuredmedia":[{"embeddable":true,"href":"https:\/\/grandepremio.com\/br\/wp-json\/wp\/v2\/media\/1000788364"}],"wp:attachment":[{"href":"https:\/\/grandepremio.com\/br\/wp-json\/wp\/v2\/media?parent=83203"}],"wp:term":[{"taxonomy":"category","embeddable":true,"href":"https:\/\/grandepremio.com\/br\/wp-json\/wp\/v2\/categories?post=83203"},{"taxonomy":"post_tag","embeddable":true,"href":"https:\/\/grandepremio.com\/br\/wp-json\/wp\/v2\/tags?post=83203"},{"taxonomy":"42wp_author","embeddable":true,"href":"https:\/\/grandepremio.com\/br\/wp-json\/wp\/v2\/42wp_author?post=83203"}],"curies":[{"name":"wp","href":"https:\/\/api.w.org\/{rel}","templated":true}]}}