{"id":83282,"date":"2024-03-27T08:33:04","date_gmt":"2024-03-27T11:33:04","guid":{"rendered":"https:\/\/grandepremio.com\/br\/noticias\/motogp-inova-confirma-inclusao-ex-dirigente-mike-trimby-rol-lendas\/"},"modified":"2024-03-27T09:48:05","modified_gmt":"2024-03-27T12:48:05","slug":"motogp-inova-confirma-inclusao-ex-dirigente-mike-trimby-rol-lendas","status":"publish","type":"post","link":"https:\/\/grandepremio.com\/br\/motogp\/motogp-inova-confirma-inclusao-ex-dirigente-mike-trimby-rol-lendas\/","title":{"rendered":"MotoGP inova e confirma inclus\u00e3o de ex-dirigente Mike Trimby no rol das Lendas"},"content":{"rendered":"\n<p class=\"wp-block-paragraph\">O <strong>Mundial de Motovelocidade<\/strong> decidiu inovar e oficializou a inclus\u00e3o de <strong>Mike Trimby <\/strong>no rol das <strong>Lendas da MotoGP<\/strong>. Fundador e diretor-executivo da <strong>IRTA <\/strong>(Associa\u00e7\u00e3o Internacional das Equipes de Corrida), o brit\u00e2nico ser\u00e1 o primeiro a ser introduzido no grupo das lendas pelo trabalho feito fora das pistas. O an\u00fancio n\u00e3o chega como surpresa, <a href=\"https:\/\/www.grandepremio.com\/br\/motogp\/noticias\/motogp-faz-homenagem-anuncia-mike-trimby-primeiro-nao-piloto-rol-lendas\/\">j\u00e1 que tinha sido antecipado ainda no ano passado por <strong>Carmelo Ezpeleta<\/strong>, diretor-executivo da <strong>Dorna<\/strong>, <strong>Herv\u00e9 Poncharal<\/strong> e <strong>Jorge Viegas<\/strong>, presidente da <strong>FIM <\/strong>(Federa\u00e7\u00e3o Internacional de Motociclismo)<\/a>.<\/p>\n\n\n\n<p class=\"wp-block-paragraph\">Trimby morreu em setembro do ano passado, aos 74 anos, quando j\u00e1 estava em <strong>Misano <\/strong>para trabalhar no GP de <strong>San Marino <\/strong>e da <strong>Riviera de Rimini<\/strong>.<\/p>\n\n\n\n<p class=\"wp-block-paragraph\">Mike chegou a atuar como piloto nos anos 1970, no <strong>TT da Ilha de Man<\/strong>, al\u00e9m de ter trabalhado como mec\u00e2nico. A partir de 1982, a pedido dos pilotos, passou a ser figura carimbada no Mundial de Motovelocidade para defender os direitos dos competidores por melhores condi\u00e7\u00f5es nos circuitos.<\/p>\n\n\n\n<p class=\"wp-block-paragraph\">Anos mais tarde, em 1986, criou formalmente da IRTA e passou a ser uma figura central no paddock. Desde ent\u00e3o, foi respons\u00e1vel por trabalhar em diversas mudan\u00e7as no Mundial de Motovelocidade para moldar da maneira que \u00e9 atualmente, especialmente em cobertura de televis\u00e3o, seguran\u00e7a e na organiza\u00e7\u00e3o de equipes e corridas.<\/p>\n\n\n\n<figure class=\"wp-block-image size-large\"><img decoding=\"async\" src=\"https:\/\/www.grandepremio.com\/br\/wp-content\/uploads\/2024\/03\/MotoGP-Mike-Trimby-1024x696.jpg\" alt=\"\" class=\"wp-image-794244\"\/><figcaption class=\"wp-element-caption\">Mike Trimby chegou a correr no TT da Ilha de Man (Foto: Reprodu\u00e7\u00e3o)<\/figcaption><\/figure>\n\n\n\n<p class=\"wp-block-paragraph\"><strong>\u25b6\ufe0f\u00a0Inscreva-se nos dois canais do GRANDE PR\u00caMIO no YouTube:\u00a0<a href=\"https:\/\/www.youtube.com\/channel\/UC9OlHEgxoaY6QY6nWPoiqQg?sub_confirmation=1\" target=\"_blank\" rel=\"noreferrer noopener\">GP<\/a>\u00a0|\u00a0<a href=\"https:\/\/www.youtube.com\/channel\/UC9csiS6q_C3C0FYhyr1rnFA?sub_confirmation=1\" target=\"_blank\" rel=\"noreferrer noopener\">GP2<\/a><\/strong><br><strong>\u25b6\ufe0f\u00a0<a href=\"https:\/\/www.twitch.tv\/grandepremio\" target=\"_blank\" rel=\"noreferrer noopener\">Conhe\u00e7a o canal do GRANDE PR\u00caMIO na Twitch clicando aqui!<\/a><\/strong><\/p>\n\n\n\n<p class=\"wp-block-paragraph\">\u201cA contribui\u00e7\u00e3o de Mike \u00e0s corridas de moto \u00e9 verdadeiramente monumental, e estamos orgulhosos de nome\u00e1-lo uma Lenda da MotoGP\u201d, disse Ezpeleta. \u201cDesde que o conceito de Lendas da MotoGP nasceu, ele sempre foi mais do que apenas n\u00fameros. N\u00e3o existe um crit\u00e9rio baseado apenas no n\u00famero de vit\u00f3rias ou campeonatos, diz respeito \u00e0 contribui\u00e7\u00e3o com o esporte \u2014 seja fora da pista, dentro da pista ou a combina\u00e7\u00e3o dos dois\u201d, seguiu.<\/p>\n\n\n\n<p class=\"wp-block-paragraph\">\u201cEnt\u00e3o \u00e9 justo que Mike seja a primeira pessoa a ser honrada puramente pelo impacto que teve fora da pista, j\u00e1 que o trabalho dele no esporte foi verdadeiramente incompar\u00e1vel\u201d, exaltou. \u201cSer\u00e1 uma honra para n\u00f3s, e para mim, introduzir Mike no Rol da Fama. Sentimos a falta dele enormemente e corremos em mem\u00f3ria dele\u201d, completou.<\/p>\n\n\n\n<p class=\"wp-block-paragraph\">Vi\u00fava de Trimby, Irene afirmou que o marido ficaria \u201cmuito honrado\u201d por ter o nome inclu\u00eddo no seleto grupo.<\/p>\n\n\n\n<p class=\"wp-block-paragraph\">\u201cMike ficaria muito honrado em receber esse prestigiado pr\u00eamio, e todos que o conheciam sabem que ele jamais esperaria por isso\u201d, falou Irene. \u201c\u00c9 maravilhoso que o trabalho e o legado dele sejam reconhecidos desta forma, embora tenha certeza de que ele tamb\u00e9m ficaria muito envergonhado com uma cerim\u00f4nia e um trof\u00e9u!\u201d, brincou.<\/p>\n\n\n\n<p class=\"wp-block-paragraph\">\u201c\u00c9 tamb\u00e9m muito especial para mim, para todos que trabalharam pr\u00f3ximo a ele, e todos que continuam sentindo muito a falta dele. Muito obrigada!\u201d, completou.<\/p>\n\n\n\n<p class=\"wp-block-paragraph\">A cerim\u00f4nia que vai introduzir Trimby oficialmente no rol das Lendas da MotoGP ser\u00e1 realizada no fim de semana do GP da Gr\u00e3-Bretanha, que acontece entre os dias 2 e 4 de agosto em Silverstone.<\/p>\n\n\n\n<p class=\"wp-block-paragraph\">Com a homenagem, Trimby vai passar a integrar um seleto grupo de pilotos reconhecidos pelo que fizeram competindo. Mike estar\u00e1 ao lado de <strong>Giacomo Agostini<\/strong>, <strong>Hugh Anderson<\/strong>, <strong>Kork Ballington<\/strong>, <strong>Max Biaggi<\/strong>, <strong>Alex Crivill\u00e9<\/strong>, <strong>Mick Doohan<\/strong>, <strong>Stefan D\u00f6rflinger<\/strong>, <strong>Andrea Dovizioso<\/strong>, <strong>Geoff Duke<\/strong>, <strong>Wayne Gardner<\/strong>, <strong>Mike Hailwood<\/strong>, <strong>Nicky Hayden<\/strong>, <strong>Jorge Lorenzo<\/strong>, <strong>Daijiro Kato<\/strong>, <strong>Eddie Lawson<\/strong>, <strong>Marco Lucchinelli<\/strong>, <strong>Randy Mamola<\/strong>, <strong>Anton Mang<\/strong>, <strong>Jorge \u2018Aspar\u2019 Martinez<\/strong>,<strong> Angel Nieto<\/strong>, <strong>Dani Pedrosa<\/strong>, <strong>Wayne Rainey,<\/strong> <strong>Phil Read<\/strong>, <strong>Jim Redman<\/strong>, <strong>Kenny Roberts<\/strong>, <strong>Kenny Roberts Jr<\/strong>, <strong>Jarno Saarinen<\/strong>, <strong>Kevin Schwantz<\/strong>, <strong>Barry Sheene<\/strong>, <strong>Marco Simoncelli<\/strong>, <strong>Freddie Spencer<\/strong>, <strong>Casey Stoner<\/strong>, <strong>John Surtees<\/strong>, <strong>Luigi Taveri<\/strong>, <strong>Carlo Ubbiali<\/strong>, <strong>Franco Uncini<\/strong>, <strong>Valentino Rossi <\/strong>e <strong>Hans-Georg Anscheidt <\/strong>na lista de lendas da MotoGP.<\/p>\n\n\n\n<p class=\"wp-block-paragraph\">A\u00a0<strong><a href=\"https:\/\/grandepremio.com\/motovelocidade\/\" target=\"_blank\" rel=\"noreferrer noopener\"><\/a><a href=\"https:\/\/grandepremio.com\/motogp\/\" target=\"_blank\" rel=\"noreferrer noopener\">MotoGP<\/a>\u00a0<\/strong>volta \u00e0 pista entre os dias 12 e 14 de abril, para o\u00a0<strong>GP das Am\u00e9ricas<\/strong>, em\u00a0<strong>Austin<\/strong>, terceira etapa do campeonato de 2024. O\u00a0<strong>GRANDE PR\u00caMIO\u00a0<\/strong>faz a cobertura completa do evento, assim como das outras classes do\u00a0<strong>Mundial de Motovelocidade<\/strong>\u00a0durante todo o ano.<\/p>\n\n\n\n<figure class=\"wp-block-embed is-type-video is-provider-youtube wp-block-embed-youtube wp-embed-aspect-16-9 wp-has-aspect-ratio\"><div class=\"wp-block-embed__wrapper\">\n<iframe loading=\"lazy\" title=\"\u201cDESEMPENHO REAL\u201d de ACOSTA em Portugal tamb\u00e9m ENCANTA | GP \u00e0s 10\" width=\"500\" height=\"281\" src=\"https:\/\/www.youtube.com\/embed\/VTmDG0xdCkU?feature=oembed\" frameborder=\"0\" allow=\"accelerometer; autoplay; clipboard-write; encrypted-media; gyroscope; picture-in-picture; web-share\" referrerpolicy=\"strict-origin-when-cross-origin\" allowfullscreen><\/iframe>\n<\/div><\/figure>\n","protected":false},"excerpt":{"rendered":"<p>Morto em setembro de 2023, Mike Trimby ser\u00e1 homenageado com a introdu\u00e7\u00e3o no rol das Lendas da MotoGP no fim de semana do GP da Gr\u00e3-Bretanha. O brit\u00e2nico foi fundador da IRTA (Associa\u00e7\u00e3o Internacional das Equipes de Corrida) e importante figura na luta por mais seguran\u00e7a no esporte<\/p>\n","protected":false},"author":0,"featured_media":1000794245,"comment_status":"closed","ping_status":"closed","sticky":false,"template":"","format":"standard","meta":{"42wp_featured_image_caption":"","42wp_featured_image_credits":"","42wp_featured_video":"","42wp_featured_image_hidden":false,"42wp_authors_list":[],"footnotes":""},"categories":[8],"tags":[2756,5214,131,2327,32229,28285,3504,130,132,79,78,34329,37693,37691,37692,25819,29345,28766,37694,26690,13160,1107,136,172],"42wp_author":[47113],"class_list":["post-83282","post","type-post","status-publish","format-standard","has-post-thumbnail","hentry","category-motogp","tag-algarve","tag-classificacao-motogp","tag-ducati","tag-francesco-bagnaia","tag-gasgas","tag-grandepremio","tag-gresini","tag-honda","tag-ktm","tag-moto-gp","tag-motogp","tag-motogp-2024","tag-motogp-2024-calendario","tag-motogp-calendario-2024","tag-motogp-classificacao-2024","tag-motogp-hoje","tag-motogp-horario","tag-motogp-standings","tag-onde-assistir-motogp-2024","tag-pilotos-motogp","tag-portimao","tag-portugal","tag-pramac","tag-yamaha","42wp_author-juliana-tesser"],"_links":{"self":[{"href":"https:\/\/grandepremio.com\/br\/wp-json\/wp\/v2\/posts\/83282","targetHints":{"allow":["GET"]}}],"collection":[{"href":"https:\/\/grandepremio.com\/br\/wp-json\/wp\/v2\/posts"}],"about":[{"href":"https:\/\/grandepremio.com\/br\/wp-json\/wp\/v2\/types\/post"}],"replies":[{"embeddable":true,"href":"https:\/\/grandepremio.com\/br\/wp-json\/wp\/v2\/comments?post=83282"}],"version-history":[{"count":0,"href":"https:\/\/grandepremio.com\/br\/wp-json\/wp\/v2\/posts\/83282\/revisions"}],"wp:featuredmedia":[{"embeddable":true,"href":"https:\/\/grandepremio.com\/br\/wp-json\/wp\/v2\/media\/1000794245"}],"wp:attachment":[{"href":"https:\/\/grandepremio.com\/br\/wp-json\/wp\/v2\/media?parent=83282"}],"wp:term":[{"taxonomy":"category","embeddable":true,"href":"https:\/\/grandepremio.com\/br\/wp-json\/wp\/v2\/categories?post=83282"},{"taxonomy":"post_tag","embeddable":true,"href":"https:\/\/grandepremio.com\/br\/wp-json\/wp\/v2\/tags?post=83282"},{"taxonomy":"42wp_author","embeddable":true,"href":"https:\/\/grandepremio.com\/br\/wp-json\/wp\/v2\/42wp_author?post=83282"}],"curies":[{"name":"wp","href":"https:\/\/api.w.org\/{rel}","templated":true}]}}