{"id":83358,"date":"2024-03-26T13:03:52","date_gmt":"2024-03-26T16:03:52","guid":{"rendered":"https:\/\/grandepremio.com\/br\/noticias\/pierre-gasly-diz-recuperacao-alpine-vai-levar-tempo-lamenta-nao-e-ideal\/"},"modified":"2024-03-26T13:05:05","modified_gmt":"2024-03-26T16:05:05","slug":"pierre-gasly-diz-recuperacao-alpine-vai-levar-tempo-lamenta-nao-e-ideal","status":"publish","type":"post","link":"https:\/\/grandepremio.com\/br\/f1\/pierre-gasly-diz-recuperacao-alpine-vai-levar-tempo-lamenta-nao-e-ideal\/","title":{"rendered":"Gasly diz que recupera\u00e7\u00e3o da Alpine &#8220;vai levar tempo&#8221; e lamenta: &#8220;N\u00e3o \u00e9 o ideal&#8221;"},"content":{"rendered":"\n<p class=\"wp-block-paragraph\">Apesar do <a href=\"https:\/\/www.grandepremio.com\/br\/f1\/noticias\/carlos-sainz-completa-retorno-triunfal-vence-gp-da-australia-formula-1-apos-abandono-max-verstappen\/\">resultado ligeiramente melhor da<\/a> <strong>Alpine<\/strong> na <strong>Austr\u00e1lia<\/strong> em compara\u00e7\u00e3o com as duas primeiras etapas da temporada 2024 da <strong>F\u00f3rmula 1<\/strong>, <strong>Pierre Gasly<\/strong> <a href=\"https:\/\/www.grandepremio.com\/br\/f1\/noticias\/pierre-gasly-diz-milagres-acontecem-na-f1-aposta-em-recuperacao-da-alpine\/\">lamentou mais uma vez<\/a> a falta de desempenho da <strong>A524<\/strong> e afirmou que &#8220;vai levar tempo&#8221; at\u00e9 que a equipe francesa apresente novas atualiza\u00e7\u00f5es para o carro.<\/p>\n\n\n\n<p class=\"wp-block-paragraph\">Depois de terminar o\u00a0<strong>GP do Bahrein<\/strong>\u00a0apenas na 18\u00aa posi\u00e7\u00e3o, o dono do carro\u00a0<strong>#10<\/strong>\u00a0n\u00e3o conseguiu nem mesmo completar a etapa seguinte, na\u00a0<strong>Ar\u00e1bia Saudita<\/strong>, por causa de problemas no c\u00e2mbio. As expectativas para a corrida em Melbourne tamb\u00e9m n\u00e3o eram das melhores, embora Gasly tenha conseguido cruzar a linha de chegada na 13\u00aa posi\u00e7\u00e3o, o m\u00e1ximo que a Alpine j\u00e1 alcan\u00e7ou no atual certame. De maneira t\u00edmida, o franc\u00eas comemorou o resultado no circuito do Albert Park.<\/p>\n\n\n\n<p class=\"wp-block-paragraph\">&#8220;Come\u00e7amos em 17\u00ba, terminamos em 13\u00ba. Com a estrat\u00e9gia, tentamos nos colocar em uma boa posi\u00e7\u00e3o em algum momento da corrida, em caso de haver alguma bandeira vermelha&#8221;, disse Pierre.&#8221;De certa forma, sentimos que fizemos o melhor poss\u00edvel com o pacote que t\u00ednhamos&#8221;, continuou.<\/p>\n\n\n\n<p class=\"wp-block-paragraph\">&#8220;No ano passado, eu estava lutando com <strong>Carlos<\/strong> [<strong>Sainz<\/strong>] pela quarta posi\u00e7\u00e3o. Neste ano, ele venceu a corrida e n\u00f3s brigamos pelo 13\u00ba lugar. N\u00e3o \u00e9 o ideal, mas sabemos a situa\u00e7\u00e3o em que estamos e sabemos que temos de melhorar os carros&#8221;, lamentou o companheiro de <strong>Esteban Ocon<\/strong>.<\/p>\n\n\n\n<figure class=\"wp-block-image size-large\"><img decoding=\"async\" src=\"https:\/\/www.grandepremio.com\/br\/wp-content\/uploads\/2024\/03\/australia-2024-f1-corrida-alpine-pierre-gasly-03-1024x682.jpg\" alt=\"\" class=\"wp-image-792792\"\/><figcaption class=\"wp-element-caption\">Pierre Gasly terminou o GP da Austr\u00e1lia apenas na 13\u00aa posi\u00e7\u00e3o (Foto: Alpine)<\/figcaption><\/figure>\n\n\n\n<p class=\"wp-block-paragraph\"><strong><img decoding=\"async\" src=\"https:\/\/a.slack-edge.com\/production-standard-emoji-assets\/14.0\/google-medium\/25b6-fe0f.png\" alt=\":seta_para_frente:\">&nbsp;Inscreva-se nos dois canais do GRANDE PR\u00caMIO no YouTube:&nbsp;<a href=\"https:\/\/www.youtube.com\/channel\/UC9OlHEgxoaY6QY6nWPoiqQg?sub_confirmation=1\" target=\"_blank\" rel=\"noreferrer noopener\">GP<\/a>&nbsp;|&nbsp;<a href=\"https:\/\/www.youtube.com\/channel\/UC9csiS6q_C3C0FYhyr1rnFA?sub_confirmation=1\" target=\"_blank\" rel=\"noreferrer noopener\">GP2<\/a><\/strong><br><strong><img decoding=\"async\" src=\"https:\/\/a.slack-edge.com\/production-standard-emoji-assets\/14.0\/google-medium\/25b6-fe0f.png\" alt=\":seta_para_frente:\">&nbsp;<a href=\"https:\/\/www.twitch.tv\/grandepremio\" target=\"_blank\" rel=\"noreferrer noopener\">Conhe\u00e7a o canal do GRANDE PR\u00caMIO na Twitch clicando aqui!<\/a><\/strong><\/p>\n\n\n\n<p class=\"wp-block-paragraph\">Enquanto algumas equipes j\u00e1 est\u00e3o apresentando atualiza\u00e7\u00f5es na busca por mais performance, Gasly afirmou que ainda n\u00e3o h\u00e1 previs\u00e3o para que o mesmo seja feito no time de Enstone. O piloto de 28 anos pregou paci\u00eancia e reconheceu que o restante da temporada ser\u00e1 muito dif\u00edcil.<\/p>\n\n\n\n<p class=\"wp-block-paragraph\">&#8220;Sabemos que temos de ser pacientes at\u00e9 que as mudan\u00e7as cheguem aos carros. Vai levar tempo&#8221;, previu o franc\u00eas. &#8220;Sabemos no que temos de trabalhar. Obviamente, na F1, nada \u00e9 do dia para a noite. Enquanto isso, temos de fazer o melhor que pudermos na pista e tentar aproveitar todas as oportunidades&#8221;, acrescentou.\u00a0<\/p>\n\n\n\n<p class=\"wp-block-paragraph\">&#8220;\u00c9 isso que continuaremos fazendo. Ser\u00e1 um ano longo, mas precisamos dessas atualiza\u00e7\u00f5es para lutar por posi\u00e7\u00f5es competitivas&#8221;, finalizou Pierre.<\/p>\n\n\n\n<p class=\"wp-block-paragraph\">A\u00a0<strong><a href=\"https:\/\/www.grandepremio.com\/br\/f1\/\"><\/a><a href=\"https:\/\/www.grandepremio.com\/br\/f1\/\" target=\"_blank\" rel=\"noreferrer noopener\">F\u00f3rmula 1<\/a><\/strong>\u00a0retorna com a temporada 2024 em duas semanas, entre os dias 5 e 7 de abril, com o\u00a0<strong>GP do Jap\u00e3o<\/strong>, em\u00a0<strong><a href=\"https:\/\/www.grandepremio.com\/br\/circuito\/suzuka\/\" target=\"_blank\" rel=\"noreferrer noopener\">Suzuka<\/a><\/strong>.<\/p>\n\n\n\n<figure class=\"wp-block-embed is-type-video is-provider-youtube wp-block-embed-youtube wp-embed-aspect-16-9 wp-has-aspect-ratio\"><div class=\"wp-block-embed__wrapper\">\n<iframe loading=\"lazy\" title=\"SAINZ DOMINA F1 na AUSTR\u00c1LIA + HORNER quer ALONSO na RED BULL | Paddock GP #364\" width=\"500\" height=\"281\" src=\"https:\/\/www.youtube.com\/embed\/H2Ty8rJsvEw?feature=oembed\" frameborder=\"0\" allow=\"accelerometer; autoplay; clipboard-write; encrypted-media; gyroscope; picture-in-picture; web-share\" referrerpolicy=\"strict-origin-when-cross-origin\" allowfullscreen><\/iframe>\n<\/div><\/figure>\n","protected":false},"excerpt":{"rendered":"<p>Pierre Gasly afirmou que 13\u00ba lugar no GP da Austr\u00e1lia foi &#8220;o melhor poss\u00edvel&#8221; que a Alpine poderia conseguir. O piloto franc\u00eas ainda lamentou a demora da equipe em apresentar atualiza\u00e7\u00f5es para a A524<\/p>\n","protected":false},"author":0,"featured_media":1000793999,"comment_status":"closed","ping_status":"closed","sticky":false,"template":"","format":"standard","meta":{"42wp_featured_image_caption":"","42wp_featured_image_credits":"","42wp_featured_video":"","42wp_featured_image_hidden":false,"42wp_authors_list":[],"footnotes":""},"categories":[2],"tags":[20491,5660,969,147,3230,642,160,180,30909,1491,30103,28285,676],"42wp_author":[47160],"class_list":["post-83358","post","type-post","status-publish","format-standard","has-post-thumbnail","hentry","category-f1","tag-alpine","tag-classificacao","tag-corrida","tag-f1","tag-f1-2024","tag-f1-ao-vivo","tag-f1-tv","tag-formula-1","tag-formula-1-2024","tag-grande-premio","tag-grande-premio-f1","tag-grandepremio","tag-pierre-gasly","42wp_author-vicente-soella"],"_links":{"self":[{"href":"https:\/\/grandepremio.com\/br\/wp-json\/wp\/v2\/posts\/83358","targetHints":{"allow":["GET"]}}],"collection":[{"href":"https:\/\/grandepremio.com\/br\/wp-json\/wp\/v2\/posts"}],"about":[{"href":"https:\/\/grandepremio.com\/br\/wp-json\/wp\/v2\/types\/post"}],"replies":[{"embeddable":true,"href":"https:\/\/grandepremio.com\/br\/wp-json\/wp\/v2\/comments?post=83358"}],"version-history":[{"count":0,"href":"https:\/\/grandepremio.com\/br\/wp-json\/wp\/v2\/posts\/83358\/revisions"}],"wp:featuredmedia":[{"embeddable":true,"href":"https:\/\/grandepremio.com\/br\/wp-json\/wp\/v2\/media\/1000793999"}],"wp:attachment":[{"href":"https:\/\/grandepremio.com\/br\/wp-json\/wp\/v2\/media?parent=83358"}],"wp:term":[{"taxonomy":"category","embeddable":true,"href":"https:\/\/grandepremio.com\/br\/wp-json\/wp\/v2\/categories?post=83358"},{"taxonomy":"post_tag","embeddable":true,"href":"https:\/\/grandepremio.com\/br\/wp-json\/wp\/v2\/tags?post=83358"},{"taxonomy":"42wp_author","embeddable":true,"href":"https:\/\/grandepremio.com\/br\/wp-json\/wp\/v2\/42wp_author?post=83358"}],"curies":[{"name":"wp","href":"https:\/\/api.w.org\/{rel}","templated":true}]}}