{"id":83401,"date":"2024-03-26T09:47:58","date_gmt":"2024-03-26T12:47:58","guid":{"rendered":"https:\/\/grandepremio.com\/br\/noticias\/gabriel-bortoleto-assume-precisa-entender-erros-classificacoes-sei-sou-rapido\/"},"modified":"2024-03-26T10:12:39","modified_gmt":"2024-03-26T13:12:39","slug":"gabriel-bortoleto-assume-precisa-entender-erros-classificacoes-sei-sou-rapido","status":"publish","type":"post","link":"https:\/\/grandepremio.com\/br\/f2\/gabriel-bortoleto-assume-precisa-entender-erros-classificacoes-sei-sou-rapido\/","title":{"rendered":"Bortoleto assume que &#8220;precisa entender&#8221; erros em classifica\u00e7\u00f5es: &#8220;Sei que sou r\u00e1pido&#8221;"},"content":{"rendered":"\n<p class=\"wp-block-paragraph\">Pela segunda rodada consecutiva, <strong>Gabriel Bortoleto<\/strong> n\u00e3o conseguiu marcar pontos na<strong> temporada 2024 <\/strong>da<strong> F\u00f3rmula 2<\/strong>. Na <strong>Austr\u00e1lia<\/strong>, o brasileiro <a href=\"https:\/\/www.grandepremio.com\/br\/f2\/noticias\/isack-hadjar-toca-josep-maria-marti-acerta-gabriel-bortoleto-largada-bizarra-sprint-formula-2-australia\/\">foi o maior prejudicado <\/a>na batida entre os carros da <strong>Campos<\/strong> na corrida sprint, enquanto que na prova de domingo, uma falha hidr\u00e1ulica o levou ao abandono. A quest\u00e3o, no entanto, \u00e9 que o piloto da <strong>Invicta <\/strong>foi sincero ao avaliar a performance nas classifica\u00e7\u00f5es, assumindo que precisa entender &#8220;o que est\u00e1 fazendo de errado&#8221;.<\/p>\n\n\n\n<p class=\"wp-block-paragraph\">Bortoleto ficou fora do top-10 na <strong>Ar\u00e1bia Saudita<\/strong>, mas tamb\u00e9m teve a rodada muito prejudicada por conta de outra quebra ainda na largada da corrida principal. J\u00e1 na classifica\u00e7\u00e3o em <strong>Melbourne<\/strong>, o #10 vinha num ritmo forte e com parciais r\u00e1pidas o bastante para brigar pela pole-position, mas um erro na sa\u00edda da curva 12 <a href=\"https:\/\/www.grandepremio.com\/br\/f2\/noticias\/dennis-hauger-voa-fim-crava-pole-f2-australia-gabriel-bortoleto-9o-enzo-fittipaldi-bate\/\">o jogou para nono<\/a>.<\/p>\n\n\n\n<p class=\"wp-block-paragraph\">Logo ap\u00f3s a sess\u00e3o que definiu o grid de largada, Gabriel falou ao site oficial da F2 que estava bem chateado com o erro. &#8220;Nem sempre d\u00e1 para ter a melhor classifica\u00e7\u00e3o, preciso entender algumas coisas que estou fazendo de errado.&#8221;<\/p>\n\n\n\n<p class=\"wp-block-paragraph\">&#8220;O ritmo est\u00e1 a\u00ed, o carro \u00e9 bom, podemos brigar por coisas boas, s\u00f3 tenho de melhorar da minha parte&#8221;, completou Bortoleto.<\/p>\n\n\n\n<figure class=\"wp-block-image size-full\"><img decoding=\"async\" src=\"https:\/\/www.grandepremio.com\/br\/wp-content\/uploads\/2024\/03\/ponto-de-vista-fittipaldi-bortoleto.png\" alt=\"\" class=\"wp-image-791662\"\/><figcaption class=\"wp-element-caption\">Bortoleto abandonou a corrida 1 da Austr\u00e1lia ainda na largada (Foto: reprodu\u00e7\u00e3o\/F1 TV)<\/figcaption><\/figure>\n\n\n\n<p class=\"wp-block-paragraph\">Ao ser questionado especificamente sobre a performance do carro da Invicta, Bortoleto afirmou que est\u00e1, sim, positivo, o que n\u00e3o significa que deixa de ser &#8220;realista&#8221; quanto ao pr\u00f3prio desempenho. <\/p>\n\n\n\n<p class=\"wp-block-paragraph\">&#8220;Sou sempre positivo, mas tamb\u00e9m sou realista. Sei quando fa\u00e7o um trabalho ruim e quando fa\u00e7o um bom trabalho. Nesse ponto, n\u00e3o tenho dado o meu melhor. Sei o que posso fazer e o potencial que tenho em volta \u00fanica. Sei que sou r\u00e1pido, o carro \u00e9 muito r\u00e1pido, ent\u00e3o \u00e9 o caso de fazer as coisas funcionarem novamente e voltar de onde come\u00e7amos, no Bahrein&#8221;, concluiu.<\/p>\n\n\n\n<p class=\"wp-block-paragraph\">A\u00a0<a href=\"https:\/\/www.grandepremio.com\/br\/f2\/\" target=\"_blank\" rel=\"noreferrer noopener\"><\/a><a href=\"https:\/\/www.grandepremio.com\/br\/f2\/\" target=\"_blank\" rel=\"noreferrer noopener\">F\u00f3rmula 2<\/a>\u00a0retorna entre os dias 17 e 19 de maio, com a etapa da\u00a0<strong>Em\u00edlia-<a href=\"https:\/\/www.grandepremio.com\/br\/circuito\/roma\/\" target=\"_blank\" rel=\"noreferrer noopener\">Roma<\/a>nha<\/strong>, em\u00a0<a href=\"https:\/\/www.grandepremio.com\/br\/circuito\/399739\/\" target=\"_blank\" rel=\"noreferrer noopener\">\u00cdmola<\/a>. O\u00a0<strong>GRANDE PR\u00caMIO\u00a0<\/strong>acompanha todas as atividades da temporada 2024.<\/p>\n\n\n\n<p class=\"wp-block-paragraph\"><strong><img decoding=\"async\" src=\"https:\/\/a.slack-edge.com\/production-standard-emoji-assets\/14.0\/google-medium\/25b6-fe0f.png\" alt=\":seta_para_frente:\">&nbsp;Inscreva-se nos dois canais do GRANDE PR\u00caMIO no YouTube:&nbsp;<a href=\"https:\/\/www.youtube.com\/channel\/UC9OlHEgxoaY6QY6nWPoiqQg?sub_confirmation=1\" target=\"_blank\" rel=\"noreferrer noopener\">GP<\/a>&nbsp;|&nbsp;<a href=\"https:\/\/www.youtube.com\/channel\/UC9csiS6q_C3C0FYhyr1rnFA?sub_confirmation=1\" target=\"_blank\" rel=\"noreferrer noopener\">GP2<\/a><\/strong><br><strong><img decoding=\"async\" src=\"https:\/\/a.slack-edge.com\/production-standard-emoji-assets\/14.0\/google-medium\/25b6-fe0f.png\" alt=\":seta_para_frente:\"><a href=\"https:\/\/www.twitch.tv\/grandepremio\" target=\"_blank\" rel=\"noreferrer noopener\">Conhe\u00e7a o canal do GRANDE PR\u00caMIO na Twitch clicando aqui!<\/a><\/strong><\/p>\n\n\n\n<figure class=\"wp-block-embed is-type-video is-provider-youtube wp-block-embed-youtube wp-embed-aspect-16-9 wp-has-aspect-ratio\"><div class=\"wp-block-embed__wrapper\">\n<iframe loading=\"lazy\" title=\"BEARMAN vive SONHO na F1, mas objetivo \u00e9 VIRAR JOGO na F2 2024 | GP \u00e0s 10\" width=\"500\" height=\"281\" src=\"https:\/\/www.youtube.com\/embed\/S8D_OmdGaYY?feature=oembed\" frameborder=\"0\" allow=\"accelerometer; autoplay; clipboard-write; encrypted-media; gyroscope; picture-in-picture; web-share\" referrerpolicy=\"strict-origin-when-cross-origin\" allowfullscreen><\/iframe>\n<\/div><\/figure>\n","protected":false},"excerpt":{"rendered":"<p>Gabriel Bortoleto disse que o ritmo do carro da Invicta o deixa confiante de que \u00e9 poss\u00edvel alcan\u00e7ar bons resultados na F2, mas tamb\u00e9m afirmou que \u00e9 realista quanto \u00e0 pr\u00f3pria performance<\/p>\n","protected":false},"author":0,"featured_media":1000793879,"comment_status":"closed","ping_status":"closed","sticky":false,"template":"","format":"standard","meta":{"42wp_featured_image_caption":"","42wp_featured_image_credits":"","42wp_featured_video":"","42wp_featured_image_hidden":false,"42wp_authors_list":[],"footnotes":""},"categories":[9],"tags":[6106,38755,38754,29654,30246,111,32189,2208,35969,350,1491,28285,35029,35937,1757,38756,38753,35030,38752,32190],"42wp_author":[47147],"class_list":["post-83401","post","type-post","status-publish","format-standard","has-post-thumbnail","hentry","category-f2","tag-australia","tag-australia-2024","tag-australia-f2","tag-calendario-f2","tag-classificacao-f2","tag-f2","tag-f2-2024","tag-formula-2","tag-formula-2-2024","tag-gabriel-bortoleto","tag-grande-premio","tag-grandepremio","tag-horarios-f2","tag-invicta","tag-melbourne","tag-melbourne-2024","tag-melbourne-f2","tag-onde-assistir-f2","tag-rodada-da-australia","tag-temporada-2024-f2","42wp_author-luana-marino"],"_links":{"self":[{"href":"https:\/\/grandepremio.com\/br\/wp-json\/wp\/v2\/posts\/83401","targetHints":{"allow":["GET"]}}],"collection":[{"href":"https:\/\/grandepremio.com\/br\/wp-json\/wp\/v2\/posts"}],"about":[{"href":"https:\/\/grandepremio.com\/br\/wp-json\/wp\/v2\/types\/post"}],"replies":[{"embeddable":true,"href":"https:\/\/grandepremio.com\/br\/wp-json\/wp\/v2\/comments?post=83401"}],"version-history":[{"count":0,"href":"https:\/\/grandepremio.com\/br\/wp-json\/wp\/v2\/posts\/83401\/revisions"}],"wp:featuredmedia":[{"embeddable":true,"href":"https:\/\/grandepremio.com\/br\/wp-json\/wp\/v2\/media\/1000793879"}],"wp:attachment":[{"href":"https:\/\/grandepremio.com\/br\/wp-json\/wp\/v2\/media?parent=83401"}],"wp:term":[{"taxonomy":"category","embeddable":true,"href":"https:\/\/grandepremio.com\/br\/wp-json\/wp\/v2\/categories?post=83401"},{"taxonomy":"post_tag","embeddable":true,"href":"https:\/\/grandepremio.com\/br\/wp-json\/wp\/v2\/tags?post=83401"},{"taxonomy":"42wp_author","embeddable":true,"href":"https:\/\/grandepremio.com\/br\/wp-json\/wp\/v2\/42wp_author?post=83401"}],"curies":[{"name":"wp","href":"https:\/\/api.w.org\/{rel}","templated":true}]}}