{"id":83414,"date":"2024-03-26T08:18:06","date_gmt":"2024-03-26T11:18:06","guid":{"rendered":"https:\/\/grandepremio.com\/br\/noticias\/chefe-ferrari-rasga-elogio-fantastico-carlos-sainz-ninguem-esperava-vitoria-formula-1\/"},"modified":"2024-03-26T14:56:07","modified_gmt":"2024-03-26T17:56:07","slug":"chefe-ferrari-rasga-elogio-fantastico-carlos-sainz-ninguem-esperava-vitoria-formula-1","status":"publish","type":"post","link":"https:\/\/grandepremio.com\/br\/f1\/chefe-ferrari-rasga-elogio-fantastico-carlos-sainz-ninguem-esperava-vitoria-formula-1\/","title":{"rendered":"Chefe da Ferrari rasga elogios a &#8220;fant\u00e1stico&#8221; Sainz e diz que &#8220;ningu\u00e9m esperava&#8221; vit\u00f3ria"},"content":{"rendered":"\n<p class=\"wp-block-paragraph\">Duas semanas ap\u00f3s deixar o <strong><a href=\"https:\/\/www.grandepremio.com\/br\/f1\/noticias\/max-verstappen-passeia-arabia-saudita-vence-novo-1-2-red-bull-oliver-bearman-pontua\/\">GP da Ar\u00e1bia Saudita<\/a><\/strong> no meio das atividades de pista <strong><a href=\"https:\/\/www.grandepremio.com\/br\/f1\/noticias\/carlos-sainz-diagnosticado-apendicite-fora-gp-arabia-saudita-oliver-bearman-substitui\/\">por conta de uma apendicite e passar por cirurgia de emerg\u00eancia<\/a><\/strong>, <strong>Carlos Sainz<\/strong> retornou e venceu o <strong><a href=\"https:\/\/www.grandepremio.com\/br\/f1\/noticias\/carlos-sainz-completa-retorno-triunfal-vence-gp-da-australia-formula-1-apos-abandono-max-verstappen\/\">GP da Austr\u00e1lia<\/a><\/strong> do \u00faltimo fim de semana de maneira dominante. O <strong>chefe da Ferrari<\/strong>, <strong>Fr\u00e9d\u00e9ric Vasseur<\/strong>, fez quest\u00e3o de registrar que ningu\u00e9m esperava algo assim.<\/p>\n\n\n\n<p class=\"wp-block-paragraph\">De acordo com Vasseur, foi o desfecho de um fim de semana impressionante em que Sainz mostrou desde cedo como queria proceder.<\/p>\n\n\n\n<p class=\"wp-block-paragraph\">&#8220;Carlos fez um trabalho fant\u00e1stico. Esteve bem tamb\u00e9m no Bahrein, dando o que podia pela equipe, e depois veio um fim de semana dif\u00edcil em Jed\u00e1. Foi duro para toda a equipe, mas a recupera\u00e7\u00e3o \u00e9 incr\u00edvel&#8221;, afirmou.<\/p>\n\n\n\n<p class=\"wp-block-paragraph\">&#8220;\u00c9 preciso manter em mente que duas semanas antes ele estava no hospital. Mesmo na sexta-feira n\u00e3o estava 100% para guiar, mas depois de algumas voltas j\u00e1 tinha encontrado o ritmo. E isso \u00e9 parte do sucesso, porque, se voc\u00ea quer desempenhar bem, n\u00e3o pode abrir m\u00e3o de voltas nos treinos livres&#8221;, seguiu.<\/p>\n\n\n\n<figure class=\"wp-block-image size-large\"><img decoding=\"async\" src=\"https:\/\/www.grandepremio.com\/br\/wp-content\/uploads\/2024\/03\/australia-2024-f1-corrida-ferrari-carlos-sainz-afp-03-1024x634.jpg\" alt=\"\" class=\"wp-image-792755\"\/><figcaption class=\"wp-element-caption\">Carlos Sainz venceu o GP da Austr\u00e1lia (Foto: AFP) <\/figcaption><\/figure>\n\n\n\n<p class=\"wp-block-paragraph\">&#8220;Com certeza, \u00e9 incr\u00edvel. Se voc\u00ea olhar bem de onde ele veio [nas \u00faltimas semanas], ningu\u00e9m esperava um resultado assim&#8221;, garantiu.<\/p>\n\n\n\n<p class=\"wp-block-paragraph\">Quando confrontado com o fato de Sainz ter andado melhor que <strong>Charles Leclerc<\/strong> \u2014 que terminou na segunda coloca\u00e7\u00e3o e completou a primeira dobradinha da Ferrari desde 2022 \u2014 minimizou.<\/p>\n\n\n\n<p class=\"wp-block-paragraph\">&#8220;Estamos falando de uma diferen\u00e7a de 0s05. O resultado final \u00e9 uma coisa, mas o ritmo \u00e9 outra. Durante a corrida, o problema que tivemos \u00e9 que precisamos marcar [Oscar] Piastri no come\u00e7o, o que n\u00e3o foi ideal em termos de tempo de volta&#8221;, explicou.<\/p>\n\n\n\n<p class=\"wp-block-paragraph\">&#8220;N\u00e3o quer\u00edamos abrir m\u00e3o da posi\u00e7\u00e3o na pista, e acabamos colocando Charles numa situa\u00e7\u00e3o mais dif\u00edcil. No stint final, sab\u00edamos mais sobre o desgaste de pneus duros, e ele foi capaz de se manter muito consistente. Foi uma boa performance&#8221;, finalizou.<\/p>\n\n\n\n<p class=\"wp-block-paragraph\">A&nbsp;<strong><a href=\"https:\/\/www.grandepremio.com\/br\/f1\/\"><\/a><a href=\"https:\/\/www.grandepremio.com\/br\/f1\/\" target=\"_blank\" rel=\"noreferrer noopener\">F\u00f3rmula 1<\/a><\/strong>&nbsp;retorna com a temporada 2024 em duas semanas, entre os dias 5 e 7 de abril, com o&nbsp;<strong>GP do Jap\u00e3o<\/strong>, em&nbsp;<strong><a href=\"https:\/\/www.grandepremio.com\/br\/circuito\/suzuka\/\" target=\"_blank\" rel=\"noreferrer noopener\">Suzuka<\/a><\/strong>.<a href=\"https:\/\/www.grandepremio.com\/br\/chefao\/\" target=\"_blank\" rel=\"noreferrer noopener\"><\/a><\/p>\n\n\n\n<p class=\"wp-block-paragraph\"><strong>\u25b6\ufe0f Inscreva-se nos dois canais do GRANDE PR\u00caMIO no YouTube:&nbsp;<a href=\"https:\/\/www.youtube.com\/channel\/UC9OlHEgxoaY6QY6nWPoiqQg?sub_confirmation=1\">GP<\/a>&nbsp;|&nbsp;<a href=\"https:\/\/www.youtube.com\/channel\/UC9csiS6q_C3C0FYhyr1rnFA?sub_confirmation=1\">GP2<\/a><br>\u25b6\ufe0f&nbsp;<a href=\"https:\/\/www.twitch.tv\/grandepremio\">Conhe\u00e7a o canal do&nbsp;GRANDE PR\u00caMIO&nbsp;na Twitch clicando aqui!<\/a><\/strong><\/p>\n\n\n\n<figure class=\"wp-block-embed is-type-video is-provider-youtube wp-block-embed-youtube wp-embed-aspect-16-9 wp-has-aspect-ratio\"><div class=\"wp-block-embed__wrapper\">\n<iframe loading=\"lazy\" title=\"SAINZ DOMINA F1 na AUSTR\u00c1LIA + HORNER quer ALONSO na RED BULL | Paddock GP #364\" width=\"500\" height=\"281\" src=\"https:\/\/www.youtube.com\/embed\/H2Ty8rJsvEw?feature=oembed\" frameborder=\"0\" allow=\"accelerometer; autoplay; clipboard-write; encrypted-media; gyroscope; picture-in-picture; web-share\" referrerpolicy=\"strict-origin-when-cross-origin\" allowfullscreen><\/iframe>\n<\/div><figcaption class=\"wp-element-caption\">SAINZ DOMINA F1 na AUSTR\u00c1LIA + HORNER quer ALONSO na RED BULL | Paddock GP&nbsp;<a href=\"https:\/\/www.youtube.com\/hashtag\/364\">#364<\/a><\/figcaption><\/figure>\n","protected":false},"excerpt":{"rendered":"<p>Fr\u00e9d\u00e9ric Vasseur, chefe da Ferrari, foi s\u00f3 elogios para o trabalho de Carlos Sainz e a vit\u00f3ria improv\u00e1vel no GP da Austr\u00e1lia<\/p>\n","protected":false},"author":0,"featured_media":1000792893,"comment_status":"closed","ping_status":"closed","sticky":false,"template":"","format":"standard","meta":{"42wp_featured_image_caption":"","42wp_featured_image_credits":"","42wp_featured_video":"","42wp_featured_image_hidden":false,"42wp_authors_list":[],"footnotes":""},"categories":[2],"tags":[546,209,5660,3230,642,207,38677,16601,1322,1753,38679,34197],"42wp_author":[47120],"class_list":["post-83414","post","type-post","status-publish","format-standard","has-post-thumbnail","hentry","category-f1","tag-carlos-sainz","tag-charles-leclerc","tag-classificacao","tag-f1-2024","tag-f1-ao-vivo","tag-ferrari","tag-fim-de-semana-australia","tag-fred-vasseur","tag-frederic-vasseur","tag-gp-da-australia","tag-gp-de-albert-park","tag-gp-de-melbourne","42wp_author-pedro-henrique-marum"],"_links":{"self":[{"href":"https:\/\/grandepremio.com\/br\/wp-json\/wp\/v2\/posts\/83414","targetHints":{"allow":["GET"]}}],"collection":[{"href":"https:\/\/grandepremio.com\/br\/wp-json\/wp\/v2\/posts"}],"about":[{"href":"https:\/\/grandepremio.com\/br\/wp-json\/wp\/v2\/types\/post"}],"replies":[{"embeddable":true,"href":"https:\/\/grandepremio.com\/br\/wp-json\/wp\/v2\/comments?post=83414"}],"version-history":[{"count":0,"href":"https:\/\/grandepremio.com\/br\/wp-json\/wp\/v2\/posts\/83414\/revisions"}],"wp:featuredmedia":[{"embeddable":true,"href":"https:\/\/grandepremio.com\/br\/wp-json\/wp\/v2\/media\/1000792893"}],"wp:attachment":[{"href":"https:\/\/grandepremio.com\/br\/wp-json\/wp\/v2\/media?parent=83414"}],"wp:term":[{"taxonomy":"category","embeddable":true,"href":"https:\/\/grandepremio.com\/br\/wp-json\/wp\/v2\/categories?post=83414"},{"taxonomy":"post_tag","embeddable":true,"href":"https:\/\/grandepremio.com\/br\/wp-json\/wp\/v2\/tags?post=83414"},{"taxonomy":"42wp_author","embeddable":true,"href":"https:\/\/grandepremio.com\/br\/wp-json\/wp\/v2\/42wp_author?post=83414"}],"curies":[{"name":"wp","href":"https:\/\/api.w.org\/{rel}","templated":true}]}}