{"id":8347,"date":"2026-05-28T13:29:59","date_gmt":"2026-05-28T16:29:59","guid":{"rendered":"https:\/\/grandepremio.com\/br\/2026\/05\/28\/piloto-britanico-morre-apos-acidente-classificacao-tt-ilha-de-man\/"},"modified":"2026-05-28T13:34:06","modified_gmt":"2026-05-28T16:34:06","slug":"piloto-britanico-morre-apos-acidente-classificacao-tt-ilha-de-man","status":"publish","type":"post","link":"https:\/\/grandepremio.com\/br\/motociclismo\/piloto-britanico-morre-apos-acidente-classificacao-tt-ilha-de-man\/","title":{"rendered":"Piloto brit\u00e2nico morre ap\u00f3s acidente na classifica\u00e7\u00e3o do TT da Ilha de Man"},"content":{"rendered":"\n<p class=\"wp-block-paragraph\"><strong>Daniel Ingham<\/strong>, de 33 anos, morreu nesta quinta-feira (28) ap\u00f3s sofrer um acidente durante as sess\u00f5es classificat\u00f3rias do <strong>TT da Ilha de Man<\/strong>, considerada uma das provas mais perigosas do esporte a motor. Mesmo com ampla experi\u00eancia nas competi\u00e7\u00f5es de motociclismo, o brit\u00e2nico estava participando da prova pela primeira vez na carreira.<\/p>\n\n\n\n<p class=\"wp-block-paragraph\">&#8220;O TT da Ilha de\u00a0Man lamenta confirmar que Daniel Ingham, 33, de Melton Mowbray, morreu em um acidente durante a classifica\u00e7\u00e3o de ontem no TT&#8221;, come\u00e7aram os organizadores por meio de um comunicado. &#8220;O acidente ocorreu na Curva de Doran, na primeira volta da terceira sess\u00e3o de classifica\u00e7\u00e3o&#8221;, seguiu.<\/p>\n\n\n\n<figure class=\"wp-block-image size-large\"><img decoding=\"async\" src=\"https:\/\/www.grandepremio.com\/br\/wp-content\/uploads\/2026\/05\/HIXHD-pXcAA8Q5b-1200x799.jpeg\" alt=\"\" class=\"wp-image-1092546\"\/><figcaption class=\"wp-element-caption\">Daniel Ingham (Foto: Reprodu\u00e7\u00e3o)<\/figcaption><\/figure>\n\n\n\n<p class=\"wp-block-paragraph\">&#8220;Daniel fez sua estreia no Mountain Course em 2016 como competidor no Manx Grand Prix antes de passar para as corridas do TT da Ilha de Man.\u00a0Ele conquistou v\u00e1rios p\u00f3dios ao longo dos dez anos de carreira \u2014 com destaque para o primeiro lugar no Manx Grand Prix S\u00eanior de 2024&#8221;, acrescentou.<\/p>\n\n\n\n<p class=\"wp-block-paragraph\">&#8220;A organiza\u00e7\u00e3o do TT da Ilha de Man\u00a0expressa as mais sinceras condol\u00eancias \u00e0 sua esposa, Helayna, e ao seu filho Joey e \u00e0 sua filha Phoebe, bem como \u00e0 sua fam\u00edlia e amigos&#8221;, concluiu.<\/p>\n\n\n\n<p class=\"wp-block-paragraph\">Mais cedo nesta quinta-feira, os promotores j\u00e1 haviam divulgado um comunicado afirmando que a seguran\u00e7a \u00e9 a prioridade do evento e, por isso, tomaram a decis\u00e3o de <a href=\"https:\/\/www.grandepremio.com\/br\/motociclismo\/noticias\/tt-da-ilha-de-man-suspende-atividades-sidecar-2026-apos-sequencia-acidentes\/\">suspender as atividades com sidecar<\/a> ap\u00f3s uma sequ\u00eancia de acidentes mais s\u00e9rios. No in\u00edcio da semana, a competi\u00e7\u00e3o <a href=\"https:\/\/www.grandepremio.com\/br\/motociclismo\/noticias\/tt-ilha-de-man-suspende-atividades-apos-acidente-grave-com-piloto-fas-feridos\/\">chegou a ser interrompida com bandeira vermelha<\/a> devido a um ocorrido envolvendo um piloto e diversos f\u00e3s.<\/p>\n\n\n\n<p class=\"wp-block-paragraph\">A morte de Ingham est\u00e1 muito longe de ser a primeira na competi\u00e7\u00e3o. Para destacar apenas as mais recentes, <strong>Louis O&#8217;Regan<\/strong> se tornou v\u00edtima da corrida ao se acidentar na regi\u00e3o de <strong>Kate&#8217;s Cottage<\/strong> em 2024, enquanto que na semana passada, <strong>Alan Oversby<\/strong> perdeu a vida enquanto competia nas Pre-TT Classic Road Races, que acontecem antes do evento principal.<\/p>\n\n\n\n<p class=\"wp-block-paragraph\">\u25b6\ufe0f <strong>Inscreva-se nos dois canais do GRANDE PR\u00caMIO no YouTube:\u00a0<a href=\"https:\/\/www.youtube.com\/channel\/UC9OlHEgxoaY6QY6nWPoiqQg?sub_confirmation=1\">GP<\/a>\u00a0|\u00a0<a href=\"https:\/\/www.youtube.com\/channel\/UC9csiS6q_C3C0FYhyr1rnFA?sub_confirmation=1\">GPTV<\/a><\/strong><\/p>\n","protected":false},"excerpt":{"rendered":"<p>Figura bem conhecida no mundo do motociclismo, Daniel Ingham estava participando do TT da Ilha de Man pela primeira vez na carreira e morreu ap\u00f3s acidente na Curva de Doran, um ponto cr\u00edtico do circuito Mountain Course<\/p>\n","protected":false},"author":0,"featured_media":1001092541,"comment_status":"closed","ping_status":"closed","sticky":false,"template":"","format":"standard","meta":{"42wp_featured_image_caption":"","42wp_featured_image_credits":"","42wp_featured_video":"","42wp_featured_image_hidden":false,"42wp_authors_list":[],"footnotes":""},"categories":[28],"tags":[487,566,24853,5214,1491,28285,5455,1232,78,27236,25819,847,34187,44250,832],"42wp_author":[47160],"class_list":["post-8347","post","type-post","status-publish","format-standard","has-post-thumbnail","hentry","category-motociclismo","tag-acidente","tag-batida","tag-calendario-motogp","tag-classificacao-motogp","tag-grande-premio","tag-grandepremio","tag-horarios-motogp","tag-motociclismo","tag-motogp","tag-motogp-2026","tag-motogp-hoje","tag-mundial-de-motovelocidade","tag-onde-assistir-motogp","tag-temporada-2026-da-motogp","tag-treinos","42wp_author-vicente-soella"],"_links":{"self":[{"href":"https:\/\/grandepremio.com\/br\/wp-json\/wp\/v2\/posts\/8347","targetHints":{"allow":["GET"]}}],"collection":[{"href":"https:\/\/grandepremio.com\/br\/wp-json\/wp\/v2\/posts"}],"about":[{"href":"https:\/\/grandepremio.com\/br\/wp-json\/wp\/v2\/types\/post"}],"replies":[{"embeddable":true,"href":"https:\/\/grandepremio.com\/br\/wp-json\/wp\/v2\/comments?post=8347"}],"version-history":[{"count":0,"href":"https:\/\/grandepremio.com\/br\/wp-json\/wp\/v2\/posts\/8347\/revisions"}],"wp:featuredmedia":[{"embeddable":true,"href":"https:\/\/grandepremio.com\/br\/wp-json\/wp\/v2\/media\/1001092541"}],"wp:attachment":[{"href":"https:\/\/grandepremio.com\/br\/wp-json\/wp\/v2\/media?parent=8347"}],"wp:term":[{"taxonomy":"category","embeddable":true,"href":"https:\/\/grandepremio.com\/br\/wp-json\/wp\/v2\/categories?post=8347"},{"taxonomy":"post_tag","embeddable":true,"href":"https:\/\/grandepremio.com\/br\/wp-json\/wp\/v2\/tags?post=8347"},{"taxonomy":"42wp_author","embeddable":true,"href":"https:\/\/grandepremio.com\/br\/wp-json\/wp\/v2\/42wp_author?post=8347"}],"curies":[{"name":"wp","href":"https:\/\/api.w.org\/{rel}","templated":true}]}}