{"id":83494,"date":"2024-03-25T08:26:43","date_gmt":"2024-03-25T11:26:43","guid":{"rendered":"https:\/\/grandepremio.com\/br\/noticias\/charles-leclerc-rejeita-carlos-sainz-subestimado-muitos-chefes-equipe-estao-olho\/"},"modified":"2024-03-25T12:57:22","modified_gmt":"2024-03-25T15:57:22","slug":"charles-leclerc-rejeita-carlos-sainz-subestimado-muitos-chefes-equipe-estao-olho","status":"publish","type":"post","link":"https:\/\/grandepremio.com\/br\/f1\/charles-leclerc-rejeita-carlos-sainz-subestimado-muitos-chefes-equipe-estao-olho\/","title":{"rendered":"Leclerc rejeita que Sainz seja &#8220;subestimado&#8221; e diz: &#8220;Muitos chefes de equipe est\u00e3o de olho&#8221;"},"content":{"rendered":"\n<p class=\"wp-block-paragraph\"><strong>Charles Leclerc<\/strong> rejeitou a sugest\u00e3o de que <strong>Carlos Sainz <\/strong>seja subestimado na <strong>F\u00f3rmula 1 <\/strong>e rasgou elogios ao companheiro de equipe ap\u00f3s o <strong>GP da Austr\u00e1lia<\/strong>, <a href=\"https:\/\/www.grandepremio.com\/br\/f1\/noticias\/carlos-sainz-completa-retorno-triunfal-vence-gp-da-australia-formula-1-apos-abandono-max-verstappen\/\">realizado no domingo (24)<\/a>. O monegasco ainda disse que embora o espanhol n\u00e3o admita, tem certeza de que est\u00e1 em conversas &#8220;com v\u00e1rios chefes de equipe&#8221; para o ano que vem.<\/p>\n\n\n\n<p class=\"wp-block-paragraph\">Sainz teve um retorno triunfal na F1 depois de perder o \u00faltimo GP, na <strong>Ar\u00e1bia Saudita<\/strong>, por conta de uma apendicite. Apesar da quebra de <strong>Max Verstappen<\/strong> ainda nas primeiras voltas da corrida em Melbourne, o espanhol confirmou o forte ritmo de corrida que a Ferrari demonstrou ter ao longo dos treinos livres e dominou as 58 voltas.<\/p>\n\n\n\n<p class=\"wp-block-paragraph\">Segundo colocado, Leclerc em nenhum momento chegou a amea\u00e7ar a vit\u00f3ria do companheiro de equipe. Durante a coletiva de imprensa p\u00f3s-corrida, ao ser questionado se achava Sainz subestimado, assegurou que o #55 j\u00e1 provou em v\u00e1rios momentos o valor que possui como piloto.<\/p>\n\n\n\n<p class=\"wp-block-paragraph\">&#8220;Acho que todo mundo no paddock sabe o valor de Carlos&#8221;, come\u00e7ou Leclerc. &#8220;Ele \u00e9 um dos pilotos mais bem avaliados, e sempre quando esteve em um carro de F1 foi extremamente forte. Ele j\u00e1 mostrou isso diversas vezes. Portanto, n\u00e3o acho que seja subestimado&#8221;, avaliou.<\/p>\n\n\n\n<figure class=\"wp-block-image size-large\"><img decoding=\"async\" src=\"https:\/\/www.grandepremio.com\/br\/wp-content\/uploads\/2024\/03\/australia-2024-f1-quinta-feira-ferrari-charles-leclerc-02-1024x683.jpg\" alt=\"\" class=\"wp-image-790390\"\/><figcaption class=\"wp-element-caption\">Charles Leclerc disse que Sainz est\u00e1 &#8220;em conversas&#8221; com chefes de equipe da F1 (Foto: Ferrari)<\/figcaption><\/figure>\n\n\n\n<p class=\"wp-block-paragraph\">Sainz foi preterido pela Ferrari para dar lugar a <strong>Lewis Hamilton<\/strong>, que decidiu deixar a <strong>Mercedes<\/strong> ao final deste ano e se unir \u00e0 tradicional escuderia do Cavallino Rampante a partir do ano que vem. Mas Leclerc deixou claro n\u00e3o ter d\u00favidas de que Carlos est\u00e1 sendo procurado por muitos times do grid atual.<\/p>\n\n\n\n<p class=\"wp-block-paragraph\">&#8220;Como j\u00e1 disse muitas vezes, n\u00e3o estou preocupado com o futuro dele, pois tenho certeza de que muitos, muitos chefes de equipe est\u00e3o \u2014 ele n\u00e3o assume, mas com certeza est\u00e3o conversando com ele. E ele ter\u00e1 muitas oportunidades, sem d\u00favida, s\u00f3 ter\u00e1 de fazer a melhor escolha para sua carreira&#8221;, concluiu Leclerc.<\/p>\n\n\n\n<p class=\"wp-block-paragraph\">Com a vit\u00f3ria no GP da Austr\u00e1lia, Sainz chegou aos 40 pontos, 7 a menos que Leclerc e a 11 de Verstappen, ainda l\u00edder da temporada.<\/p>\n\n\n\n<p class=\"wp-block-paragraph\">A&nbsp;<strong><a href=\"https:\/\/www.grandepremio.com\/br\/f1\/\"><\/a><a href=\"https:\/\/www.grandepremio.com\/br\/f1\/\" target=\"_blank\" rel=\"noreferrer noopener\">F\u00f3rmula 1<\/a><\/strong>&nbsp;retorna com a temporada 2024 em duas semanas, entre os dias 5 e 7 de abril, com o&nbsp;<strong>GP do Jap\u00e3o<\/strong>, em&nbsp;<strong><a href=\"https:\/\/www.grandepremio.com\/br\/circuito\/suzuka\/\" target=\"_blank\" rel=\"noreferrer noopener\">Suzuka<\/a><\/strong>.<\/p>\n\n\n\n<p class=\"wp-block-paragraph\"><strong><img decoding=\"async\" src=\"https:\/\/a.slack-edge.com\/production-standard-emoji-assets\/14.0\/google-medium\/25b6-fe0f.png\" alt=\":seta_para_frente:\">&nbsp;Inscreva-se nos dois canais do GRANDE PR\u00caMIO no YouTube:&nbsp;<a href=\"https:\/\/www.youtube.com\/channel\/UC9OlHEgxoaY6QY6nWPoiqQg?sub_confirmation=1\" target=\"_blank\" rel=\"noreferrer noopener\">GP<\/a>&nbsp;|&nbsp;<a href=\"https:\/\/www.youtube.com\/channel\/UC9csiS6q_C3C0FYhyr1rnFA?sub_confirmation=1\" target=\"_blank\" rel=\"noreferrer noopener\">GP2<\/a><\/strong><br><strong><img decoding=\"async\" src=\"https:\/\/a.slack-edge.com\/production-standard-emoji-assets\/14.0\/google-medium\/25b6-fe0f.png\" alt=\":seta_para_frente:\">&nbsp;<a href=\"https:\/\/www.twitch.tv\/grandepremio\" target=\"_blank\" rel=\"noreferrer noopener\">Conhe\u00e7a o canal do GRANDE PR\u00caMIO na Twitch clicando aqui!<\/a><\/strong><\/p>\n\n\n\n<figure class=\"wp-block-embed is-type-video is-provider-youtube wp-block-embed-youtube wp-embed-aspect-16-9 wp-has-aspect-ratio\"><div class=\"wp-block-embed__wrapper\">\n<iframe loading=\"lazy\" title=\"MILAGRE: VERSTAPPEN ABANDONA! SAINZ DOMINA E VENCE: o GP da Austr\u00e1lia da F1 2024 | Briefing\" width=\"500\" height=\"281\" src=\"https:\/\/www.youtube.com\/embed\/q2whBdA__9E?feature=oembed\" frameborder=\"0\" allow=\"accelerometer; autoplay; clipboard-write; encrypted-media; gyroscope; picture-in-picture; web-share\" referrerpolicy=\"strict-origin-when-cross-origin\" allowfullscreen><\/iframe>\n<\/div><\/figure>\n","protected":false},"excerpt":{"rendered":"<p>Charles Leclerc disse ap\u00f3s o GP da Austr\u00e1lia que Carlos Sainz sempre foi forte ao volante de um carro de F1, portanto todos no paddock sabem o valor do espanhol<\/p>\n","protected":false},"author":0,"featured_media":1000793627,"comment_status":"closed","ping_status":"closed","sticky":false,"template":"","format":"standard","meta":{"42wp_featured_image_caption":"","42wp_featured_image_credits":"","42wp_featured_video":"","42wp_featured_image_hidden":false,"42wp_authors_list":[],"footnotes":""},"categories":[2],"tags":[26271,546,209,5273,147,3230,207,180,30909,1753,1491,28285,30840,1757,38756,34212,35129,33301],"42wp_author":[47147],"class_list":["post-83494","post","type-post","status-publish","format-standard","has-post-thumbnail","hentry","category-f1","tag-calendario-f1","tag-carlos-sainz","tag-charles-leclerc","tag-classificacao-f1","tag-f1","tag-f1-2024","tag-ferrari","tag-formula-1","tag-formula-1-2024","tag-gp-da-australia","tag-grande-premio","tag-grandepremio","tag-horarios-f1","tag-melbourne","tag-melbourne-2024","tag-melbourne-f1","tag-onde-assistir-f1","tag-temporada-2024-f1","42wp_author-luana-marino"],"_links":{"self":[{"href":"https:\/\/grandepremio.com\/br\/wp-json\/wp\/v2\/posts\/83494","targetHints":{"allow":["GET"]}}],"collection":[{"href":"https:\/\/grandepremio.com\/br\/wp-json\/wp\/v2\/posts"}],"about":[{"href":"https:\/\/grandepremio.com\/br\/wp-json\/wp\/v2\/types\/post"}],"replies":[{"embeddable":true,"href":"https:\/\/grandepremio.com\/br\/wp-json\/wp\/v2\/comments?post=83494"}],"version-history":[{"count":0,"href":"https:\/\/grandepremio.com\/br\/wp-json\/wp\/v2\/posts\/83494\/revisions"}],"wp:featuredmedia":[{"embeddable":true,"href":"https:\/\/grandepremio.com\/br\/wp-json\/wp\/v2\/media\/1000793627"}],"wp:attachment":[{"href":"https:\/\/grandepremio.com\/br\/wp-json\/wp\/v2\/media?parent=83494"}],"wp:term":[{"taxonomy":"category","embeddable":true,"href":"https:\/\/grandepremio.com\/br\/wp-json\/wp\/v2\/categories?post=83494"},{"taxonomy":"post_tag","embeddable":true,"href":"https:\/\/grandepremio.com\/br\/wp-json\/wp\/v2\/tags?post=83494"},{"taxonomy":"42wp_author","embeddable":true,"href":"https:\/\/grandepremio.com\/br\/wp-json\/wp\/v2\/42wp_author?post=83494"}],"curies":[{"name":"wp","href":"https:\/\/api.w.org\/{rel}","templated":true}]}}