{"id":83713,"date":"2024-03-23T20:56:44","date_gmt":"2024-03-23T23:56:44","guid":{"rendered":"https:\/\/grandepremio.com\/br\/noticias\/campos-aciona-direito-revisao-isack-hadjar-perder-corrida-sprint-f2-australia\/"},"modified":"2024-03-23T23:12:33","modified_gmt":"2024-03-24T02:12:33","slug":"campos-aciona-direito-revisao-isack-hadjar-perder-corrida-sprint-f2-australia","status":"publish","type":"post","link":"https:\/\/grandepremio.com\/br\/f2\/campos-aciona-direito-revisao-isack-hadjar-perder-corrida-sprint-f2-australia\/","title":{"rendered":"Campos aciona direito de revis\u00e3o ap\u00f3s Hadjar perder corrida sprint da F2 na Austr\u00e1lia"},"content":{"rendered":"\n<p class=\"wp-block-paragraph\">A <strong>Campos <\/strong>decidiu acionar o direito de revis\u00e3o ap\u00f3s <strong>Isack Hadjar<\/strong> tomar 10s de puni\u00e7\u00e3o e perder a vit\u00f3ria na corrida sprint da rodada da <strong>Austr\u00e1lia<\/strong>, realizada na madrugada de s\u00e1bado (23), hor\u00e1rio de Bras\u00edlia. O franc\u00eas foi considerado pelos comiss\u00e1rios culpado na batida que tirou <strong>Josep Mar\u00eda Mart\u00ed <\/strong>e <strong>Gabriel Bortoleto<\/strong> da prova ainda na largada. <\/p>\n\n\n\n<p class=\"wp-block-paragraph\">Hadjar era o terceiro colocado no grid, logo atr\u00e1s de <strong>Roman Stanek<\/strong>, o pole-position. Ao seu lado estava Mart\u00ed, em quarto, imediatamente atr\u00e1s de Bortoleto, segundo. Quando as luzes vermelhas se apagaram, os dois pilotos da\u00a0Campos\u00a0trouxeram os carros para a linha de dentro, j\u00e1 que tanto Stanek quanto Bortoleto partiram mal.<\/p>\n\n\n\n<p class=\"wp-block-paragraph\">Acontece que um n\u00e3o viu o outro, resultado numa batida forte. Hadjar escapou e levou o carro at\u00e9 o fim na primeira posi\u00e7\u00e3o, por\u00e9m Mart\u00ed foi jogado em cima de Bortoleto, que nada p\u00f4de fazer. <\/p>\n\n\n\n<p class=\"wp-block-paragraph\">Ap\u00f3s analisarem as imagens, os comiss\u00e1rios entenderam que Isack foi o principal respons\u00e1vel pelo incidente, uma vez que Pepe Mart\u00ed s\u00f3 acertou o brasileiro porque teve de jogar o carro um pouco para o lado direito.<\/p>\n\n\n\n<figure class=\"wp-block-video\"><video class=\"video-js vjs-big-play-centered\" data-gp-vjs=\"1\" controls poster=\"https:\/\/www.grandepremio.com\/br\/cdn-cgi\/image\/width=893,height=558,fit=contain,gravity=0.5x0.5,quality=75,format=webp\/wp-content\/uploads\/2024\/03\/Largada-corrida-sprint-F2-Australia-poster.jpeg\" src=\"https:\/\/www.grandepremio.com\/br\/wp-content\/uploads\/2024\/03\/Largada-corrida-sprint-F2-Australia.mp4\"><\/video><figcaption class=\"wp-element-caption\">A largada desastrosa da F\u00f3rmula 2 na corrida sprint da Austr\u00e1lia (V\u00eddeo: Reprodu\u00e7\u00e3o\/F1 TV\/DAZN)<\/figcaption><\/figure>\n\n\n\n<p class=\"wp-block-paragraph\">Com os 10s acrescidos ao tempo final, Hadjar caiu de primeiro para sexto, com Stanek herdando a vit\u00f3ria.  A equipe espanhola, ent\u00e3o, entrou com o pedido para que a puni\u00e7\u00e3o seja revista, de acordo com o artigo 14 do <strong>C\u00f3digo Esportivo Internacional<\/strong> da <strong>Federa\u00e7\u00e3o Internacional de Automobilismo <\/strong>(<strong>FIA<\/strong>). A reuni\u00e3o com os comiss\u00e1rios est\u00e1 marcada para as 13h30 locais (23h30 de Bras\u00edlia, GMT-3).<\/p>\n\n\n\n<p class=\"wp-block-paragraph\">A\u00a0<a href=\"https:\/\/www.grandepremio.com\/br\/f2\/\" target=\"_blank\" rel=\"noreferrer noopener\"><\/a><a href=\"https:\/\/www.grandepremio.com\/br\/f2\/\" target=\"_blank\" rel=\"noreferrer noopener\">F\u00f3rmula 2<\/a>\u00a0retorna na noite deste s\u00e1bado (23), \u00e0s 21h35 (hor\u00e1rio de Bras\u00edlia, GMT-3), para a disputa da corrida 2 da rodada da Austr\u00e1lia. O\u00a0<strong>GRANDE PR\u00caMIO\u00a0<\/strong>acompanha todas as atividades da temporada 2024.<\/p>\n\n\n\n<p class=\"wp-block-paragraph\"><strong><img decoding=\"async\" src=\"https:\/\/a.slack-edge.com\/production-standard-emoji-assets\/14.0\/google-medium\/25b6-fe0f.png\" alt=\":seta_para_frente:\">\u00a0Inscreva-se nos dois canais do GRANDE PR\u00caMIO no YouTube:\u00a0<a href=\"https:\/\/www.youtube.com\/channel\/UC9OlHEgxoaY6QY6nWPoiqQg?sub_confirmation=1\" target=\"_blank\" rel=\"noreferrer noopener\">GP<\/a>\u00a0|\u00a0<a href=\"https:\/\/www.youtube.com\/channel\/UC9csiS6q_C3C0FYhyr1rnFA?sub_confirmation=1\" target=\"_blank\" rel=\"noreferrer noopener\">GP2<\/a><\/strong><br><strong><img decoding=\"async\" src=\"https:\/\/a.slack-edge.com\/production-standard-emoji-assets\/14.0\/google-medium\/25b6-fe0f.png\" alt=\":seta_para_frente:\"><a href=\"https:\/\/www.twitch.tv\/grandepremio\" target=\"_blank\" rel=\"noreferrer noopener\">Conhe\u00e7a o canal do GRANDE PR\u00caMIO na Twitch clicando aqui!<\/a><\/strong><\/p>\n\n\n\n<figure class=\"wp-block-embed is-type-video is-provider-youtube wp-block-embed-youtube wp-embed-aspect-16-9 wp-has-aspect-ratio\"><div class=\"wp-block-embed__wrapper\">\n<iframe loading=\"lazy\" title=\"BEARMAN vive SONHO na F1, mas objetivo \u00e9 VIRAR JOGO na F2 2024 | GP \u00e0s 10\" width=\"500\" height=\"281\" src=\"https:\/\/www.youtube.com\/embed\/S8D_OmdGaYY?feature=oembed\" frameborder=\"0\" allow=\"accelerometer; autoplay; clipboard-write; encrypted-media; gyroscope; picture-in-picture; web-share\" referrerpolicy=\"strict-origin-when-cross-origin\" allowfullscreen><\/iframe>\n<\/div><\/figure>\n","protected":false},"excerpt":{"rendered":"<p>Isack Hadjar foi considerado culpado pelos comiss\u00e1rios no incidente que tirou Josep Mar\u00eda Mart\u00ed e Gabriel Bortoleto da sprint da F2 na Austr\u00e1lia ainda na largada<\/p>\n","protected":false},"author":0,"featured_media":1000791665,"comment_status":"closed","ping_status":"closed","sticky":false,"template":"","format":"standard","meta":{"42wp_featured_image_caption":"","42wp_featured_image_credits":"","42wp_featured_video":"","42wp_featured_image_hidden":false,"42wp_authors_list":[],"footnotes":""},"categories":[9],"tags":[29654,3158,30246,111,32189,2208,35969,350,1491,28285,35029,28104,33971,1757,38756,38753,35030,38752,32190],"42wp_author":[47147],"class_list":["post-83713","post","type-post","status-publish","format-standard","has-post-thumbnail","hentry","category-f2","tag-calendario-f2","tag-campos","tag-classificacao-f2","tag-f2","tag-f2-2024","tag-formula-2","tag-formula-2-2024","tag-gabriel-bortoleto","tag-grande-premio","tag-grandepremio","tag-horarios-f2","tag-isack-hadjar","tag-josep-maria-marti","tag-melbourne","tag-melbourne-2024","tag-melbourne-f2","tag-onde-assistir-f2","tag-rodada-da-australia","tag-temporada-2024-f2","42wp_author-luana-marino"],"_links":{"self":[{"href":"https:\/\/grandepremio.com\/br\/wp-json\/wp\/v2\/posts\/83713","targetHints":{"allow":["GET"]}}],"collection":[{"href":"https:\/\/grandepremio.com\/br\/wp-json\/wp\/v2\/posts"}],"about":[{"href":"https:\/\/grandepremio.com\/br\/wp-json\/wp\/v2\/types\/post"}],"replies":[{"embeddable":true,"href":"https:\/\/grandepremio.com\/br\/wp-json\/wp\/v2\/comments?post=83713"}],"version-history":[{"count":0,"href":"https:\/\/grandepremio.com\/br\/wp-json\/wp\/v2\/posts\/83713\/revisions"}],"wp:featuredmedia":[{"embeddable":true,"href":"https:\/\/grandepremio.com\/br\/wp-json\/wp\/v2\/media\/1000791665"}],"wp:attachment":[{"href":"https:\/\/grandepremio.com\/br\/wp-json\/wp\/v2\/media?parent=83713"}],"wp:term":[{"taxonomy":"category","embeddable":true,"href":"https:\/\/grandepremio.com\/br\/wp-json\/wp\/v2\/categories?post=83713"},{"taxonomy":"post_tag","embeddable":true,"href":"https:\/\/grandepremio.com\/br\/wp-json\/wp\/v2\/tags?post=83713"},{"taxonomy":"42wp_author","embeddable":true,"href":"https:\/\/grandepremio.com\/br\/wp-json\/wp\/v2\/42wp_author?post=83713"}],"curies":[{"name":"wp","href":"https:\/\/api.w.org\/{rel}","templated":true}]}}