{"id":8379,"date":"2026-05-27T18:36:23","date_gmt":"2026-05-27T21:36:23","guid":{"rendered":"https:\/\/grandepremio.com\/br\/noticias\/kyle-busch-teve-pneumonia-bacteriana-semanas-ate-morrer-diz-certidao-obito\/"},"modified":"2026-05-27T18:42:45","modified_gmt":"2026-05-27T21:42:45","slug":"kyle-busch-teve-pneumonia-bacteriana-semanas-ate-morrer-diz-certidao-obito","status":"publish","type":"post","link":"https:\/\/grandepremio.com\/br\/nascar\/kyle-busch-teve-pneumonia-bacteriana-semanas-ate-morrer-diz-certidao-obito\/","title":{"rendered":"Kyle Busch teve pneumonia bacteriana por semanas at\u00e9 morrer, diz certid\u00e3o de \u00f3bito"},"content":{"rendered":"\n<p class=\"wp-block-paragraph\"><a href=\"https:\/\/www.grandepremio.com\/br\/nascar\/noticias\/familia-kyle-busch-divulga-nota-oficial-confirma-pneumonia-como-causa-morte\/\">Alguns dias ap\u00f3s ter a causa da morte anuciada<\/a>, a certid\u00e3o de \u00f3bito de <strong>Kyle Busch<\/strong> revelou que o bicampe\u00e3o da Nascar estava com pneumonia bacteriana &#8220;h\u00e1 dias ou semanas\u201d antes de <a href=\"https:\/\/www.grandepremio.com\/br\/nascar\/noticias\/kyle-busch-bicampeao-lenda-nascar-morre-41-anos\/\">morrer na \u00faltima quinta-feira (21)<\/a>.<\/p>\n\n\n\n<p class=\"wp-block-paragraph\">A informa\u00e7\u00e3o \u00e9 da revista <em>Us Weekly<\/em>. De acordo com a publica\u00e7\u00e3o, uma s\u00e9rie de eventos levaram \u00e0 morte de Busch, a come\u00e7ar pelo diagn\u00f3stico de pneumonia bacteriana, que depois evoluiu para sepse, a qual o piloto teve por um dia, segundo o m\u00e9dico legista, o que resultou em complica\u00e7\u00f5es r\u00e1pidas e avassaladoras.<\/p>\n\n\n\n\n\n\n\n<p class=\"wp-block-paragraph\">A sepse resultou em coagula\u00e7\u00e3o intravascular, um &#8220;dist\u00farbio raro de coagula\u00e7\u00e3o sangu\u00ednea&#8221;, segundo a Cleveland Clinic, que interrompe o fluxo sangu\u00edneo para \u00f3rg\u00e3os vitais. Sem tratamento, pode se tornar fatal. A coagula\u00e7\u00e3o e a perda dr\u00e1stica de sangue levaram ao choque hemorr\u00e1gico.<\/p>\n\n\n\n<p class=\"wp-block-paragraph\">De acordo com a <em>Associated Press<\/em>, Kyle foi encontrado inconsciente ap\u00f3s utilizar um simulador da equipe <strong>Richard Childress Racing<\/strong> na cidade de Concord, na Carolina do Norte. O an\u00fancio da hospitaliza\u00e7\u00e3o foi feito na manh\u00e3 de quinta-feira, junto da confirma\u00e7\u00e3o de que n\u00e3o disputaria a <strong>Charlotte 600<\/strong> no domingo (24), e a morte ocorreu horas depois.<\/p>\n\n\n\n<figure class=\"wp-block-image size-full\"><img decoding=\"async\" src=\"https:\/\/www.grandepremio.com\/br\/wp-content\/uploads\/2026\/05\/NASCAR-2026-DOVER-TRUCK-SERIES-KYLE-BUSCH.jpg\" alt=\"\" class=\"wp-image-1089752\"\/><figcaption class=\"wp-element-caption\">Kyle Busch venceu etapa da Truck Series seis dias antes de morrer (Foto: Nascar)<\/figcaption><\/figure>\n\n\n\n<p class=\"wp-block-paragraph\">Tr\u00eas semanas atr\u00e1s, Busch disputou a etapa de <strong>Watkins Glen<\/strong> da Cup Series e pediu atendimento m\u00e9dico no r\u00e1dio, at\u00e9 sugerindo a necessidade de tomar uma inje\u00e7\u00e3o. Em entrevista ap\u00f3s a corrida, Kyle alegou que estava sofrendo com sinusite. Na semana posterior, correu normalmente e venceu a etapa de <strong>Dover<\/strong> da <strong>Truck Series<\/strong>.<\/p>\n\n\n\n<p class=\"wp-block-paragraph\">Na \u00faltima sexta-feira (22), o site <em>TMZ Sports<\/em> divulgou a liga\u00e7\u00e3o de emerg\u00eancia feita para a ambul\u00e2ncia que atendeu Busch, relatando que o piloto tinha dificuldades de respirar, estava com febre e tossia sangue.<\/p>\n\n\n\n<p class=\"wp-block-paragraph\">Kyle &#8220;Rowdy&#8221; Busch foi um dos maiores pilotos da hist\u00f3ria da Nascar, com t\u00edtulos da Cup Series em 2015 e 2019. No total, foram 762 corridas disputadas na classe principal, com 63 vit\u00f3rias, 35 poles, 395 top-10 al\u00e9m de um vasto legado no esporte. Ele tamb\u00e9m foi campe\u00e3o da Nationwide Series (atual O&#8217;Reilly) em 2009 e conquistou sete t\u00edtulos como propriet\u00e1rio da Kyle Busch Motorsports na Truck Series. Busch foi inclu\u00eddo na lista dos 75 maiores pilotos da categoria em 2023. Kyle deixa a mulher, Samantha, e os filhos Brexton e Lennix.<\/p>\n\n\n\n<p class=\"wp-block-paragraph\">A Nascar retorna para a\u00a0<strong>14\u00aa etapa\u00a0<\/strong>da temporada no pr\u00f3ximo domingo (31), com\u00a0<strong>400\u00a0<\/strong>milhas previstas no oval de\u00a0<strong>Nashville<\/strong>, no estado americano do\u00a0<strong>Tennessee<\/strong>.<\/p>\n\n\n\n<p class=\"wp-block-paragraph\">\u25b6\ufe0f <strong>Inscreva-se nos dois canais do GRANDE PR\u00caMIO no YouTube:\u00a0<a href=\"https:\/\/www.youtube.com\/channel\/UC9OlHEgxoaY6QY6nWPoiqQg?sub_confirmation=1\">GP<\/a>\u00a0|\u00a0<a href=\"https:\/\/www.youtube.com\/channel\/UC9csiS6q_C3C0FYhyr1rnFA?sub_confirmation=1\">GPTV<\/a><\/strong><a href=\"https:\/\/www.grandepremio.com\/br\/chefao\/\" target=\"_blank\" rel=\"noreferrer noopener\"><\/a><\/p>\n","protected":false},"excerpt":{"rendered":"<p>A certid\u00e3o de \u00f3bito de Kyle Busch revelou que o bicampe\u00e3o da Nascar sofria com pneumonia bacteriana &#8220;h\u00e1 dias ou semanas&#8221; antes de morrer, segundo a revista Us Weekly<\/p>\n","protected":false},"author":0,"featured_media":1001089695,"comment_status":"closed","ping_status":"closed","sticky":false,"template":"","format":"standard","meta":{"42wp_featured_image_caption":"","42wp_featured_image_credits":"","42wp_featured_video":"","42wp_featured_image_hidden":false,"42wp_authors_list":[],"footnotes":""},"categories":[14],"tags":[32484,32751,1491,28285,5219,1253,411,42504,27712,45589,45598,3200,45590,25035],"42wp_author":[47163],"class_list":["post-8379","post","type-post","status-publish","format-standard","has-post-thumbnail","hentry","category-nascar","tag-calendario-nascar","tag-classificacao-nascar","tag-grande-premio","tag-grandepremio","tag-joe-gibbs","tag-kyle-busch","tag-nascar","tag-nascar-2026","tag-nascar-cup-series","tag-nascar-cup-series-2026","tag-nascar-hoje","tag-playoffs-nascar","tag-temporada-2026-da-nascar","tag-tragedia","42wp_author-caio-cavalcante"],"_links":{"self":[{"href":"https:\/\/grandepremio.com\/br\/wp-json\/wp\/v2\/posts\/8379","targetHints":{"allow":["GET"]}}],"collection":[{"href":"https:\/\/grandepremio.com\/br\/wp-json\/wp\/v2\/posts"}],"about":[{"href":"https:\/\/grandepremio.com\/br\/wp-json\/wp\/v2\/types\/post"}],"replies":[{"embeddable":true,"href":"https:\/\/grandepremio.com\/br\/wp-json\/wp\/v2\/comments?post=8379"}],"version-history":[{"count":0,"href":"https:\/\/grandepremio.com\/br\/wp-json\/wp\/v2\/posts\/8379\/revisions"}],"wp:featuredmedia":[{"embeddable":true,"href":"https:\/\/grandepremio.com\/br\/wp-json\/wp\/v2\/media\/1001089695"}],"wp:attachment":[{"href":"https:\/\/grandepremio.com\/br\/wp-json\/wp\/v2\/media?parent=8379"}],"wp:term":[{"taxonomy":"category","embeddable":true,"href":"https:\/\/grandepremio.com\/br\/wp-json\/wp\/v2\/categories?post=8379"},{"taxonomy":"post_tag","embeddable":true,"href":"https:\/\/grandepremio.com\/br\/wp-json\/wp\/v2\/tags?post=8379"},{"taxonomy":"42wp_author","embeddable":true,"href":"https:\/\/grandepremio.com\/br\/wp-json\/wp\/v2\/42wp_author?post=8379"}],"curies":[{"name":"wp","href":"https:\/\/api.w.org\/{rel}","templated":true}]}}