{"id":8394,"date":"2026-05-27T10:39:03","date_gmt":"2026-05-27T13:39:03","guid":{"rendered":"https:\/\/grandepremio.com\/br\/noticias\/flavio-briatore-celebra-acordo-alpine-gucci-lembra-benetton-moda-pode-vencer-f1\/"},"modified":"2026-05-27T11:53:02","modified_gmt":"2026-05-27T14:53:02","slug":"flavio-briatore-celebra-acordo-alpine-gucci-lembra-benetton-moda-pode-vencer-f1","status":"publish","type":"post","link":"https:\/\/grandepremio.com\/br\/f1\/flavio-briatore-celebra-acordo-alpine-gucci-lembra-benetton-moda-pode-vencer-f1\/","title":{"rendered":"Briatore celebra acordo Alpine-Gucci e lembra era Benetton: &#8220;Moda pode vencer na F1&#8221;"},"content":{"rendered":"\n<p class=\"wp-block-paragraph\"><strong>Flavio Briatore <\/strong>celebrou a parceria entre a <strong>Alpine <\/strong>e a <strong>Gucci <\/strong>na <strong>F\u00f3rmula 1<\/strong> e demonstrou otimismo sobre o potencial do projeto no futuro. O dirigente italiano, que tamb\u00e9m comandou a <strong>Benetton<\/strong>, relembrou a fase vitoriosa da equipe na d\u00e9cada de 1990 e afirmou que, mesmo sem liga\u00e7\u00e3o direta com a ind\u00fastria automotiva, marcas de moda tamb\u00e9m podem construir hist\u00f3rias vencedoras no esporte.<\/p>\n\n\n\n<p class=\"wp-block-paragraph\">Com o acordo com a <strong>BWT <\/strong>chegando ao fim em 2026, a <strong>Alpine <\/strong><a href=\"https:\/\/www.grandepremio.com\/br\/f1\/noticias\/alpine-anuncia-gucci-patrocinadora-principal-temporada-2027-f1\/\">anunciou nesta quarta-feira (27)<\/a> a Gucci como patrocinadora principal da equipe a partir de 2027. Os valores n\u00e3o foram divulgados oficialmente, mas, segundo o portal ingl\u00eas <strong><em>The Race<\/em><\/strong>, o contrato gira em torno de US$ 150 milh\u00f5es (cerca de R$ 759 milh\u00f5es na cota\u00e7\u00e3o atual) por tr\u00eas temporadas.<\/p>\n\n\n\n<figure class=\"wp-block-embed is-type-video is-provider-youtube wp-block-embed-youtube wp-embed-aspect-16-9 wp-has-aspect-ratio\"><div class=\"wp-block-embed__wrapper\">\n<iframe loading=\"lazy\" title=\"F1: BRIGA NO CANAD\u00c1 FAZ ANTONELLI EXPOR FRAQUEZAS DE RUSSELL? | Paddock GP\" width=\"500\" height=\"281\" src=\"https:\/\/www.youtube.com\/embed\/CDuKuAIV62E?feature=oembed\" frameborder=\"0\" allow=\"accelerometer; autoplay; clipboard-write; encrypted-media; gyroscope; picture-in-picture; web-share\" referrerpolicy=\"strict-origin-when-cross-origin\" allowfullscreen><\/iframe>\n<\/div><\/figure>\n\n\n\n<p class=\"wp-block-paragraph\"><strong>Briatore <\/strong>teve papel fundamental na negocia\u00e7\u00e3o. Antes de chegar \u00e0 <strong>F\u00f3rmula 1<\/strong>, o italiano atuava no mundo da moda e depois conduziu a Benetton ao bicampeonato do <strong>Mundial de Pilotos<\/strong> com <strong>Michael Schumacher<\/strong>, em 1994 e 1995, al\u00e9m do t\u00edtulo de <strong>Construtores <\/strong>em 1995. Ao celebrar a nova parceria, fez alus\u00e3o \u00e0 uni\u00e3o que rendeu frutos no passado.<\/p>\n\n\n\n<p class=\"wp-block-paragraph\">\u201cFormar uma parceria com marcas de prest\u00edgio do calibre da <strong>Gucci<\/strong>, como patrocinadora principal da <strong>Alpine<\/strong>, \u00e9 algo que me deixa extremamente orgulhoso\u201d, celebrou <strong>Briatore<\/strong>. \u201cN\u00e3o apenas isso, mas tamb\u00e9m animado sobre as possibilidades que uma parceria com a <strong>Gucci <\/strong>traz e as grandes coisas que podemos atingir juntos em n\u00edvel global\u201d, disse.<\/p>\n\n\n\n<figure class=\"wp-block-image size-large\"><img decoding=\"async\" src=\"https:\/\/www.grandepremio.com\/br\/wp-content\/uploads\/2026\/05\/2705GucciAlpine-1200x675.jpg\" alt=\"\" class=\"wp-image-1092125\"\/><figcaption class=\"wp-element-caption\">Alpine e Gucci ser\u00e3o parceiras a partir de 2027 (Foto: Alpine)<\/figcaption><\/figure>\n\n\n\n<p class=\"wp-block-paragraph\">\u201cEssa equipe de <strong>Enstone <\/strong>tem um hist\u00f3rico de fazer as coisas de forma diferente das outras. E j\u00e1 mostrou anteriormente que a moda pode terminar em primeiro lugar na <strong>F\u00f3rmula 1<\/strong>\u201d, completou o italiano.<\/p>\n\n\n\n<p class=\"wp-block-paragraph\">A F\u00f3rmula 1 retorna entre os dias&nbsp;<strong>5 e 7 de junho<\/strong>, com a realiza\u00e7\u00e3o do&nbsp;<strong>GP de M\u00f4naco<\/strong>, sexta etapa da temporada 2026.<\/p>\n\n\n\n<p class=\"wp-block-paragraph\">\u25b6\ufe0f<strong>F1:&nbsp;<a href=\"https:\/\/www.grandepremio.com\/br\/f1\/calendario\/\">confira o calend\u00e1rio completo de 2026<\/a><\/strong><br>\u25b6\ufe0f<strong>Inscreva-se nos dois canais do GRANDE PR\u00caMIO no YouTube:&nbsp;<a href=\"https:\/\/www.youtube.com\/channel\/UC9OlHEgxoaY6QY6nWPoiqQg?sub_confirmation=1\">GP<\/a>&nbsp;|&nbsp;<a href=\"https:\/\/www.youtube.com\/channel\/UC9csiS6q_C3C0FYhyr1rnFA?sub_confirmation=1\">GPTV<\/a><\/strong><\/p>\n\n\n\n<h2 class=\"wp-block-heading\" id=\"h-f1-hoje-saiba-aqui-as-noticias-mais-importantes-do-dia-da-formula-1\"><strong>F1 hoje: saiba aqui as not\u00edcias mais importantes do dia da F\u00f3rmula 1<\/strong><\/h2>\n\n\n\n<p class=\"wp-block-paragraph\">A reda\u00e7\u00e3o do&nbsp;<strong>GRANDE PR\u00caMIO<\/strong>&nbsp;selecionou as not\u00edcias mais importantes das \u00faltimas horas para voc\u00ea ficar por dentro de tudo que acontece na F1.<\/p>\n\n\n\n<p class=\"wp-block-paragraph\">\u25b6\ufe0f<strong><a href=\"https:\/\/www.grandepremio.com\/br\/grandepremium\/ranking-gp\/f1\/materias\/notas-gp-do-canada-formula-1-2026\/\">As notas do GP do Canad\u00e1 da F1 2026<\/a><br>\u25b6\ufe0f<a href=\"https:\/\/www.grandepremio.com\/br\/f1\/noticias\/cadillac-distancia-sergio-perez-valtteri-bottas-corda-bamba-gp-de-monaco\/\">Cadillac v\u00ea dist\u00e2ncia para P\u00e9rez e deixa Bottas na corda bamba para GP de M\u00f4naco<\/a><\/strong><br>\u25b6\ufe0f<strong><a href=\"https:\/\/www.grandepremio.com\/br\/f1\/noticias\/andrea-kimi-antonelli-campeao-2026-por-que-historico-aponta-chance-real-titulo-f1\/\">Antonelli campe\u00e3o de 2026? Por que hist\u00f3rico aponta para chance real de t\u00edtulo na F1<\/a><\/strong><br>\u25b6\ufe0f<a href=\"https:\/\/www.grandepremio.com\/br\/f1\/noticias\/formula-1-garante-plano-b-admite-chance-cancelamentos-catar-abu-dhabi\/\"><strong>F\u00f3rmula 1 garante plano B e admite chance de cancelamentos em Catar e Abu Dhabi<\/strong><\/a><strong><br>\u25b6\ufe0f<a href=\"https:\/\/www.grandepremio.com\/br\/f1\/noticias\/opiniao-gp-andrea-kimi-antonelli-pula-etapas-novo-assusta-vira-favorito-formula-1-2026\/\">Opini\u00e3o GP: Antonelli pula etapas de novo, assusta e vira favorito \u00e0 F\u00f3rmula 1 2026<\/a><\/strong><br>\u25b6\ufe0f<a href=\"https:\/\/www.grandepremio.com\/br\/f1\/noticias\/lewis-hamilton-max-verstappen-encantam-canada-atestam-certeza-que-nao-podem-deixar-f1\/\"><strong>Hamilton e Verstappen encantam no Canad\u00e1 e atestam certeza de que n\u00e3o podem deixar F1<\/strong><\/a><br><br><\/p>\n","protected":false},"excerpt":{"rendered":"<p>Flavio Briatore fez refer\u00eancia ao per\u00edodo laureado da Benetton na d\u00e9cada de 1990 e lembrou que as marcas do mundo da moda tamb\u00e9m podem vencer na F1<\/p>\n","protected":false},"author":0,"featured_media":1001092146,"comment_status":"closed","ping_status":"closed","sticky":false,"template":"","format":"standard","meta":{"42wp_featured_image_caption":"","42wp_featured_image_credits":"","42wp_featured_video":"","42wp_featured_image_hidden":false,"42wp_authors_list":[],"footnotes":""},"categories":[2],"tags":[20491,4916,1491,28285],"42wp_author":[47149],"class_list":["post-8394","post","type-post","status-publish","format-standard","has-post-thumbnail","hentry","category-f1","tag-alpine","tag-benetton","tag-grande-premio","tag-grandepremio","42wp_author-bernardo-castro"],"_links":{"self":[{"href":"https:\/\/grandepremio.com\/br\/wp-json\/wp\/v2\/posts\/8394","targetHints":{"allow":["GET"]}}],"collection":[{"href":"https:\/\/grandepremio.com\/br\/wp-json\/wp\/v2\/posts"}],"about":[{"href":"https:\/\/grandepremio.com\/br\/wp-json\/wp\/v2\/types\/post"}],"replies":[{"embeddable":true,"href":"https:\/\/grandepremio.com\/br\/wp-json\/wp\/v2\/comments?post=8394"}],"version-history":[{"count":0,"href":"https:\/\/grandepremio.com\/br\/wp-json\/wp\/v2\/posts\/8394\/revisions"}],"wp:featuredmedia":[{"embeddable":true,"href":"https:\/\/grandepremio.com\/br\/wp-json\/wp\/v2\/media\/1001092146"}],"wp:attachment":[{"href":"https:\/\/grandepremio.com\/br\/wp-json\/wp\/v2\/media?parent=8394"}],"wp:term":[{"taxonomy":"category","embeddable":true,"href":"https:\/\/grandepremio.com\/br\/wp-json\/wp\/v2\/categories?post=8394"},{"taxonomy":"post_tag","embeddable":true,"href":"https:\/\/grandepremio.com\/br\/wp-json\/wp\/v2\/tags?post=8394"},{"taxonomy":"42wp_author","embeddable":true,"href":"https:\/\/grandepremio.com\/br\/wp-json\/wp\/v2\/42wp_author?post=8394"}],"curies":[{"name":"wp","href":"https:\/\/api.w.org\/{rel}","templated":true}]}}