{"id":83987,"date":"2024-03-22T09:52:06","date_gmt":"2024-03-22T12:52:06","guid":{"rendered":"https:\/\/grandepremio.com\/br\/noticias\/jorge-martin-torce-ducati-vermelha-2025-espera-positiva-mostrar-mereco\/"},"modified":"2024-03-22T10:32:33","modified_gmt":"2024-03-22T13:32:33","slug":"jorge-martin-torce-ducati-vermelha-2025-espera-positiva-mostrar-mereco","status":"publish","type":"post","link":"https:\/\/grandepremio.com\/br\/motogp\/jorge-martin-torce-ducati-vermelha-2025-espera-positiva-mostrar-mereco\/","title":{"rendered":"Mart\u00edn torce por \u201cDucati vermelha\u201d em 2025, mas v\u00ea espera positiva: \u201cMostrar que mere\u00e7o\u201d"},"content":{"rendered":"\n<p class=\"wp-block-paragraph\"><strong>Jorge Mart\u00edn<\/strong> n\u00e3o deixa passar nenhuma oportunidade de anunciar o interesse na vaga ao lado de <strong>Francesco Bagnaia<\/strong> na equipe de f\u00e1brica da <strong>Ducati<\/strong>. O espanhol assumiu a torcida para assegurar uma \u201cDucati vermelha\u201d em 2025, mas avaliou que a indefini\u00e7\u00e3o da companhia de <strong>Borgo Panigale <\/strong>\u00e9 positiva.<\/p>\n\n\n\n<p class=\"wp-block-paragraph\">O contrato de Mart\u00edn com a casa italiana chega ao fim em 2024, mas o piloto j\u00e1 manifestou diversas vezes o interesse em defender uma estrutura oficial e encerrar a passagem pela <strong>Pramac<\/strong>. Nos \u00faltimos dois anos, Jorge foi preterido por <strong>Enea Bastianini<\/strong>, mesmo com o vice-campeonato da temporada passada.<\/p>\n\n\n\n<p class=\"wp-block-paragraph\">A Ducati, contudo, definiu apenas a perman\u00eancia de Bagnaia na equipe oficial, com um novo contrato at\u00e9 2026. No entanto, os <a href=\"https:\/\/www.grandepremio.com\/br\/motogp\/noticias\/ducati-anuncia-acordo-fermin-aldeguer-duas-temporadas-estreia-motogp-2025\/\">italianos assinaram um v\u00ednculo de dois anos \u2014 que pode ser renovado por mais dois \u2014 com <strong>Ferm\u00edn Aldeguer<\/strong><\/a>, que vai subir para a MotoGP no pr\u00f3ximo ano com uma equipe que ainda n\u00e3o foi definida.<\/p>\n\n\n\n<p class=\"wp-block-paragraph\">Questionado se a contrata\u00e7\u00e3o de Aldeguer tem algum impacto nas pretens\u00f5es de chegar \u00e0 equipe de f\u00e1brica da Ducati, Mart\u00edn respondeu: \u201cN\u00e3o sei, n\u00e3o sei\u201d.<\/p>\n\n\n\n<figure class=\"wp-block-image size-large\"><img decoding=\"async\" src=\"https:\/\/www.grandepremio.com\/br\/wp-content\/uploads\/2024\/03\/SI202403210355_hires_jpeg_24bit_rgb-1024x682.jpg\" alt=\"\" class=\"wp-image-791185\"\/><figcaption class=\"wp-element-caption\">Jorge Mart\u00edn reconheceu que Ferm\u00edn Aldeguer merece o salto para a MotoGP (Foto: Gold &amp; Goose\/ Red Bull Content Pool)<\/figcaption><\/figure>\n\n\n\n<p class=\"wp-block-paragraph\"><strong>\u25b6\ufe0f Inscreva-se nos dois canais do\u00a0GRANDE PR\u00caMIO\u00a0no YouTube:\u00a0<a href=\"https:\/\/www.youtube.com\/channel\/UC9OlHEgxoaY6QY6nWPoiqQg?sub_confirmation=1\">GP<\/a>\u00a0|\u00a0<a href=\"https:\/\/www.youtube.com\/channel\/UC9csiS6q_C3C0FYhyr1rnFA?sub_confirmation=1\">GP2<\/a><br>\u25b6\ufe0f\u00a0<a href=\"https:\/\/www.twitch.tv\/grandepremio\">Conhe\u00e7a o canal do\u00a0GRANDE PR\u00caMIO\u00a0na Twitch clicando aqui!<\/a><\/strong><\/p>\n\n\n\n<p class=\"wp-block-paragraph\">\u201cTomara que eles me digam que estarei na Ducati vermelha!\u201d, torceu. \u201cMas ainda \u00e9 cedo. Para mim, \u00e9 bom esperar. Acho que vou demonstrar nessa temporada que mere\u00e7o aquele lugar\u201d, avaliou.<\/p>\n\n\n\n<p class=\"wp-block-paragraph\">Mart\u00edn, entretanto, n\u00e3o deixou de reconhecer que Aldeguer merece o salto para a classe rainha do <strong>Mundial de Motovelocidade<\/strong>.<\/p>\n\n\n\n<p class=\"wp-block-paragraph\">\u201cAcho que ele merece, absolutamente\u201d, opinou. \u201cEle demonstrou na \u00faltima temporada que \u00e9 um dos melhores pilotos da Moto2, ent\u00e3o merece esse salto. O parabenizo pelo novo contrato\u201d, seguiu.<\/p>\n\n\n\n<p class=\"wp-block-paragraph\">\u201cEle \u00e9 um bom exemplo, n\u00e3o s\u00f3 para os outros jovens pilotos, de que n\u00e3o existe apenas uma \u00fanica forma de chegar \u00e0 MotoGP. Ele fez pelo caminho mais duro\u201d, comentou Jorge, se referindo \u00e0 passagem do espanhol tamb\u00e9m pela MotoE. \u201cEle ainda \u00e9 jovem, vai fazer um \u00f3timo trabalho\u201d, garantiu.<\/p>\n\n\n\n<p class=\"wp-block-paragraph\">Novo diretor-esportivo da Ducati, <strong>Mauro Grassilli <\/strong>afirmou que a marca de Bolonha \u201cainda n\u00e3o\u201d definiu quem ser\u00e1 o companheiro de Bagnaia em 2025.<\/p>\n\n\n\n<p class=\"wp-block-paragraph\">\u201cTemos de dar uma olhada. T\u00eam muitos pilotos que querem trabalhar conosco\u201d, destacou. \u201cVamos tomar uma decis\u00e3o quando tivermos tempo. Quando estivermos prontos\u201d, encerrou.<\/p>\n\n\n\n<p class=\"wp-block-paragraph\">A\u00a0<strong><a href=\"https:\/\/grandepremio.com\/motovelocidade\/\" target=\"_blank\" rel=\"noreferrer noopener\"><\/a><a href=\"https:\/\/grandepremio.com\/motogp\/\" target=\"_blank\" rel=\"noreferrer noopener\">MotoGP<\/a>\u00a0<\/strong>volta \u00e0 pista de\u00a0<strong><a href=\"https:\/\/www.grandepremio.com\/br\/circuito\/portimao\/\" target=\"_blank\" rel=\"noreferrer noopener\">Portim\u00e3o<\/a><\/strong>\u00a0nesta sexta-feira (22), ao 12h, para o treino do GP de\u00a0<strong><a href=\"https:\/\/grandepremio.pt\/\" target=\"_blank\" rel=\"noreferrer noopener\">Portugal<\/a><\/strong>,\u00a0segunda etapa do campeonato de 2024. O\u00a0<strong>GRANDE PR\u00caMIO\u00a0<\/strong>faz a cobertura completa do evento, assim como das outras classes do\u00a0<strong>Mundial de Motovelocidade<\/strong>\u00a0durante todo o ano.<\/p>\n\n\n\n<figure class=\"wp-block-embed is-type-video is-provider-youtube wp-block-embed-youtube wp-embed-aspect-16-9 wp-has-aspect-ratio\"><div class=\"wp-block-embed__wrapper\">\n<iframe loading=\"lazy\" title=\"PORTIM\u00c3O chega para mostrar MOTOGP REAL em 2024 | GP \u00e0s 10\" width=\"500\" height=\"281\" src=\"https:\/\/www.youtube.com\/embed\/YCr0kvXQNBA?feature=oembed\" frameborder=\"0\" allow=\"accelerometer; autoplay; clipboard-write; encrypted-media; gyroscope; picture-in-picture; web-share\" referrerpolicy=\"strict-origin-when-cross-origin\" allowfullscreen><\/iframe>\n<\/div><\/figure>\n","protected":false},"excerpt":{"rendered":"<p>Jorge Mart\u00edn voltou a manifestar o interesse na vaga ao lado de Francesco Bagnaia na equipe de f\u00e1brica da Ducati. O espanhol, por\u00e9m, considerou que a indefini\u00e7\u00e3o da casa de Bolonha \u00e9 positiva<\/p>\n","protected":false},"author":0,"featured_media":1000791186,"comment_status":"closed","ping_status":"closed","sticky":false,"template":"","format":"standard","meta":{"42wp_featured_image_caption":"","42wp_featured_image_credits":"","42wp_featured_video":"","42wp_featured_image_hidden":false,"42wp_authors_list":[],"footnotes":""},"categories":[8],"tags":[2756,5214,131,2327,32229,28285,3504,130,24704,132,79,78,34329,37693,37691,37692,25819,29345,28766,37694,26690,13160,1107,136,172],"42wp_author":[47113],"class_list":["post-83987","post","type-post","status-publish","format-standard","has-post-thumbnail","hentry","category-motogp","tag-algarve","tag-classificacao-motogp","tag-ducati","tag-francesco-bagnaia","tag-gasgas","tag-grandepremio","tag-gresini","tag-honda","tag-jorge-martin","tag-ktm","tag-moto-gp","tag-motogp","tag-motogp-2024","tag-motogp-2024-calendario","tag-motogp-calendario-2024","tag-motogp-classificacao-2024","tag-motogp-hoje","tag-motogp-horario","tag-motogp-standings","tag-onde-assistir-motogp-2024","tag-pilotos-motogp","tag-portimao","tag-portugal","tag-pramac","tag-yamaha","42wp_author-juliana-tesser"],"_links":{"self":[{"href":"https:\/\/grandepremio.com\/br\/wp-json\/wp\/v2\/posts\/83987","targetHints":{"allow":["GET"]}}],"collection":[{"href":"https:\/\/grandepremio.com\/br\/wp-json\/wp\/v2\/posts"}],"about":[{"href":"https:\/\/grandepremio.com\/br\/wp-json\/wp\/v2\/types\/post"}],"replies":[{"embeddable":true,"href":"https:\/\/grandepremio.com\/br\/wp-json\/wp\/v2\/comments?post=83987"}],"version-history":[{"count":0,"href":"https:\/\/grandepremio.com\/br\/wp-json\/wp\/v2\/posts\/83987\/revisions"}],"wp:featuredmedia":[{"embeddable":true,"href":"https:\/\/grandepremio.com\/br\/wp-json\/wp\/v2\/media\/1000791186"}],"wp:attachment":[{"href":"https:\/\/grandepremio.com\/br\/wp-json\/wp\/v2\/media?parent=83987"}],"wp:term":[{"taxonomy":"category","embeddable":true,"href":"https:\/\/grandepremio.com\/br\/wp-json\/wp\/v2\/categories?post=83987"},{"taxonomy":"post_tag","embeddable":true,"href":"https:\/\/grandepremio.com\/br\/wp-json\/wp\/v2\/tags?post=83987"},{"taxonomy":"42wp_author","embeddable":true,"href":"https:\/\/grandepremio.com\/br\/wp-json\/wp\/v2\/42wp_author?post=83987"}],"curies":[{"name":"wp","href":"https:\/\/api.w.org\/{rel}","templated":true}]}}