{"id":84038,"date":"2024-03-22T06:22:37","date_gmt":"2024-03-22T09:22:37","guid":{"rendered":"https:\/\/grandepremio.com\/br\/noticias\/sergio-perez-grande-desafio-bater-ferrari-australia-estao-muito-fortes\/"},"modified":"2024-03-22T06:27:02","modified_gmt":"2024-03-22T09:27:02","slug":"sergio-perez-grande-desafio-bater-ferrari-australia-estao-muito-fortes","status":"publish","type":"post","link":"https:\/\/grandepremio.com\/br\/f1\/sergio-perez-grande-desafio-bater-ferrari-australia-estao-muito-fortes\/","title":{"rendered":"P\u00e9rez diz que &#8220;vai ser um grande desafio bater Ferrari&#8221; na Austr\u00e1lia: &#8220;Est\u00e3o muito fortes&#8221;"},"content":{"rendered":"\n<p class=\"wp-block-paragraph\"><strong>Sergio P\u00e9rez<\/strong> n\u00e3o escondeu a surpresa em ver o qu\u00e3o r\u00e1pida a <strong>Ferrari <\/strong>se apresentou nas duas sess\u00f5es de treinos livres realizadas nesta sexta-feira (22), na <strong>Austr\u00e1lia<\/strong>, tanto que o mexicano falou \u00e0 imprensa em &#8220;grande desafio&#8221; para bater a equipe italiana na classifica\u00e7\u00e3o. O piloto da<strong> Red Bull <\/strong><a href=\"https:\/\/www.grandepremio.com\/br\/f1\/noticias\/charles-leclerc-dispara-lidera-tl2-gp-da-australia-dia-sofrimento-assoalhos-formula-1\/\">fez apenas o oitavo tempo no <strong>TL2<\/strong><\/a>, 0s8 mais lento que <strong>Charles Leclerc<\/strong>, l\u00edder do dia.<\/p>\n\n\n\n<p class=\"wp-block-paragraph\">P\u00e9rez deu 23 voltas no TL1 e 33 voltas no segundo, registrando a sua melhor em 1min18s090. Na sess\u00e3o realizada no final da tarde no circuito do <strong>Albert Park<\/strong>, o #11 demonstrou preocupa\u00e7\u00e3o com o r\u00e1pido desgaste dos pneus durante a simula\u00e7\u00e3o de corrida, reiterando que havia &#8220;algum trabalho a ser feito&#8221; para o s\u00e1bado.<\/p>\n\n\n\n<p class=\"wp-block-paragraph\">&#8220;O desgaste em long run n\u00e3o foi \u00f3timo, por isso temos trabalho a fazer a partir da\u00ed&#8221;, declarou em entrevista ao site oficial da F\u00f3rmula 1. Em seguida, relembrou a etapa do ano passado, quando um problema nos freios o tirou da batalha pela pole, e disse que a equipe taurina agora &#8220;est\u00e1 em um bom lugar&#8221;.<\/p>\n\n\n\n<p class=\"wp-block-paragraph\">&#8220;Devemos, portanto, ser fortes amanh\u00e3&#8221;, acrescentou, salientando, contudo, que o tempo de Leclerc o deixou em alerta quanto \u00e0 performance &#8220;muito forte&#8221; da Ferrari. &#8220;Acho que essa pista parece melhor para eles&#8221;, completou.<\/p>\n\n\n\n<figure class=\"wp-block-image size-large\"><img decoding=\"async\" src=\"https:\/\/www.grandepremio.com\/br\/wp-content\/uploads\/2024\/03\/australia-2024-f1-treino-livre-red-bull-sergio-perez-04-1024x683.jpg\" alt=\"\" class=\"wp-image-790840\"\/><figcaption class=\"wp-element-caption\">Sergio P\u00e9rez ficou em oitavo no TL2, a 0s8 de Leclerc (Foto: Red Bull Content Pool)<\/figcaption><\/figure>\n\n\n\n<p class=\"wp-block-paragraph\">&#8220;Eles tamb\u00e9m foram bastante fortes em trechos longos. Ent\u00e3o acho que ser\u00e1 um grande desafio venc\u00ea-los neste fim de semana&#8221;, avaliou.<\/p>\n\n\n\n<p class=\"wp-block-paragraph\">&#8220;Eles normalmente s\u00e3o muito r\u00e1pidos, ent\u00e3o vai ser interessante&#8221;, concluiu P\u00e9rez, que terminou as duas primeiras corridas do ano na segunda coloca\u00e7\u00e3o, atr\u00e1s apenas do companheiro de equipe, Max Verstappen.<\/p>\n\n\n\n<p class=\"wp-block-paragraph\">O\u00a0<strong>GRANDE PR\u00caMIO<\/strong>\u00a0acompanha\u00a0<strong><a href=\"https:\/\/www.grandepremio.com\/br\/ao-vivo\/f1\/\" target=\"_blank\" rel=\"noreferrer noopener\">AO VIVO e EM\u00a0<\/a><a href=\"https:\/\/www.grandepremio.com\/br\/ao-vivo\/\" target=\"_blank\" rel=\"noreferrer noopener\">TEMPO REAL<\/a><\/strong>\u00a0todas as atividades do\u00a0<strong>GP da Austr\u00e1lia, em Melbourne<\/strong>, e transmite classifica\u00e7\u00e3o e corrida em segunda tela, em parceria com a Voz do Esporte, na\u00a0<strong><a href=\"https:\/\/www.youtube.com\/c\/GrandePremioTV\/streams\" target=\"_blank\" rel=\"noreferrer noopener\">GPTV, o canal do GP no Youtube<\/a><\/strong>. Al\u00e9m disso, debate tudo que aconteceu na pista com o\u00a0<strong>Briefing<\/strong>\u00a0ap\u00f3s segundo treino livre e classifica\u00e7\u00e3o, al\u00e9m de antes e depois da corrida. Logo mais, ainda na sexta-feira, o\u00a0<strong>TL3\u00a0<\/strong>est\u00e1 marcado para as 22h30 (de Bras\u00edlia, GMT-3). Depois,\u00a0<strong>a classifica\u00e7\u00e3o<\/strong>\u00a0come\u00e7a \u00e0s 2h do s\u00e1bado; no\u00a0<strong>domingo, a largada<\/strong>\u00a0est\u00e1 marcada para a 1h.<\/p>\n\n\n\n<p class=\"wp-block-paragraph\"><strong><img decoding=\"async\" src=\"https:\/\/a.slack-edge.com\/production-standard-emoji-assets\/14.0\/google-medium\/25b6-fe0f.png\" alt=\":seta_para_frente:\">\u00a0Inscreva-se nos dois canais do GRANDE PR\u00caMIO no YouTube:\u00a0<a href=\"https:\/\/www.youtube.com\/channel\/UC9OlHEgxoaY6QY6nWPoiqQg?sub_confirmation=1\" target=\"_blank\" rel=\"noreferrer noopener\">GP<\/a>\u00a0|\u00a0<a href=\"https:\/\/www.youtube.com\/channel\/UC9csiS6q_C3C0FYhyr1rnFA?sub_confirmation=1\" target=\"_blank\" rel=\"noreferrer noopener\">GP2<\/a><\/strong><br><strong><img decoding=\"async\" src=\"https:\/\/a.slack-edge.com\/production-standard-emoji-assets\/14.0\/google-medium\/25b6-fe0f.png\" alt=\":seta_para_frente:\"><a href=\"https:\/\/www.twitch.tv\/grandepremio\" target=\"_blank\" rel=\"noreferrer noopener\">Conhe\u00e7a o canal do GRANDE PR\u00caMIO na Twitch clicando aqui!<\/a><\/strong><\/p>\n\n\n\n<figure class=\"wp-block-embed is-type-video is-provider-youtube wp-block-embed-youtube wp-embed-aspect-16-9 wp-has-aspect-ratio\"><div class=\"wp-block-embed__wrapper\">\n<iframe loading=\"lazy\" title=\"LECLERC bate VERSTAPPEN, WILLIAMS VIVE DRAMA: os treinos livres da F1 2024 na AUSTR\u00c1LIA | Briefing\" width=\"500\" height=\"281\" src=\"https:\/\/www.youtube.com\/embed\/0l1-MDN3YHM?feature=oembed\" frameborder=\"0\" allow=\"accelerometer; autoplay; clipboard-write; encrypted-media; gyroscope; picture-in-picture; web-share\" referrerpolicy=\"strict-origin-when-cross-origin\" allowfullscreen><\/iframe>\n<\/div><\/figure>\n","protected":false},"excerpt":{"rendered":"<p>Sergio P\u00e9rez terminou o TL2 em oitavo, a 0s8 de Charles Leclerc, l\u00edder da sess\u00e3o, e reconheceu que a equipe italiana est\u00e1 forte em Melbourne<\/p>\n","protected":false},"author":0,"featured_media":1000790839,"comment_status":"closed","ping_status":"closed","sticky":false,"template":"","format":"standard","meta":{"42wp_featured_image_caption":"","42wp_featured_image_credits":"","42wp_featured_video":"","42wp_featured_image_hidden":false,"42wp_authors_list":[],"footnotes":""},"categories":[2],"tags":[26271,5273,147,3230,207,180,30909,1753,1491,28285,30840,1757,38756,34212,35129,204,33301],"42wp_author":[47147],"class_list":["post-84038","post","type-post","status-publish","format-standard","has-post-thumbnail","hentry","category-f1","tag-calendario-f1","tag-classificacao-f1","tag-f1","tag-f1-2024","tag-ferrari","tag-formula-1","tag-formula-1-2024","tag-gp-da-australia","tag-grande-premio","tag-grandepremio","tag-horarios-f1","tag-melbourne","tag-melbourne-2024","tag-melbourne-f1","tag-onde-assistir-f1","tag-red-bull","tag-temporada-2024-f1","42wp_author-luana-marino"],"_links":{"self":[{"href":"https:\/\/grandepremio.com\/br\/wp-json\/wp\/v2\/posts\/84038","targetHints":{"allow":["GET"]}}],"collection":[{"href":"https:\/\/grandepremio.com\/br\/wp-json\/wp\/v2\/posts"}],"about":[{"href":"https:\/\/grandepremio.com\/br\/wp-json\/wp\/v2\/types\/post"}],"replies":[{"embeddable":true,"href":"https:\/\/grandepremio.com\/br\/wp-json\/wp\/v2\/comments?post=84038"}],"version-history":[{"count":0,"href":"https:\/\/grandepremio.com\/br\/wp-json\/wp\/v2\/posts\/84038\/revisions"}],"wp:featuredmedia":[{"embeddable":true,"href":"https:\/\/grandepremio.com\/br\/wp-json\/wp\/v2\/media\/1000790839"}],"wp:attachment":[{"href":"https:\/\/grandepremio.com\/br\/wp-json\/wp\/v2\/media?parent=84038"}],"wp:term":[{"taxonomy":"category","embeddable":true,"href":"https:\/\/grandepremio.com\/br\/wp-json\/wp\/v2\/categories?post=84038"},{"taxonomy":"post_tag","embeddable":true,"href":"https:\/\/grandepremio.com\/br\/wp-json\/wp\/v2\/tags?post=84038"},{"taxonomy":"42wp_author","embeddable":true,"href":"https:\/\/grandepremio.com\/br\/wp-json\/wp\/v2\/42wp_author?post=84038"}],"curies":[{"name":"wp","href":"https:\/\/api.w.org\/{rel}","templated":true}]}}