{"id":84054,"date":"2024-03-22T05:38:14","date_gmt":"2024-03-22T08:38:14","guid":{"rendered":"https:\/\/grandepremio.com\/br\/noticias\/charles-leclerc-anima-ferrari-pode-ter-melhor-chance-temporada-australia\/"},"modified":"2024-03-22T06:41:49","modified_gmt":"2024-03-22T09:41:49","slug":"charles-leclerc-anima-ferrari-pode-ter-melhor-chance-temporada-australia","status":"publish","type":"post","link":"https:\/\/grandepremio.com\/br\/f1\/charles-leclerc-anima-ferrari-pode-ter-melhor-chance-temporada-australia\/","title":{"rendered":"Leclerc se anima e diz que Ferrari pode ter &#8220;melhor chance da temporada&#8221; na Austr\u00e1lia"},"content":{"rendered":"\n<p class=\"wp-block-paragraph\"><a href=\"https:\/\/www.grandepremio.com\/br\/f1\/noticias\/charles-leclerc-dispara-lidera-tl2-gp-da-australia-dia-sofrimento-assoalhos-formula-1\/\">A sexta-feira (22) de treinos livres <\/a>deixou <strong>Charles Leclerc <\/strong>com esperan\u00e7as em uma boa performance da <strong>Ferrari <\/strong>no circuito do<strong> Albert Park<\/strong>, <strong>Austr\u00e1lia<\/strong>, que recebe a <strong>F\u00f3rmula 1<\/strong> neste final de semana. O monegasco liderou o <strong>TL2 <\/strong>e admitiu que embora n\u00e3o seja poss\u00edvel dizer onde exatamente a <strong>Red Bull <\/strong>est\u00e1, os italianos podem ter na corrida australiana a melhor chance desde o in\u00edcio do campeonato.<\/p>\n\n\n\n<p class=\"wp-block-paragraph\">A Ferrari, na verdade, \u00e9 atualmente a equipe mais pr\u00f3xima da Red Bull em termos de desempenho, conquistando p\u00f3dios com <strong>Carlos Sainz<\/strong> e Leclerc no <strong>Bahrein<\/strong> e na<strong> Ar\u00e1bia Saudita<\/strong>, respectivamente. Antes mesmo das sess\u00f5es desta sexta, j\u00e1 havia certa expectativa pelo que o time de Maranello poderia apresentar em Melbourne, estando at\u00e9 mais perto dos taurinos do que nas duas primeiras corridas do ano.<\/p>\n\n\n\n<p class=\"wp-block-paragraph\">Ap\u00f3s os treinos, Leclerc definiu o resultado obtido como &#8220;um bom come\u00e7o&#8221; e disse que h\u00e1 espa\u00e7o para mais. &#8220;Temos de continuar trabalhando duro, amanh\u00e3 teremos algumas surpresas, e n\u00e3o h\u00e1 raz\u00e3o para tamb\u00e9m n\u00e3o estarmos um pouco \u00e0 frente de todos, portanto ainda h\u00e1 espa\u00e7o para algumas melhorias. Nosso ritmo de corrida foi muito bom, o que \u00e9 encorajador, ent\u00e3o vamos ver&#8221;, acrescentou.<\/p>\n\n\n\n<p class=\"wp-block-paragraph\">&#8220;Melbourne \u00e9 uma pista muito exigente, com curvas de altas e com vento. E tamb\u00e9m h\u00e1 somente um tra\u00e7ado limpo, cada vez que voc\u00ea sai um pouco de l\u00e1, perde muita ader\u00eancia, ent\u00e3o \u00e9 um desafio, mas somos r\u00e1pidos, estamos nos divertindo, por\u00e9m temos de esperar e ver se seremos r\u00e1pidos amanh\u00e3&#8221;, completou Leclerc.<\/p>\n\n\n\n<figure class=\"wp-block-image size-large\"><img decoding=\"async\" src=\"https:\/\/www.grandepremio.com\/br\/wp-content\/uploads\/2024\/03\/australia-2024-f1-treino-livre-ferrari-charles-leclerc-afp-05-1024x683.jpg\" alt=\"\" class=\"wp-image-790874\"\/><figcaption class=\"wp-element-caption\">Charles Leclerc favorito para a pole? (Foto: AFP)<\/figcaption><\/figure>\n\n\n\n<p class=\"wp-block-paragraph\">Tanto em Sakhir quanto em Jed\u00e1, o #16 ficou com o segundo melhor tempo do grid, perdendo a pole-position para <strong>Max Verstappen<\/strong>. Ao ser questionado se conseguia imaginar a Ferrari em primeiro na classifica\u00e7\u00e3o, Leclerc disse que ainda v\u00ea a Red Bull \u00e0 frente, mas &#8220;estamos em uma posi\u00e7\u00e3o melhor do que nas duas primeiras corridas&#8221;.<\/p>\n\n\n\n<p class=\"wp-block-paragraph\">&#8220;A Red Bull ainda n\u00e3o foi para cima, ent\u00e3o temos de esperar para ver o potencial deles. Acho que ainda est\u00e3o \u00e0 frente, mas podemos ter neste fim de semana nossa melhor chance desde o in\u00edcio da temporada&#8221;, frisou.<\/p>\n\n\n\n<p class=\"wp-block-paragraph\">&#8220;O ritmo de corrida \u00e9 bastante forte, mas \u00e9 muito dif\u00edcil comparar porque alguns pilotos pegaram muito tr\u00e1fego, enquanto fizemos voltas relativamente limpas, mas foi muito bom. \u00c9 melhor que a sexta tenha corrido bem do que o contr\u00e1rio. Portanto, \u00e9 um bom come\u00e7o, mas temos de continuar pressionando e ver o que ser\u00e1 poss\u00edvel&#8221;, concluiu.<\/p>\n\n\n\n<p class=\"wp-block-paragraph\">O\u00a0<strong>GRANDE PR\u00caMIO<\/strong>\u00a0acompanha\u00a0<strong><a href=\"https:\/\/www.grandepremio.com\/br\/ao-vivo\/f1\/\" target=\"_blank\" rel=\"noreferrer noopener\">AO VIVO e EM\u00a0<\/a><a href=\"https:\/\/www.grandepremio.com\/br\/ao-vivo\/\" target=\"_blank\" rel=\"noreferrer noopener\">TEMPO REAL<\/a><\/strong>\u00a0todas as atividades do\u00a0<strong>GP da Austr\u00e1lia, em Melbourne<\/strong>, e transmite classifica\u00e7\u00e3o e corrida em segunda tela, em parceria com a Voz do Esporte, na\u00a0<strong><a href=\"https:\/\/www.youtube.com\/c\/GrandePremioTV\/streams\" target=\"_blank\" rel=\"noreferrer noopener\">GPTV, o canal do GP no Youtube<\/a><\/strong>. Al\u00e9m disso, debate tudo que aconteceu na pista com o\u00a0<strong>Briefing<\/strong>\u00a0ap\u00f3s segundo treino livre e classifica\u00e7\u00e3o, al\u00e9m de antes e depois da corrida. Logo mais, ainda na sexta-feira, o\u00a0<strong>TL3\u00a0<\/strong>est\u00e1 marcado para as 22h30 (de Bras\u00edlia, GMT-3). Depois,\u00a0<strong>a classifica\u00e7\u00e3o<\/strong>\u00a0come\u00e7a \u00e0s 2h do s\u00e1bado; no\u00a0<strong>domingo, a largada<\/strong>\u00a0est\u00e1 marcada para a 1h.<\/p>\n\n\n\n<p class=\"wp-block-paragraph\"><strong><img decoding=\"async\" src=\"https:\/\/a.slack-edge.com\/production-standard-emoji-assets\/14.0\/google-medium\/25b6-fe0f.png\" alt=\":seta_para_frente:\">\u00a0Inscreva-se nos dois canais do GRANDE PR\u00caMIO no YouTube:\u00a0<a href=\"https:\/\/www.youtube.com\/channel\/UC9OlHEgxoaY6QY6nWPoiqQg?sub_confirmation=1\" target=\"_blank\" rel=\"noreferrer noopener\">GP<\/a>\u00a0|\u00a0<a href=\"https:\/\/www.youtube.com\/channel\/UC9csiS6q_C3C0FYhyr1rnFA?sub_confirmation=1\" target=\"_blank\" rel=\"noreferrer noopener\">GP2<\/a><\/strong><br><strong><img decoding=\"async\" src=\"https:\/\/a.slack-edge.com\/production-standard-emoji-assets\/14.0\/google-medium\/25b6-fe0f.png\" alt=\":seta_para_frente:\"><a href=\"https:\/\/www.twitch.tv\/grandepremio\" target=\"_blank\" rel=\"noreferrer noopener\">Conhe\u00e7a o canal do GRANDE PR\u00caMIO na Twitch clicando aqui!<\/a><\/strong><\/p>\n\n\n\n<figure class=\"wp-block-embed is-type-video is-provider-youtube wp-block-embed-youtube wp-embed-aspect-16-9 wp-has-aspect-ratio\"><div class=\"wp-block-embed__wrapper\">\n<iframe loading=\"lazy\" title=\"LECLERC bate VERSTAPPEN, WILLIAMS VIVE DRAMA: os treinos livres da F1 2024 na AUSTR\u00c1LIA | Briefing\" width=\"500\" height=\"281\" src=\"https:\/\/www.youtube.com\/embed\/0l1-MDN3YHM?feature=oembed\" frameborder=\"0\" allow=\"accelerometer; autoplay; clipboard-write; encrypted-media; gyroscope; picture-in-picture; web-share\" referrerpolicy=\"strict-origin-when-cross-origin\" allowfullscreen><\/iframe>\n<\/div><\/figure>\n","protected":false},"excerpt":{"rendered":"<p>Charles Leclerc liderou o TL2 da F\u00f3rmula 1 em Melbourne e se mostrou esperan\u00e7oso para repetir a dose na classifica\u00e7\u00e3o para o GP da Austr\u00e1lia<\/p>\n","protected":false},"author":0,"featured_media":1000790690,"comment_status":"closed","ping_status":"closed","sticky":false,"template":"","format":"standard","meta":{"42wp_featured_image_caption":"","42wp_featured_image_credits":"","42wp_featured_video":"","42wp_featured_image_hidden":false,"42wp_authors_list":[],"footnotes":""},"categories":[2],"tags":[26271,209,5273,147,3230,207,180,30909,1753,1491,28285,30840,1757,38756,34212,35129,33301],"42wp_author":[47147],"class_list":["post-84054","post","type-post","status-publish","format-standard","has-post-thumbnail","hentry","category-f1","tag-calendario-f1","tag-charles-leclerc","tag-classificacao-f1","tag-f1","tag-f1-2024","tag-ferrari","tag-formula-1","tag-formula-1-2024","tag-gp-da-australia","tag-grande-premio","tag-grandepremio","tag-horarios-f1","tag-melbourne","tag-melbourne-2024","tag-melbourne-f1","tag-onde-assistir-f1","tag-temporada-2024-f1","42wp_author-luana-marino"],"_links":{"self":[{"href":"https:\/\/grandepremio.com\/br\/wp-json\/wp\/v2\/posts\/84054","targetHints":{"allow":["GET"]}}],"collection":[{"href":"https:\/\/grandepremio.com\/br\/wp-json\/wp\/v2\/posts"}],"about":[{"href":"https:\/\/grandepremio.com\/br\/wp-json\/wp\/v2\/types\/post"}],"replies":[{"embeddable":true,"href":"https:\/\/grandepremio.com\/br\/wp-json\/wp\/v2\/comments?post=84054"}],"version-history":[{"count":0,"href":"https:\/\/grandepremio.com\/br\/wp-json\/wp\/v2\/posts\/84054\/revisions"}],"wp:featuredmedia":[{"embeddable":true,"href":"https:\/\/grandepremio.com\/br\/wp-json\/wp\/v2\/media\/1000790690"}],"wp:attachment":[{"href":"https:\/\/grandepremio.com\/br\/wp-json\/wp\/v2\/media?parent=84054"}],"wp:term":[{"taxonomy":"category","embeddable":true,"href":"https:\/\/grandepremio.com\/br\/wp-json\/wp\/v2\/categories?post=84054"},{"taxonomy":"post_tag","embeddable":true,"href":"https:\/\/grandepremio.com\/br\/wp-json\/wp\/v2\/tags?post=84054"},{"taxonomy":"42wp_author","embeddable":true,"href":"https:\/\/grandepremio.com\/br\/wp-json\/wp\/v2\/42wp_author?post=84054"}],"curies":[{"name":"wp","href":"https:\/\/api.w.org\/{rel}","templated":true}]}}