{"id":84166,"date":"2024-03-21T11:15:00","date_gmt":"2024-03-21T14:15:00","guid":{"rendered":"https:\/\/grandepremio.com\/br\/noticias\/quais-horarios-gp-portugal-motogp-2024\/"},"modified":"2024-03-20T08:58:18","modified_gmt":"2024-03-20T11:58:18","slug":"quais-horarios-gp-portugal-motogp-2024","status":"publish","type":"post","link":"https:\/\/grandepremio.com\/br\/motogp\/quais-horarios-gp-portugal-motogp-2024\/","title":{"rendered":"Quais os hor\u00e1rios do GP de Portugal da MotoGP 2024"},"content":{"rendered":"\n<p class=\"wp-block-paragraph\"><strong>Portugal <\/strong>ser\u00e1 a casa do <strong>Mundial de Motovelocidade <\/strong>neste fim de semana. <strong>Moto3<\/strong>, <strong>Moto2 <\/strong>e <strong>MotoGP <\/strong>chegam \u00e0 segunda etapa do campeonato, enquanto a <strong>MotoE <\/strong>faz a primeira corrida de <strong>2024<\/strong>.<\/p>\n\n\n\n<p class=\"wp-block-paragraph\">A classe el\u00e9trica, ali\u00e1s, \u00e9 quem abre a programa\u00e7\u00e3o do fim de semana, com um treino de 15 minutos a partir das 5h30 (de <strong>Bras\u00edlia<\/strong>) de sexta-feira (22). Depois, Moto3 e Moto2 fazem um treino livre, com a MotoGP entrando na pista \u00e0s 7h45 para a primeira atividade livre em <strong>Portim\u00e3o<\/strong>.<\/p>\n\n\n\n<p class=\"wp-block-paragraph\">Depois de um intervalo, a MotoE volta \u00e0 pista, agora para o treino 2, a partir das 9h35. Moto3 e Moto2 fazem logo depois os primeiros treinos \u2014 que n\u00e3o mais s\u00e3o livres, j\u00e1 que passam a contar para dividir quem vai direto ao <strong>Q2 <\/strong>da classifica\u00e7\u00e3o. O treino que separa os dez mais r\u00e1pidos da MotoGP come\u00e7a 12h. A programa\u00e7\u00e3o de sexta-feira termina com a classifica\u00e7\u00e3o da MotoE, a partir das 14h.<\/p>\n\n\n\n<p class=\"wp-block-paragraph\">No s\u00e1bado, a pista volta a movimentar a partir das 5h40, com o treino 2 da Moto3. A Moto2 faz a sess\u00e3o \u00e0s 6h25, com o \u00faltimo treino livre da MotoGP marcado para 7h10. A classifica\u00e7\u00e3o da classe rainha do Mundial de Motovelocidade acontece a partir de 7h50.<\/p>\n\n\n\n<figure class=\"wp-block-image size-large\"><img decoding=\"async\" src=\"https:\/\/www.grandepremio.com\/br\/wp-content\/uploads\/2021\/11\/MotoGP-2021-Portugal-Portimao4-1024x683.jpg\" alt=\"\" class=\"wp-image-521508\"\/><figcaption class=\"wp-element-caption\">Portim\u00e3o recebe o Mundial de Motovelocidade neste fim de semana (Foto: LCR)<\/figcaption><\/figure>\n\n\n\n<p class=\"wp-block-paragraph\"><strong>\u25b6\ufe0f\u00a0Inscreva-se nos dois canais do GRANDE PR\u00caMIO no YouTube:\u00a0<a href=\"https:\/\/www.youtube.com\/channel\/UC9OlHEgxoaY6QY6nWPoiqQg?sub_confirmation=1\" target=\"_blank\" rel=\"noreferrer noopener\">GP<\/a>\u00a0|\u00a0<a href=\"https:\/\/www.youtube.com\/channel\/UC9csiS6q_C3C0FYhyr1rnFA?sub_confirmation=1\" target=\"_blank\" rel=\"noreferrer noopener\">GP2<\/a><\/strong><br><strong>\u25b6\ufe0f\u00a0<a href=\"https:\/\/www.twitch.tv\/grandepremio\" target=\"_blank\" rel=\"noreferrer noopener\">Conhe\u00e7a o canal do GRANDE PR\u00caMIO na Twitch clicando aqui!<\/a><\/strong><\/p>\n\n\n\n<p class=\"wp-block-paragraph\">\u00c0s 9h15, a MotoE faz a primeira corrida da temporada \u2014 e tamb\u00e9m da hist\u00f3ria da categoria \u2014 em Portim\u00e3o. Ap\u00f3s a disputa de sete voltas, a Moto3 define o grid de largada para o GP de Portugal a partir de 9h50. A classifica\u00e7\u00e3o da Moto2 est\u00e1 marcada para 10h45.<\/p>\n\n\n\n<p class=\"wp-block-paragraph\">A largada da corrida sprint da MotoGP, que ter\u00e1 12 voltas, acontece ao meio dia. A MotoE encerra a programa\u00e7\u00e3o de s\u00e1bado, com a corrida 2 marcada para 13h10.<\/p>\n\n\n\n<p class=\"wp-block-paragraph\">O domingo come\u00e7a com um warm-up de dez minutos para a classe rainha, marcado para 6h40. A largada da Moto3 acontece \u00e0s 8h, com a Moto2 iniciando a disputa 9h15. A largada do GP de Portugal de MotoGP est\u00e1 prevista para 11h.<\/p>\n\n\n\n<p class=\"wp-block-paragraph\">A<strong> ESPN 4<\/strong> e o servi\u00e7o de streaming <strong>Star+<\/strong> exibem o Mundial de Motovelocidade no Brasil. A narra\u00e7\u00e3o na ESPN fica por conta de <strong>Hamilton Rodrigues<\/strong>, com coment\u00e1rios de <strong>Fausto Macieira <\/strong>e <strong>Edgard Mello Filho<\/strong>.<\/p>\n\n\n\n<p class=\"wp-block-paragraph\">O f\u00e3 da MotoGP tamb\u00e9m tem a possibilidade de assistir todas as sess\u00f5es, ao vivo, por meio do servi\u00e7o de streaming oficial da categoria, o <strong>VideoPass<\/strong>, em ingl\u00eas. O pacote anual com v\u00eddeo e cronometragem custa \u20ac 148,99 (cerca de R$ 801), enquanto a assinatura apenas das imagens tem o valor de \u20ac 139,99 (aproximadamente R$ 753). O plano mensal, sem cronometragem, sai por \u20ac 29,99 (por volta de R$ 161,30).<\/p>\n\n\n\n<h3 class=\"wp-block-heading\" id=\"h-confira-os-horarios-do-gp-de-portugal\">Confira os hor\u00e1rios do GP de Portugal:<\/h3>\n\n\n\n<figure class=\"wp-block-table\"><table><tbody><tr><td><strong>DIA<\/strong><\/td><td><strong>CATEGORIA<\/strong><\/td><td><strong>SESS\u00c3O<\/strong><\/td><td><strong>HORA<\/strong><\/td><td><strong>NA TV<\/strong><\/td><\/tr><tr><td><strong>Sexta<\/strong><\/td><td>MotoE<\/td><td>Treino 1<\/td><td>5h30 &#8211; 5h45<\/td><td>&nbsp;<\/td><\/tr><tr><td><strong>Sexta<\/strong><\/td><td>Moto3<\/td><td>Treino livre<\/td><td>6h &#8211; 6h35<\/td><td>&nbsp;<\/td><\/tr><tr><td><strong>Sexta<\/strong><\/td><td>Moto2<\/td><td>Treino livre<\/td><td>6h50 &#8211; 7h30<\/td><td>&nbsp;<\/td><\/tr><tr><td><strong>Sexta<\/strong><\/td><td>MotoGP<\/td><td>Treino livre 1<\/td><td>7h45 &#8211; 8h30<\/td><td>&nbsp;<\/td><\/tr><tr><td><strong>Sexta<\/strong><\/td><td>MotoE<\/td><td>Treino 2<\/td><td>9h35 &#8211; 9h50<\/td><td>&nbsp;<\/td><\/tr><tr><td><strong>Sexta<\/strong><\/td><td>Moto3<\/td><td>Treino 1<\/td><td>10h15 &#8211; 10h50<\/td><td>\u2705<\/td><\/tr><tr><td><strong>Sexta<\/strong><\/td><td>Moto2<\/td><td>Treino 1<\/td><td>11h05 &#8211; 11h45<\/td><td>\u2705<\/td><\/tr><tr><td><strong>Sexta<\/strong><\/td><td>MotoGP<\/td><td>Treino<\/td><td>12h &#8211; 13h<\/td><td>\u2705<\/td><\/tr><tr><td><strong>Sexta<\/strong><\/td><td>MotoE<\/td><td>Q1<\/td><td>14h &#8211; 14h10<\/td><td>\u2705<\/td><\/tr><tr><td><strong>Sexta<\/strong><\/td><td>MotoE<\/td><td>Q2<\/td><td>14h20 &#8211; 14h30<\/td><td>\u2705<\/td><\/tr><tr><td><strong>S\u00e1bado<\/strong><\/td><td>Moto3<\/td><td>Treino 2<\/td><td>5h40 &#8211; 6h10<\/td><td>&nbsp;<\/td><\/tr><tr><td><strong>S\u00e1bado<\/strong><\/td><td>Moto2<\/td><td>Treino 2<\/td><td>6h25 &#8211; 6h55<\/td><td>&nbsp;<\/td><\/tr><tr><td><strong>S\u00e1bado<\/strong><\/td><td>MotoGP<\/td><td>Treino livre 2<\/td><td>7h10 &#8211; 7h40<\/td><td>\u2705<\/td><\/tr><tr><td><strong>S\u00e1bado<\/strong><\/td><td>MotoGP<\/td><td>Q1<\/td><td>7h50 &#8211; 8h05<\/td><td>\u2705<\/td><\/tr><tr><td><strong>S\u00e1bado<\/strong><\/td><td>MotoGP<\/td><td>Q2<\/td><td>8h15 &#8211; 8h30<\/td><td>\u2705<\/td><\/tr><tr><td><strong>S\u00e1bado<\/strong><\/td><td>MotoE<\/td><td>Corrida 1 (7 voltas)<\/td><td>9h15<\/td><td>\u2705<\/td><\/tr><tr><td><strong>S\u00e1bado<\/strong><\/td><td>Moto3<\/td><td>Q1<\/td><td>9h50 &#8211; 10h05<\/td><td>\u2705<\/td><\/tr><tr><td><strong>S\u00e1bado<\/strong><\/td><td>Moto3<\/td><td>Q2<\/td><td>10h15 &#8211; 10h30<\/td><td>\u2705<\/td><\/tr><tr><td><strong>S\u00e1bado<\/strong><\/td><td>Moto2<\/td><td>Q1<\/td><td>10h45 &#8211; 11h<\/td><td>\u2705<\/td><\/tr><tr><td><strong>S\u00e1bado<\/strong><\/td><td>Moto2<\/td><td>Q2<\/td><td>11h10 &#8211; 11h25<\/td><td>\u2705<\/td><\/tr><tr><td><strong>S\u00e1bado<\/strong><\/td><td>MotoGP<\/td><td>Corrida sprint (12 voltas)<\/td><td>12h<\/td><td>\u2705<\/td><\/tr><tr><td><strong>S\u00e1bado<\/strong><\/td><td>MotoE<\/td><td>Corrida 2 (7 voltas)<\/td><td>13h10<\/td><td>\u2705<\/td><\/tr><tr><td><strong>Domingo<\/strong><\/td><td>MotoGP<\/td><td>Warm-Up<\/td><td>6h40 &#8211; 6h50<\/td><td>&nbsp;<\/td><\/tr><tr><td><strong>Domingo<\/strong><\/td><td>Moto3<\/td><td>GP (19 voltas)<\/td><td>8h<\/td><td>\u2705<\/td><\/tr><tr><td><strong>Domingo<\/strong><\/td><td>Moto2<\/td><td>GP (21 voltas)<\/td><td>9h15<\/td><td>\u2705<\/td><\/tr><tr><td><strong>Domingo<\/strong><\/td><td>MotoGP<\/td><td>GP (25 voltas)<\/td><td>11h<\/td><td>\u2705<\/td><\/tr><\/tbody><\/table><\/figure>\n\n\n\n<figure class=\"wp-block-embed is-type-video is-provider-youtube wp-block-embed-youtube wp-embed-aspect-16-9 wp-has-aspect-ratio\"><div class=\"wp-block-embed__wrapper\">\n<iframe loading=\"lazy\" title=\"PORTIM\u00c3O chega para mostrar MOTOGP REAL em 2024 | GP \u00e0s 10\" width=\"500\" height=\"281\" src=\"https:\/\/www.youtube.com\/embed\/YCr0kvXQNBA?feature=oembed\" frameborder=\"0\" allow=\"accelerometer; autoplay; clipboard-write; encrypted-media; gyroscope; picture-in-picture; web-share\" referrerpolicy=\"strict-origin-when-cross-origin\" allowfullscreen><\/iframe>\n<\/div><\/figure>\n","protected":false},"excerpt":{"rendered":"<p>Portim\u00e3o, no Algarve, recebe neste fim de semana a segunda etapa da temporada 2024 do Mundial de Motovelocidade<\/p>\n","protected":false},"author":0,"featured_media":1000521507,"comment_status":"closed","ping_status":"closed","sticky":false,"template":"","format":"standard","meta":{"42wp_featured_image_caption":"","42wp_featured_image_credits":"","42wp_featured_video":"","42wp_featured_image_hidden":false,"42wp_authors_list":[],"footnotes":""},"categories":[8],"tags":[2756,5214,131,2327,32229,28285,3504,130,132,79,78,34329,37693,37691,37692,25819,29345,28766,37694,26690,13160,1107,136,172],"42wp_author":[47113],"class_list":["post-84166","post","type-post","status-publish","format-standard","has-post-thumbnail","hentry","category-motogp","tag-algarve","tag-classificacao-motogp","tag-ducati","tag-francesco-bagnaia","tag-gasgas","tag-grandepremio","tag-gresini","tag-honda","tag-ktm","tag-moto-gp","tag-motogp","tag-motogp-2024","tag-motogp-2024-calendario","tag-motogp-calendario-2024","tag-motogp-classificacao-2024","tag-motogp-hoje","tag-motogp-horario","tag-motogp-standings","tag-onde-assistir-motogp-2024","tag-pilotos-motogp","tag-portimao","tag-portugal","tag-pramac","tag-yamaha","42wp_author-juliana-tesser"],"_links":{"self":[{"href":"https:\/\/grandepremio.com\/br\/wp-json\/wp\/v2\/posts\/84166","targetHints":{"allow":["GET"]}}],"collection":[{"href":"https:\/\/grandepremio.com\/br\/wp-json\/wp\/v2\/posts"}],"about":[{"href":"https:\/\/grandepremio.com\/br\/wp-json\/wp\/v2\/types\/post"}],"replies":[{"embeddable":true,"href":"https:\/\/grandepremio.com\/br\/wp-json\/wp\/v2\/comments?post=84166"}],"version-history":[{"count":0,"href":"https:\/\/grandepremio.com\/br\/wp-json\/wp\/v2\/posts\/84166\/revisions"}],"wp:featuredmedia":[{"embeddable":true,"href":"https:\/\/grandepremio.com\/br\/wp-json\/wp\/v2\/media\/1000521507"}],"wp:attachment":[{"href":"https:\/\/grandepremio.com\/br\/wp-json\/wp\/v2\/media?parent=84166"}],"wp:term":[{"taxonomy":"category","embeddable":true,"href":"https:\/\/grandepremio.com\/br\/wp-json\/wp\/v2\/categories?post=84166"},{"taxonomy":"post_tag","embeddable":true,"href":"https:\/\/grandepremio.com\/br\/wp-json\/wp\/v2\/tags?post=84166"},{"taxonomy":"42wp_author","embeddable":true,"href":"https:\/\/grandepremio.com\/br\/wp-json\/wp\/v2\/42wp_author?post=84166"}],"curies":[{"name":"wp","href":"https:\/\/api.w.org\/{rel}","templated":true}]}}