{"id":84196,"date":"2024-03-21T06:06:25","date_gmt":"2024-03-21T09:06:25","guid":{"rendered":"https:\/\/grandepremio.com\/br\/noticias\/pierre-gasly-diz-milagres-acontecem-na-f1-aposta-em-recuperacao-da-alpine\/"},"modified":"2024-03-21T06:16:24","modified_gmt":"2024-03-21T09:16:24","slug":"pierre-gasly-diz-milagres-acontecem-na-f1-aposta-em-recuperacao-da-alpine","status":"publish","type":"post","link":"https:\/\/grandepremio.com\/br\/f1\/pierre-gasly-diz-milagres-acontecem-na-f1-aposta-em-recuperacao-da-alpine\/","title":{"rendered":"Gasly diz que &#8220;milagres acontecem na F1&#8221; e aposta em recupera\u00e7\u00e3o da Alpine"},"content":{"rendered":"\n<p class=\"wp-block-paragraph\">Apesar do in\u00edcio de temporada 2024 muito abaixo das expectativas, <strong>Pierre Gasly<\/strong> acredita que a <strong>Alpine<\/strong> <a href=\"https:\/\/www.grandepremio.com\/br\/f1\/noticias\/alpine-busca-mudar-mentalidade-apos-sofrer-reves-inicio-f1-2024\/\">pode dar a volta por cima<\/a> e se recuperar no campeonato. O franc\u00eas est\u00e1 otimista com as atualiza\u00e7\u00f5es que ser\u00e3o introduzidas na <strong>A524<\/strong> nas pr\u00f3ximas corridas e afirmou que &#8220;milagres acontecem na <strong>F\u00f3rmula 1<\/strong>&#8220;, relembrando o caso da <strong>McLaren<\/strong> no ano passado.<\/p>\n\n\n\n<p class=\"wp-block-paragraph\">Depois de terminar o <strong>GP do Bahrein<\/strong> apenas na 18\u00aa posi\u00e7\u00e3o, o dono do carro <strong>#10<\/strong> n\u00e3o conseguiu nem mesmo completar a etapa seguinte, na <strong>Ar\u00e1bia Saudita<\/strong>, por causa de problemas no c\u00e2mbio. O companheiro de equipe, <strong>Esteban Ocon<\/strong>, n\u00e3o se saiu muito melhor: 17\u00ba no circuito de <strong>Sakhir<\/strong> e 13\u00ba em <strong>Jed\u00e1<\/strong>. Apesar da frustra\u00e7\u00e3o com o ritmo lento do time de <strong>Enstone<\/strong>, Gasly espera que a equipe d\u00ea alguns passos j\u00e1 na <strong>Austr\u00e1lia<\/strong>.<\/p>\n\n\n\n<p class=\"wp-block-paragraph\">Durante a coletiva de imprensa realizada em <strong>Melbourne<\/strong> nesta quinta-feira (21), o piloto de 27 anos foi questionado sobre a possibilidade de a Alpine chegar ao p\u00f3dio ainda este ano. &#8220;Voc\u00eas s\u00e3o chatos. Sei qual ser\u00e1 a manchete das not\u00edcias se responder \u00e0 essa pergunta&#8221;, disse Pierre. &#8220;Mas como esporte competitivo, tenho 24 corridas e seis sprint. Tudo \u00e9 poss\u00edvel na <strong>F1<\/strong>&#8220;, continuou.<\/p>\n\n\n\n<p class=\"wp-block-paragraph\">&#8220;Teremos nossas chances, seja entre os dez primeiros, os cinco primeiros ou um p\u00f3dio. N\u00e3o sei quais ser\u00e3o. Mas uma coisa \u00e9 certa: lutarei todas as vezes tentando extrair o m\u00e1ximo de cada oportunidade que tiver&#8221;, garantiu Gasly.<\/p>\n\n\n\n<figure class=\"wp-block-image size-large\"><img decoding=\"async\" src=\"https:\/\/www.grandepremio.com\/br\/wp-content\/uploads\/2024\/03\/arabia-saudita-2024-f1-classificacao-alpine-pierre-gasly-afp-01-1024x682.jpg\" alt=\"\" class=\"wp-image-786030\"\/><figcaption class=\"wp-element-caption\">Pierre Gasly abandonou prova na Ar\u00e1bia Saudita por causa de problema na caixa de c\u00e2mbio (Foto: AFP)<\/figcaption><\/figure>\n\n\n\n<p class=\"wp-block-paragraph\">&#8220;J\u00e1 vimos no passado \u2014 e j\u00e1 fiz acontecer algumas vezes \u2014 que milagres \u00e0s vezes acontecem na F1.\u00a0\u00c9 por isso que amamos o esporte, ele \u00e9 imprevis\u00edvel.\u00a0Nesses momentos, sempre apareci e vou continuar tentando o m\u00e1ximo que puder, mesmo em uma temporada que pode ser dif\u00edcil&#8221;, acrescentou o franc\u00eas.<\/p>\n\n\n\n<p class=\"wp-block-paragraph\">Na temporada passada, a McLaren come\u00e7ou o ano como uma das piores equipes do grid, mas conseguiu reverter a situa\u00e7\u00e3o por meio das atualiza\u00e7\u00f5es que foram introduzidas no <strong>MCL60<\/strong> a partir do <strong>GP da \u00c1ustria<\/strong>, em julho. Como resultado, a escuderia de <strong>Lando Norris<\/strong> e <strong>Oscar Piastri<\/strong> fechou o ano como a quarta colocada no <strong>Mundial de Construtores<\/strong>. Embora o pr\u00f3prio Gasly <a href=\"https:\/\/www.grandepremio.com\/br\/f1\/noticias\/pierre-gasly-ve-salto-inspirador-mclaren-mas-nao-como-objetivo-absoluto-alpine\/\">j\u00e1 tenha reconhecido que fazer algo parecido \u00e9 improv\u00e1vel<\/a>, ele n\u00e3o descarta a possibilidade.<\/p>\n\n\n\n<p class=\"wp-block-paragraph\">&#8220;Ainda vejo que temos tempo de reagirmos como equipe. No ano passado, a\u00a0McLaren\u00a0estava perdida no campeonato e eles conseguiram mudar as coisas&#8221;, lembrou o #10, antes de finalizar:\u00a0&#8220;Portanto, \u00e9 sempre poss\u00edvel ter um ambiente forte e \u00e9 isso que precisamos almejar.&#8221;<\/p>\n\n\n\n<p class=\"wp-block-paragraph\">O\u00a0<strong>GRANDE PR\u00caMIO<\/strong>\u00a0acompanha\u00a0<strong><a href=\"https:\/\/www.grandepremio.com\/br\/ao-vivo\/f1\/\" target=\"_blank\" rel=\"noreferrer noopener\">AO VIVO e EM\u00a0<\/a><a href=\"https:\/\/www.grandepremio.com\/br\/ao-vivo\/\" target=\"_blank\" rel=\"noreferrer noopener\">TEMPO REAL<\/a><\/strong>\u00a0todas as atividades do\u00a0<strong>GP da Austr\u00e1lia, em Melbourne<\/strong>, e transmite classifica\u00e7\u00e3o e corrida em segunda tela, em parceria com a Voz do Esporte, na\u00a0<strong><a href=\"https:\/\/www.youtube.com\/c\/GrandePremioTV\/streams\" target=\"_blank\" rel=\"noreferrer noopener\">GPTV, o canal do GP no Youtube<\/a><\/strong>. Al\u00e9m disso, debate tudo que aconteceu na pista com o\u00a0<strong>Briefing<\/strong>\u00a0ap\u00f3s segundo treino livre e classifica\u00e7\u00e3o, al\u00e9m de antes e depois da corrida. Na quinta-feira \u00e0 noite, o\u00a0<strong>TL1<\/strong>\u00a0come\u00e7a \u00e0s 22h30 (de Bras\u00edlia, GMT-3) e o\u00a0<strong>TL2<\/strong>\u00a0est\u00e1 marcado para as 2h j\u00e1 da sexta-feira. Depois, \u00e0s 22h da mesma sexta-feira,\u00a0<strong>o \u00faltimo treino<\/strong>\u00a0acontece \u00e0s 22h30, com\u00a0<strong>a classifica\u00e7\u00e3o<\/strong>\u00a0\u00e0s 2h do s\u00e1bado; no\u00a0<strong>domingo, a largada<\/strong>\u00a0est\u00e1 marcada tamb\u00e9m para a 1h.<\/p>\n\n\n\n<figure class=\"wp-block-embed is-type-video is-provider-youtube wp-block-embed-youtube wp-embed-aspect-16-9 wp-has-aspect-ratio\"><div class=\"wp-block-embed__wrapper\">\n<iframe loading=\"lazy\" title=\"F1 2024: VERSTAPPEN NA MERCEDES, NEWEY NA FERRARI E HORNER PROMOVIDO | TTGP #128\" width=\"500\" height=\"281\" src=\"https:\/\/www.youtube.com\/embed\/Yt0H9vc2xCk?feature=oembed\" frameborder=\"0\" allow=\"accelerometer; autoplay; clipboard-write; encrypted-media; gyroscope; picture-in-picture; web-share\" referrerpolicy=\"strict-origin-when-cross-origin\" allowfullscreen><\/iframe>\n<\/div><\/figure>\n","protected":false},"excerpt":{"rendered":"<p>Pierre Gasly lembrou situa\u00e7\u00e3o da McLaren no ano passado e garantiu que vai dar o seu melhor para que a Alpine consiga se recuperar at\u00e9 o fim de 2024<\/p>\n","protected":false},"author":0,"featured_media":1000780007,"comment_status":"closed","ping_status":"closed","sticky":false,"template":"","format":"standard","meta":{"42wp_featured_image_caption":"","42wp_featured_image_credits":"","42wp_featured_video":"","42wp_featured_image_hidden":false,"42wp_authors_list":[],"footnotes":""},"categories":[2],"tags":[20491,5660,969,147,3230,642,160,180,30909,1491,30103,28285,676],"42wp_author":[47160],"class_list":["post-84196","post","type-post","status-publish","format-standard","has-post-thumbnail","hentry","category-f1","tag-alpine","tag-classificacao","tag-corrida","tag-f1","tag-f1-2024","tag-f1-ao-vivo","tag-f1-tv","tag-formula-1","tag-formula-1-2024","tag-grande-premio","tag-grande-premio-f1","tag-grandepremio","tag-pierre-gasly","42wp_author-vicente-soella"],"_links":{"self":[{"href":"https:\/\/grandepremio.com\/br\/wp-json\/wp\/v2\/posts\/84196","targetHints":{"allow":["GET"]}}],"collection":[{"href":"https:\/\/grandepremio.com\/br\/wp-json\/wp\/v2\/posts"}],"about":[{"href":"https:\/\/grandepremio.com\/br\/wp-json\/wp\/v2\/types\/post"}],"replies":[{"embeddable":true,"href":"https:\/\/grandepremio.com\/br\/wp-json\/wp\/v2\/comments?post=84196"}],"version-history":[{"count":0,"href":"https:\/\/grandepremio.com\/br\/wp-json\/wp\/v2\/posts\/84196\/revisions"}],"wp:featuredmedia":[{"embeddable":true,"href":"https:\/\/grandepremio.com\/br\/wp-json\/wp\/v2\/media\/1000780007"}],"wp:attachment":[{"href":"https:\/\/grandepremio.com\/br\/wp-json\/wp\/v2\/media?parent=84196"}],"wp:term":[{"taxonomy":"category","embeddable":true,"href":"https:\/\/grandepremio.com\/br\/wp-json\/wp\/v2\/categories?post=84196"},{"taxonomy":"post_tag","embeddable":true,"href":"https:\/\/grandepremio.com\/br\/wp-json\/wp\/v2\/tags?post=84196"},{"taxonomy":"42wp_author","embeddable":true,"href":"https:\/\/grandepremio.com\/br\/wp-json\/wp\/v2\/42wp_author?post=84196"}],"curies":[{"name":"wp","href":"https:\/\/api.w.org\/{rel}","templated":true}]}}