{"id":84239,"date":"2024-03-21T02:12:00","date_gmt":"2024-03-21T05:12:00","guid":{"rendered":"https:\/\/grandepremio.com\/br\/noticias\/retirada-zebras-salsicha-reajuste-muros-mudancas-casa-gp-da-australia-formula-1\/"},"modified":"2024-03-21T09:38:01","modified_gmt":"2024-03-21T12:38:01","slug":"retirada-zebras-salsicha-reajuste-muros-mudancas-casa-gp-da-australia-formula-1","status":"publish","type":"post","link":"https:\/\/grandepremio.com\/br\/f1\/retirada-zebras-salsicha-reajuste-muros-mudancas-casa-gp-da-australia-formula-1\/","title":{"rendered":"Retirada de zebras salsicha e reajuste de muros: as mudan\u00e7as na casa do GP da Austr\u00e1lia"},"content":{"rendered":"\n<p class=\"wp-block-paragraph\">A <strong><a href=\"https:\/\/www.grandepremio.com\/br\/f1\/\">F\u00f3rmula 1<\/a><\/strong> chega para o terceiro evento da temporada 2024 do Mundial. O <strong>GP da Austr\u00e1lia<\/strong> do fim de semana conta com a primeira corrida do ano num domingo. E antes da abertura dos trabalhos de pista, somente na sexta-feira, a dire\u00e7\u00e3o de prova anunciou mudan\u00e7as na prepara\u00e7\u00e3o do circuito em rela\u00e7\u00e3o ao ano passado.<\/p>\n\n\n\n<p class=\"wp-block-paragraph\">De acordo com as anota\u00e7\u00f5es do diretor <strong>Niels Wittich<\/strong>, as mudan\u00e7as s\u00e3o poucas e na parte da organiza\u00e7\u00e3o \u2014 n\u00e3o do tra\u00e7ado, como aconteceu em 2022.<\/p>\n\n\n\n<p class=\"wp-block-paragraph\">Duas das mudan\u00e7as incluem a retirada de zebras salsichas, aquelas altas, ao longo da pista. Mais especificamente \u00e0 direita na sa\u00edda da curva quatro e \u00e0 esquerda na sa\u00edda da curva dez.<\/p>\n\n\n\n<p class=\"wp-block-paragraph\">Nas mesmas duas curvas h\u00e1 outras duas mudan\u00e7as, mas que correspondem \u00e0s barreiras de prote\u00e7\u00e3o desenhadas, respectivamente, na \u00e1rea de escape da curva quatro e na sa\u00edda \u00e0 esquerda da curva dez.<\/p>\n\n\n\n<figure class=\"wp-block-image size-large\"><img decoding=\"async\" src=\"https:\/\/www.grandepremio.com\/br\/wp-content\/uploads\/2023\/03\/MELBOURNE-MERCEDES-1-819x1024.jpg\" alt=\"\" class=\"wp-image-665973\"\/><figcaption class=\"wp-element-caption\">Melbourne recebe a F1 uma vez mais (Foto: Mercedes)<\/figcaption><\/figure>\n\n\n\n<p class=\"wp-block-paragraph\">Por fim, uma faixa adicional de concreto foi instalada bem atr\u00e1s da curva na sa\u00edda da curva 11. N\u00e3o h\u00e1 maiores explica\u00e7\u00f5es sobre a raz\u00e3o para tanto, mas, num momento em que a categoria sofre com tampas de bueiro, \u00e9 poss\u00edvel imaginar que se trata de uma pedida proativa para evitar a repeti\u00e7\u00e3o da dor de cabe\u00e7a vista no Bahrein e na Ar\u00e1bia Saudita.<\/p>\n\n\n\n<p class=\"wp-block-paragraph\">O GP da Austr\u00e1lia foi <strong><a href=\"https:\/\/www.grandepremio.com\/br\/galeria\/f1\/caos-acidentes-invasao-pista-destaques-gp-australia-f1-2023\/\">uma das corridas mais movimentadas do ano passado<\/a><\/strong>, com m\u00faltiplas bandeiras vermelhas e relargadas paradas. No fim das contas, a FIA lan\u00e7ou uma investiga\u00e7\u00e3o para averiguar a invas\u00e3o de pista dos torcedores antes da permiss\u00e3o oficial p\u00f3s-corrida. Por isso, <strong><a href=\"https:\/\/www.grandepremio.com\/br\/f1\/noticias\/gp-da-australia-bane-invasao-publico-2024-por-conta-investigacao-fia\/\">a invas\u00e3o est\u00e1 proibida em 2024<\/a><\/strong>.<\/p>\n\n\n\n<p class=\"wp-block-paragraph\">O\u00a0<strong>GRANDE PR\u00caMIO<\/strong>\u00a0acompanha\u00a0<strong><a href=\"https:\/\/www.grandepremio.com\/br\/ao-vivo\/f1\/\">AO VIVO e EM\u00a0<\/a><a href=\"https:\/\/www.grandepremio.com\/br\/ao-vivo\/\" target=\"_blank\" rel=\"noreferrer noopener\">TEMPO REAL<\/a><\/strong>\u00a0todas as atividades do\u00a0<strong>GP da Austr\u00e1lia, em\u00a0Melbourne<\/strong>, e transmite classifica\u00e7\u00e3o e corrida em segunda tela, em parceria com a Voz do Esporte, na\u00a0<strong><a href=\"https:\/\/www.youtube.com\/c\/GrandePremioTV\/streams\">GPTV, o canal do GP no Youtube<\/a><\/strong>. Al\u00e9m disso, debate tudo que aconteceu na pista com o\u00a0<strong>Briefing<\/strong>\u00a0ap\u00f3s segundo treino livre e classifica\u00e7\u00e3o, al\u00e9m de antes e depois da corrida.\u00a0Na quinta-feira \u00e0 noite, o <strong>TL1<\/strong> come\u00e7a \u00e0s 22h30 (de Bras\u00edlia, GMT-3) e o\u00a0<strong>TL2<\/strong>\u00a0est\u00e1 marcado para as 2h j\u00e1 da sexta-feira. Depois, \u00e0s 22h da mesma sexta-feira, <strong>o \u00faltimo treino<\/strong>\u00a0acontece \u00e0s 22h30, com\u00a0<strong>a classifica\u00e7\u00e3o<\/strong>\u00a0\u00e0s 2h do s\u00e1bado; no\u00a0<strong>domingo, a largada<\/strong>\u00a0est\u00e1 marcada tamb\u00e9m para a 1h.<a href=\"https:\/\/bit.ly\/CanalGPBR\"><\/a><\/p>\n\n\n\n<p class=\"wp-block-paragraph\"><strong>\u25b6\ufe0f Inscreva-se nos dois canais do GRANDE PR\u00caMIO no YouTube:\u00a0<a href=\"https:\/\/www.youtube.com\/channel\/UC9OlHEgxoaY6QY6nWPoiqQg?sub_confirmation=1\">GP<\/a>\u00a0|\u00a0<a href=\"https:\/\/www.youtube.com\/channel\/UC9csiS6q_C3C0FYhyr1rnFA?sub_confirmation=1\">GP2<\/a><br>\u25b6\ufe0f\u00a0<a href=\"https:\/\/www.twitch.tv\/grandepremio\">\u00a0Conhe\u00e7a o canal do\u00a0GRANDE PR\u00caMIO\u00a0na Twitch clicando aqui!<\/a><\/strong><\/p>\n\n\n\n<figure class=\"wp-block-embed is-type-video is-provider-youtube wp-block-embed-youtube wp-embed-aspect-16-9 wp-has-aspect-ratio\"><div class=\"wp-block-embed__wrapper\">\n<iframe loading=\"lazy\" title=\"F1 2024: VERSTAPPEN NA MERCEDES, NEWEY NA FERRARI E HORNER PROMOVIDO | TTGP #128\" width=\"500\" height=\"281\" src=\"https:\/\/www.youtube.com\/embed\/Yt0H9vc2xCk?feature=oembed\" frameborder=\"0\" allow=\"accelerometer; autoplay; clipboard-write; encrypted-media; gyroscope; picture-in-picture; web-share\" referrerpolicy=\"strict-origin-when-cross-origin\" allowfullscreen><\/iframe>\n<\/div><figcaption class=\"wp-element-caption\">F1 2024: VERSTAPPEN NA MERCEDES, NEWEY NA FERRARI E HORNER PROMOVIDO | TTGP\u00a0<a href=\"https:\/\/www.youtube.com\/hashtag\/128\">#128<\/a><\/figcaption><\/figure>\n","protected":false},"excerpt":{"rendered":"<p>Albert Park recebe mudan\u00e7as operacionais no tra\u00e7ado para receber GP da Austr\u00e1lia da F\u00f3rmula 1 na temporada 2024 <\/p>\n","protected":false},"author":0,"featured_media":1000666273,"comment_status":"closed","ping_status":"closed","sticky":false,"template":"","format":"standard","meta":{"42wp_featured_image_caption":"","42wp_featured_image_credits":"","42wp_featured_video":"","42wp_featured_image_hidden":false,"42wp_authors_list":[],"footnotes":""},"categories":[2],"tags":[27776,34186,27487,6106,35624,37759,5660,8235,37760,26006,3230,38678,642,28516,11958,34195,37761,38677,1753,38679,34197,30907],"42wp_author":[47120],"class_list":["post-84239","post","type-post","status-publish","format-standard","has-post-thumbnail","hentry","category-f1","tag-assistir-f1-ao-vivo","tag-assistir-f1-gratis","tag-assistir-f1-online","tag-australia","tag-calendario-f1-2024","tag-calendario-f1-2024-horarios","tag-classificacao","tag-classificacao-da-f1","tag-classificacao-f1-2024","tag-direcao-de-prova","tag-f1-2024","tag-f1-albert-park","tag-f1-ao-vivo","tag-f1-australia","tag-f1-live","tag-f1-melbourne","tag-f1-tv-2024","tag-fim-de-semana-australia","tag-gp-da-australia","tag-gp-de-albert-park","tag-gp-de-melbourne","tag-niels-wittich","42wp_author-pedro-henrique-marum"],"_links":{"self":[{"href":"https:\/\/grandepremio.com\/br\/wp-json\/wp\/v2\/posts\/84239","targetHints":{"allow":["GET"]}}],"collection":[{"href":"https:\/\/grandepremio.com\/br\/wp-json\/wp\/v2\/posts"}],"about":[{"href":"https:\/\/grandepremio.com\/br\/wp-json\/wp\/v2\/types\/post"}],"replies":[{"embeddable":true,"href":"https:\/\/grandepremio.com\/br\/wp-json\/wp\/v2\/comments?post=84239"}],"version-history":[{"count":0,"href":"https:\/\/grandepremio.com\/br\/wp-json\/wp\/v2\/posts\/84239\/revisions"}],"wp:featuredmedia":[{"embeddable":true,"href":"https:\/\/grandepremio.com\/br\/wp-json\/wp\/v2\/media\/1000666273"}],"wp:attachment":[{"href":"https:\/\/grandepremio.com\/br\/wp-json\/wp\/v2\/media?parent=84239"}],"wp:term":[{"taxonomy":"category","embeddable":true,"href":"https:\/\/grandepremio.com\/br\/wp-json\/wp\/v2\/categories?post=84239"},{"taxonomy":"post_tag","embeddable":true,"href":"https:\/\/grandepremio.com\/br\/wp-json\/wp\/v2\/tags?post=84239"},{"taxonomy":"42wp_author","embeddable":true,"href":"https:\/\/grandepremio.com\/br\/wp-json\/wp\/v2\/42wp_author?post=84239"}],"curies":[{"name":"wp","href":"https:\/\/api.w.org\/{rel}","templated":true}]}}