{"id":84243,"date":"2024-03-21T02:10:44","date_gmt":"2024-03-21T05:10:44","guid":{"rendered":"https:\/\/grandepremio.com\/br\/noticias\/daniel-ricciardo-garante-criticas-consultor-red-bull-nao-incomodam-pertenco-f1\/"},"modified":"2024-03-21T02:17:13","modified_gmt":"2024-03-21T05:17:13","slug":"daniel-ricciardo-garante-criticas-consultor-red-bull-nao-incomodam-pertenco-f1","status":"publish","type":"post","link":"https:\/\/grandepremio.com\/br\/f1\/daniel-ricciardo-garante-criticas-consultor-red-bull-nao-incomodam-pertenco-f1\/","title":{"rendered":"Ricciardo garante que cr\u00edticas de consultor da Red Bull &#8220;n\u00e3o incomodam&#8221;: &#8220;Perten\u00e7o \u00e0 F1&#8221;"},"content":{"rendered":"\n<p class=\"wp-block-paragraph\"><strong>Daniel Ricciardo <\/strong>garantiu que as recentes cr\u00edticas do consultor da <strong>Red Bull<\/strong>, <strong>Helmut Marko<\/strong>, n\u00e3o o abalaram, pois sabe que retornou \u00e0 <strong>F\u00f3rmula 1 <\/strong>porque sente que &#8220;pertence ao lugar&#8221;. Correndo em casa, o australiano ainda afirmou que acredita que tem performance suficiente para passar ao Q3 nas classifica\u00e7\u00f5es, por\u00e9m a disputa no meio do pelot\u00e3o atual est\u00e1 &#8220;muito acirrada&#8221;.<\/p>\n\n\n\n<p class=\"wp-block-paragraph\">Nas duas classifica\u00e7\u00f5es realizadas no ano \u2014 no\u00a0<strong>Bahrein\u00a0<\/strong>e na\u00a0<strong>Ar\u00e1bia Saudita\u00a0<\/strong>\u2014 Ricciardo perdeu o duelo particular na\u00a0<strong>RB\u00a0<\/strong>(<strong>Visa Cash App RB<\/strong>) para o companheiro\u00a0<strong><a href=\"https:\/\/www.grandepremio.com\/br\/piloto\/yuki-tsunoda\/\" target=\"_blank\" rel=\"noreferrer noopener\">Yuki Tsunoda<\/a><\/strong>. Em\u00a0<strong><a href=\"https:\/\/www.grandepremio.com\/br\/circuito\/jida\/\" target=\"_blank\" rel=\"noreferrer noopener\">Jed\u00e1<\/a><\/strong>, a situa\u00e7\u00e3o foi ainda mais complicada, uma vez que o piloto japon\u00eas conseguiu avan\u00e7ar ao Q3.<\/p>\n\n\n\n<p class=\"wp-block-paragraph\">Foi o suficiente para Marko ir a p\u00fablico e dizer que Daniel <a href=\"https:\/\/www.grandepremio.com\/br\/f1\/noticias\/red-bull-poe-pressao-cobra-daniel-ricciardo-apos-16o-jeda-precisa-fazer-algo-breve\/\">tinha de &#8220;fazer algo logo\u201d <\/a>para acompanhar Tsunoda. Ano passado, ap\u00f3s retornar ao grid, o natural de Perth n\u00e3o escondeu que um dos objetivos era se colocar como candidato \u00e0 vaga de <strong>Sergio P\u00e9rez <\/strong>na equipe taurina.<\/p>\n\n\n\n<p class=\"wp-block-paragraph\">Durante a coletiva de imprensa realizada nesta quinta-feira (21), Ricciardo disse que cr\u00edticas positivas e negativas s\u00e3o normais, dependendo dos resultados alcan\u00e7ados pelo piloto. &#8220;N\u00e3o \u00e9 inc\u00f4modo&#8221;, garantiu ao ser questionado especificamente sobre a fala de Marko.<\/p>\n\n\n\n<figure class=\"wp-block-image size-large\"><img decoding=\"async\" src=\"https:\/\/www.grandepremio.com\/br\/wp-content\/uploads\/2024\/03\/bahrein-2024-f1-treino-livre-rb-daniel-ricciardo-05-1024x683.jpg\" alt=\"\" class=\"wp-image-782592\"\/><figcaption class=\"wp-element-caption\">Daniel Ricciardo corre em casa neste fim de semana (Foto: Red Bull Content Pool)<\/figcaption><\/figure>\n\n\n\n<p class=\"wp-block-paragraph\">&#8220;O mais importante \u00e9 pilotar, mas grande parte disso s\u00e3o voc\u00eas [jornalistas], por causa de voc\u00eas. Portanto, ouvir quando as coisas est\u00e3o indo bem que todos est\u00e3o falando positivamente e o contr\u00e1rio quando n\u00e3o faz parte&#8221;, acrescentou.<\/p>\n\n\n\n<p class=\"wp-block-paragraph\">&#8220;Al\u00e9m disso, quanto mais entro no esporte, mais sei que voltei porque acredito que posso estar aqui. Acredito que perten\u00e7o a este lugar&#8221;, frisou Ricciardo. &#8220;Quando perguntam &#8216;Voc\u00ea tem algo a provar?&#8217;, ou &#8216;Voc\u00ea precisa agradar algu\u00e9m?&#8217;, estou aqui para mim, porque, sinceramente, sei que ainda posso fazer isso. Quero deixar as pessoas orgulhosas, mas se algu\u00e9m disser algo, sei porque j\u00e1 disse isso antes a mim mesmo&#8221;, completou.<\/p>\n\n\n\n<p class=\"wp-block-paragraph\">Sobre as classifica\u00e7\u00f5es, Daniel afirmou que cada d\u00e9cimo tem feito a diferen\u00e7a na briga por posi\u00e7\u00f5es entre as equipes intermedi\u00e1rias. &#8220;Quero passar para o Q3, quero obter esses resultados que acredito que consigo. Mas est\u00e1 acirrado.&#8221;<\/p>\n\n\n\n<p class=\"wp-block-paragraph\">&#8220;Estamos em um meio de pelot\u00e3o muito acirrado, e no Bahrein, na classifica\u00e7\u00e3o, sabia que n\u00e3o tinha feito a volta completa e assumi o erro. E essa \u00e9 talvez a diferen\u00e7a entre o 14\u00ba para o Q3, e acho que, na Ar\u00e1bia Saudita, no Q1 foi menos de um d\u00e9cimo entre nono e 16\u00ba. Podemos muito rapidamente parecer her\u00f3is ou n\u00e3o, e \u00e9 a\u00ed que cada d\u00e9cimo conta e, claro, olho primeiro para mim&#8221;, finalizou.<\/p>\n\n\n\n<p class=\"wp-block-paragraph\">A&nbsp;<a href=\"https:\/\/www.grandepremio.com\/br\/f1\/\" target=\"_blank\" rel=\"noreferrer noopener\"><\/a><a href=\"https:\/\/www.grandepremio.com\/br\/f1\/\" target=\"_blank\" rel=\"noreferrer noopener\">F\u00f3rmula 1<\/a>&nbsp;volta entre os dias&nbsp;<strong>21&nbsp;<\/strong>e&nbsp;<strong>24 de mar\u00e7o&nbsp;<\/strong>com o&nbsp;<strong>GP da Austr\u00e1lia<\/strong>, terceira etapa da temporada 2024. O&nbsp;<strong>GRANDE PR\u00caMIO&nbsp;<\/strong>faz a cobertura completa do fim de semana.<\/p>\n\n\n\n<p class=\"wp-block-paragraph\"><strong>\u00a0Inscreva-se nos dois canais do\u00a0GRANDE PR\u00caMIO\u00a0no YouTube:\u00a0<a href=\"https:\/\/www.youtube.com\/channel\/UC9OlHEgxoaY6QY6nWPoiqQg?sub_confirmation=1\">GP<\/a>\u00a0|\u00a0<a href=\"https:\/\/www.youtube.com\/channel\/UC9csiS6q_C3C0FYhyr1rnFA?sub_confirmation=1\">GP2<\/a><br>\u00a0<a href=\"https:\/\/www.twitch.tv\/grandepremio\">Conhe\u00e7a o canal do\u00a0GRANDE PR\u00caMIO\u00a0na Twitch clicando aqui!<\/a><\/strong><\/p>\n\n\n\n<figure class=\"wp-block-embed is-type-video is-provider-youtube wp-block-embed-youtube wp-embed-aspect-16-9 wp-has-aspect-ratio\"><div class=\"wp-block-embed__wrapper\">\n<iframe loading=\"lazy\" title=\"F1 2024: VERSTAPPEN NA MERCEDES, NEWEY NA FERRARI E HORNER PROMOVIDO | TTGP #128\" width=\"500\" height=\"281\" src=\"https:\/\/www.youtube.com\/embed\/Yt0H9vc2xCk?feature=oembed\" frameborder=\"0\" allow=\"accelerometer; autoplay; clipboard-write; encrypted-media; gyroscope; picture-in-picture; web-share\" referrerpolicy=\"strict-origin-when-cross-origin\" allowfullscreen><\/iframe>\n<\/div><\/figure>\n","protected":false},"excerpt":{"rendered":"<p>Daniel Ricciardo afirmou que cr\u00edticas s\u00e3o normais, por\u00e9m explicou que por mais que tenha condi\u00e7\u00f5es de avan\u00e7ar ao Q3, a disputa no pelot\u00e3o intermedi\u00e1rio est\u00e1 muito acirrada<\/p>\n","protected":false},"author":0,"featured_media":1000780023,"comment_status":"closed","ping_status":"closed","sticky":false,"template":"","format":"standard","meta":{"42wp_featured_image_caption":"","42wp_featured_image_credits":"","42wp_featured_video":"","42wp_featured_image_hidden":false,"42wp_authors_list":[],"footnotes":""},"categories":[2],"tags":[26271,5273,211,147,3230,180,30909,1753,1491,28285,258,30840,1757,38756,34212,35129,25693,204,33301,38128],"42wp_author":[47147],"class_list":["post-84243","post","type-post","status-publish","format-standard","has-post-thumbnail","hentry","category-f1","tag-calendario-f1","tag-classificacao-f1","tag-daniel-ricciardo","tag-f1","tag-f1-2024","tag-formula-1","tag-formula-1-2024","tag-gp-da-australia","tag-grande-premio","tag-grandepremio","tag-helmut-marko","tag-horarios-f1","tag-melbourne","tag-melbourne-2024","tag-melbourne-f1","tag-onde-assistir-f1","tag-rb","tag-red-bull","tag-temporada-2024-f1","tag-visa-cash-app-rb","42wp_author-luana-marino"],"_links":{"self":[{"href":"https:\/\/grandepremio.com\/br\/wp-json\/wp\/v2\/posts\/84243","targetHints":{"allow":["GET"]}}],"collection":[{"href":"https:\/\/grandepremio.com\/br\/wp-json\/wp\/v2\/posts"}],"about":[{"href":"https:\/\/grandepremio.com\/br\/wp-json\/wp\/v2\/types\/post"}],"replies":[{"embeddable":true,"href":"https:\/\/grandepremio.com\/br\/wp-json\/wp\/v2\/comments?post=84243"}],"version-history":[{"count":0,"href":"https:\/\/grandepremio.com\/br\/wp-json\/wp\/v2\/posts\/84243\/revisions"}],"wp:featuredmedia":[{"embeddable":true,"href":"https:\/\/grandepremio.com\/br\/wp-json\/wp\/v2\/media\/1000780023"}],"wp:attachment":[{"href":"https:\/\/grandepremio.com\/br\/wp-json\/wp\/v2\/media?parent=84243"}],"wp:term":[{"taxonomy":"category","embeddable":true,"href":"https:\/\/grandepremio.com\/br\/wp-json\/wp\/v2\/categories?post=84243"},{"taxonomy":"post_tag","embeddable":true,"href":"https:\/\/grandepremio.com\/br\/wp-json\/wp\/v2\/tags?post=84243"},{"taxonomy":"42wp_author","embeddable":true,"href":"https:\/\/grandepremio.com\/br\/wp-json\/wp\/v2\/42wp_author?post=84243"}],"curies":[{"name":"wp","href":"https:\/\/api.w.org\/{rel}","templated":true}]}}