{"id":84247,"date":"2024-03-21T01:34:13","date_gmt":"2024-03-21T04:34:13","guid":{"rendered":"https:\/\/grandepremio.com\/br\/noticias\/carlos-sainz-pronto-gp-australia-apos-apendicite-admite-nao-estou-100\/"},"modified":"2024-03-21T02:16:36","modified_gmt":"2024-03-21T05:16:36","slug":"carlos-sainz-pronto-gp-australia-apos-apendicite-admite-nao-estou-100","status":"publish","type":"post","link":"https:\/\/grandepremio.com\/br\/f1\/carlos-sainz-pronto-gp-australia-apos-apendicite-admite-nao-estou-100\/","title":{"rendered":"Sainz se diz &#8220;pronto&#8221; para GP da Austr\u00e1lia ap\u00f3s apendicite, mas admite: &#8220;N\u00e3o estou 100%&#8221;"},"content":{"rendered":"\n<p class=\"wp-block-paragraph\">No que depender de <strong>Carlos Sainz<\/strong>, a participa\u00e7\u00e3o nas atividades de pista deste fim de semana, na <strong>Austr\u00e1lia<\/strong>, est\u00e1 garantida ap\u00f3s perder o <strong>GP da Ar\u00e1bia Saudita<\/strong> de <strong>F\u00f3rmula 1<\/strong> por conta de uma apendicite. O piloto da <strong>Ferrari <\/strong>falou com a imprensa no paddock em <strong>Melbourne <\/strong>que foi liberado pelos m\u00e9dicos, por\u00e9m admitiu que n\u00e3o espera estar em 100% da forma f\u00edsica.<\/p>\n\n\n\n<p class=\"wp-block-paragraph\">Sainz foi diagnosticado com apendicite e teve de passar por cirurgia. Antes, no entanto, o espanhol conseguiu participar dos treinos livres 1 e 2 em <strong>Jed\u00e1<\/strong>, sendo substitu\u00eddo no restante do fim de semana por <strong>Oliver Bearman<\/strong>, jovem de 18 anos que impressionou ao n\u00e3o cometer erros e pontuar com a Ferrari na corrida saudita.<\/p>\n\n\n\n<p class=\"wp-block-paragraph\">O #55, na verdade, esteve no paddock no dia da prova, pouco tempo ap\u00f3s a opera\u00e7\u00e3o, e acompanhou de perto a estreia de Bearman. Na ocasi\u00e3o, inclusive, o estafe de Sainz foi visto <a href=\"https:\/\/www.grandepremio.com\/br\/f1\/noticias\/carlos-sainz-lanca-sorte-inicia-conversas-vaga-lewis-hamilton-mercedes-2025\/\">conversando por um longo tempo com o chefe da <strong>Mercedes<\/strong><\/a>, <strong>Toto Wolff<\/strong>.<\/p>\n\n\n\n<p class=\"wp-block-paragraph\">A Ferrari tamb\u00e9m se mostrava otimista quanto ao retorno de Carlos no <strong>GP da Austr\u00e1lia<\/strong>. Depois da corrida nem Jed\u00e1, <strong>Fr\u00e9d\u00e9ric Vasseur<\/strong>, chefe da equipe, destacou a &#8220;recupera\u00e7\u00e3o incr\u00edvel&#8221; de Sainz, por\u00e9m alertou <a href=\"https:\/\/www.grandepremio.com\/br\/f1\/noticias\/ferrari-otimismo-retorno-carlos-sainz-australia-precisa-descansar\/\">que tudo dependeria do descanso<\/a>.<\/p>\n\n\n\n<figure class=\"wp-block-image size-large\"><img decoding=\"async\" src=\"https:\/\/www.grandepremio.com\/br\/wp-content\/uploads\/2024\/03\/arabia-saudita-2024-f1-treino-livre-ferrari-carlos-sainz-01-1024x683.jpg\" alt=\"\" class=\"wp-image-785324\"\/><figcaption class=\"wp-element-caption\">Carlos Sainz est\u00e1 de volta ap\u00f3s apendicite (Foto: Ferrari)<\/figcaption><\/figure>\n\n\n\n<p class=\"wp-block-paragraph\">&#8220;Sinto-me pronto, fiz o m\u00e1ximo poss\u00edvel para me recuperar&#8221;, disse Sainz \u00e0 imprensa. Voc\u00eas n\u00e3o imaginam o esfor\u00e7o e a log\u00edstica que fiz para estar apto para esta corrida. Estou muito feliz com o progresso e pronto para voltar ao carro&#8221;, acrescentou.<\/p>\n\n\n\n<p class=\"wp-block-paragraph\">&#8220;N\u00e3o estarei 100%, pois fiquei dez dias na cama, n\u00e3o dez dias treinando e no simulador, mas se estiver apto para correr e sem nenhuma dor ou sintomas ruins, podemos fazer um bom fim de semana, e o objetivo ser\u00e1 desafiar a Red Bull&#8221;, concluiu.<\/p>\n\n\n\n<p class=\"wp-block-paragraph\">No primeiro GP do ano, Sainz terminou em terceiro lugar, \u00e0 frente do companheiro de equipe, Charles Leclerc.<\/p>\n\n\n\n<p class=\"wp-block-paragraph\">A\u00a0<a href=\"https:\/\/www.grandepremio.com\/br\/f1\/\" target=\"_blank\" rel=\"noreferrer noopener\">F\u00f3rmula 1<\/a>\u00a0volta entre os dias\u00a0<strong>21\u00a0<\/strong>e\u00a0<strong>24 de mar\u00e7o\u00a0<\/strong>com o\u00a0<strong>GP da Austr\u00e1lia<\/strong>, terceira etapa da temporada 2024. O\u00a0<strong>GRANDE PR\u00caMIO\u00a0<\/strong>faz a cobertura completa do fim de semana.<\/p>\n\n\n\n<p class=\"wp-block-paragraph\"><strong>&nbsp;Inscreva-se nos dois canais do GRANDE PR\u00caMIO no YouTube:&nbsp;<a href=\"https:\/\/www.youtube.com\/channel\/UC9OlHEgxoaY6QY6nWPoiqQg?sub_confirmation=1\" target=\"_blank\" rel=\"noreferrer noopener\">GP<\/a>&nbsp;|&nbsp;<a href=\"https:\/\/www.youtube.com\/channel\/UC9csiS6q_C3C0FYhyr1rnFA?sub_confirmation=1\" target=\"_blank\" rel=\"noreferrer noopener\">GP2<\/a><\/strong><br><strong>&nbsp;<a href=\"https:\/\/www.twitch.tv\/grandepremio\" target=\"_blank\" rel=\"noreferrer noopener\">Conhe\u00e7a o canal do GRANDE PR\u00caMIO na Twitch clicando aqui!<\/a><\/strong><\/p>\n\n\n\n<figure class=\"wp-block-embed is-type-video is-provider-youtube wp-block-embed-youtube wp-embed-aspect-16-9 wp-has-aspect-ratio\"><div class=\"wp-block-embed__wrapper\">\n<iframe loading=\"lazy\" title=\"F1 2024: VERSTAPPEN NA MERCEDES, NEWEY NA FERRARI E HORNER PROMOVIDO | TTGP #128\" width=\"500\" height=\"281\" src=\"https:\/\/www.youtube.com\/embed\/Yt0H9vc2xCk?feature=oembed\" frameborder=\"0\" allow=\"accelerometer; autoplay; clipboard-write; encrypted-media; gyroscope; picture-in-picture; web-share\" referrerpolicy=\"strict-origin-when-cross-origin\" allowfullscreen><\/iframe>\n<\/div><\/figure>\n","protected":false},"excerpt":{"rendered":"<p>Carlos Sainz afirmou que fez &#8220;o m\u00e1ximo poss\u00edvel&#8221; para estar apto para o GP da Austr\u00e1lia, neste fim de semana, mas reconheceu que <\/p>\n","protected":false},"author":0,"featured_media":1000779216,"comment_status":"closed","ping_status":"closed","sticky":false,"template":"","format":"standard","meta":{"42wp_featured_image_caption":"","42wp_featured_image_credits":"","42wp_featured_video":"","42wp_featured_image_hidden":false,"42wp_authors_list":[],"footnotes":""},"categories":[2],"tags":[26271,546,5273,147,3230,207,180,30909,1753,1491,28285,30840,1757,38756,34212,35129,33301],"42wp_author":[47147],"class_list":["post-84247","post","type-post","status-publish","format-standard","has-post-thumbnail","hentry","category-f1","tag-calendario-f1","tag-carlos-sainz","tag-classificacao-f1","tag-f1","tag-f1-2024","tag-ferrari","tag-formula-1","tag-formula-1-2024","tag-gp-da-australia","tag-grande-premio","tag-grandepremio","tag-horarios-f1","tag-melbourne","tag-melbourne-2024","tag-melbourne-f1","tag-onde-assistir-f1","tag-temporada-2024-f1","42wp_author-luana-marino"],"_links":{"self":[{"href":"https:\/\/grandepremio.com\/br\/wp-json\/wp\/v2\/posts\/84247","targetHints":{"allow":["GET"]}}],"collection":[{"href":"https:\/\/grandepremio.com\/br\/wp-json\/wp\/v2\/posts"}],"about":[{"href":"https:\/\/grandepremio.com\/br\/wp-json\/wp\/v2\/types\/post"}],"replies":[{"embeddable":true,"href":"https:\/\/grandepremio.com\/br\/wp-json\/wp\/v2\/comments?post=84247"}],"version-history":[{"count":0,"href":"https:\/\/grandepremio.com\/br\/wp-json\/wp\/v2\/posts\/84247\/revisions"}],"wp:featuredmedia":[{"embeddable":true,"href":"https:\/\/grandepremio.com\/br\/wp-json\/wp\/v2\/media\/1000779216"}],"wp:attachment":[{"href":"https:\/\/grandepremio.com\/br\/wp-json\/wp\/v2\/media?parent=84247"}],"wp:term":[{"taxonomy":"category","embeddable":true,"href":"https:\/\/grandepremio.com\/br\/wp-json\/wp\/v2\/categories?post=84247"},{"taxonomy":"post_tag","embeddable":true,"href":"https:\/\/grandepremio.com\/br\/wp-json\/wp\/v2\/tags?post=84247"},{"taxonomy":"42wp_author","embeddable":true,"href":"https:\/\/grandepremio.com\/br\/wp-json\/wp\/v2\/42wp_author?post=84247"}],"curies":[{"name":"wp","href":"https:\/\/api.w.org\/{rel}","templated":true}]}}