{"id":84508,"date":"2024-03-18T11:39:44","date_gmt":"2024-03-18T14:39:44","guid":{"rendered":"https:\/\/grandepremio.com\/br\/noticias\/porsche-admite-conversas-descarta-acordo-abt-cupra-trem-de-forca-2025\/"},"modified":"2024-03-18T11:52:37","modified_gmt":"2024-03-18T14:52:37","slug":"porsche-admite-conversas-descarta-acordo-abt-cupra-trem-de-forca-2025","status":"publish","type":"post","link":"https:\/\/grandepremio.com\/br\/formula-e\/porsche-admite-conversas-descarta-acordo-abt-cupra-trem-de-forca-2025\/","title":{"rendered":"Porsche admite conversas, mas descarta acordo com Abt Cupra por motor em 2025"},"content":{"rendered":"\n<p class=\"wp-block-paragraph\">Desde que <strong>Abt Cupra <\/strong>e <strong>Mahindra <\/strong>confirmaram, ainda no <strong>eP da Cidade do M\u00e9xico<\/strong> que abriu a temporada, que <a href=\"https:\/\/www.grandepremio.com\/br\/formula-e\/noticias\/abt-mahindra-confirmam-rescisao-contrato-temporada-2025-formula-e\/\" target=\"_blank\" rel=\"noreferrer noopener\">a parceria entre as duas marcas seria encerrada ao fim de 2024<\/a>, o caminho mais natural para o time de <strong>Lucas Di Grassi <\/strong>passou a ser uma futura parceria com a <strong>Porsche<\/strong>. No entanto, de acordo com o chefe dos alem\u00e3es, essa possibilidade est\u00e1 fora dos planos para o ano que vem.<\/p>\n\n\n\n<p class=\"wp-block-paragraph\">Segundo <strong>Florian Modlinger<\/strong>, Abt e Porsche realmente entraram em conversas pensando j\u00e1 no ano que vem, mas a fornecedora alem\u00e3 seguir\u00e1 com apenas uma cliente \u2014 no caso, a <strong>Andretti<\/strong>, que re\u00fane uma marca mais forte e venceu o \u00faltimo Mundial de Pilotos com <strong>Jake Dennis<\/strong>.<\/p>\n\n\n\n<p class=\"wp-block-paragraph\">&#8220;Estivemos em conversas com a Abt Cupra&#8221;, admitiu Modlinger \u00e0 publica\u00e7\u00e3o italiana <em>Il Messaggero<\/em>. &#8220;N\u00e3o posso dizer muito mais. Estivemos em conversas e teremos apenas uma equipe cliente no pr\u00f3ximo ano&#8221;, completou.<\/p>\n\n\n\n<p class=\"wp-block-paragraph\">Vale destacar que a Abt tem um hist\u00f3rico de parceria com marcas do Grupo Volkswagen, que inclui a Porsche. Al\u00e9m da uni\u00e3o atual com a <strong>Cupra<\/strong>, a equipe alem\u00e3 tamb\u00e9m foi parceira da <strong>Audi <\/strong>na F\u00f3rmula E, inclusive conquistando o t\u00edtulo com Di Grassi em <strong>2016\/17<\/strong>.<\/p>\n\n\n\n<figure class=\"wp-block-image size-large\"><img decoding=\"async\" src=\"https:\/\/www.grandepremio.com\/br\/wp-content\/uploads\/2024\/01\/EPS1003_171122SMG_6104-2048x2048-2-1024x683.jpg\" alt=\"\" class=\"wp-image-773284\"\/><figcaption class=\"wp-element-caption\">Abt Cupra segue em busca de uma nova fornecedora para 2025 (Foto: F\u00f3rmula E)<\/figcaption><\/figure>\n\n\n\n<p class=\"wp-block-paragraph\">Modlinger ainda comentou sobre a pr\u00f3xima nova era prevista pela F\u00f3rmula E, com a introdu\u00e7\u00e3o do <strong>Gen4 <\/strong>a partir de 2026. Segundo ele, a Porsche j\u00e1 conversa sobre o novo carro, mas ainda n\u00e3o tem presen\u00e7a garantida na pr\u00f3xima gera\u00e7\u00e3o.<\/p>\n\n\n\n<p class=\"wp-block-paragraph\">&#8220;Nosso acordo \u00e9 v\u00e1lido at\u00e9 o fim da temporada 12, ou seja, para a Era Gen3&#8221;, explicou. &#8220;Nenhuma montadora se comprometeu al\u00e9m disso. J\u00e1 estamos pensando na Gen4, mas os termos ainda n\u00e3o foram finalizados&#8221;, completou.<\/p>\n\n\n\n<p class=\"wp-block-paragraph\">A pr\u00f3xima etapa da F\u00f3rmula E acontece no dia <strong>30 de mar\u00e7o<\/strong>, com a t\u00e3o aguardada estreia da categoria em <strong>T\u00f3quio<\/strong>. O <strong>GRANDE PR\u00caMIO <\/strong>acompanha todas as atividades de pista da temporada <strong>AO VIVO <\/strong>e <strong>COM IMAGENS <\/strong>no <strong>YouTube<\/strong>.<\/p>\n\n\n\n<figure class=\"wp-block-embed is-type-video is-provider-youtube wp-block-embed-youtube wp-embed-aspect-16-9 wp-has-aspect-ratio\"><div class=\"wp-block-embed__wrapper\">\n<iframe loading=\"lazy\" title=\"F\u00d3RMULA E 2024: Sam Bird do velho testamento VENCE em S\u00e3o Paulo | GP \u00e0s 10\" width=\"500\" height=\"281\" src=\"https:\/\/www.youtube.com\/embed\/0RMUbIpaavY?feature=oembed\" frameborder=\"0\" allow=\"accelerometer; autoplay; clipboard-write; encrypted-media; gyroscope; picture-in-picture; web-share\" referrerpolicy=\"strict-origin-when-cross-origin\" allowfullscreen><\/iframe>\n<\/div><\/figure>\n\n\n\n<h2 class=\"wp-block-heading\" id=\"h-assista-a-corrida-completa-do-ep-de-sao-paulo\">Assista \u00e0 corrida completa do eP de S\u00e3o Paulo<\/h2>\n\n\n\n<figure class=\"wp-block-embed is-type-video is-provider-youtube wp-block-embed-youtube wp-embed-aspect-16-9 wp-has-aspect-ratio\"><div class=\"wp-block-embed__wrapper\">\n<iframe loading=\"lazy\" title=\"F\u00d3RMULA E 2024 - eP DE S\u00c3O PAULO | 4\u00aa etapa | Corrida\" width=\"500\" height=\"281\" src=\"https:\/\/www.youtube.com\/embed\/XFY6OaAE-zg?feature=oembed\" frameborder=\"0\" allow=\"accelerometer; autoplay; clipboard-write; encrypted-media; gyroscope; picture-in-picture; web-share\" referrerpolicy=\"strict-origin-when-cross-origin\" allowfullscreen><\/iframe>\n<\/div><\/figure>\n","protected":false},"excerpt":{"rendered":"<p>Chefe da Porsche, Florian Modlinger confirmou conversas com a Abt Cupra por fornecimento de trens de for\u00e7a para a temporada 2024\/25 da F\u00f3rmula E, mas garantiu que a marca alem\u00e3 n\u00e3o tem a inten\u00e7\u00e3o de acumular uma segunda cliente no grid da categoria no ano que vem<\/p>\n","protected":false},"author":0,"featured_media":1000773232,"comment_status":"closed","ping_status":"closed","sticky":false,"template":"","format":"standard","meta":{"42wp_featured_image_caption":"","42wp_featured_image_credits":"","42wp_featured_video":"","42wp_featured_image_hidden":false,"42wp_authors_list":[],"footnotes":""},"categories":[19],"tags":[33642,10783,33214,28679,6853,31468,379,36881,840,35967,1601,1491,30103,28285,36219,736],"42wp_author":[47142],"class_list":["post-84508","post","type-post","status-publish","format-standard","has-post-thumbnail","hentry","category-formula-e","tag-abt-cupra","tag-anhembi","tag-calendario-fe","tag-calendario-formula-e","tag-classificacao-formula-e","tag-ep-de-sao-paulo","tag-fe","tag-fe-2024","tag-formula-e","tag-formula-e-2024","tag-gen3","tag-grande-premio","tag-grande-premio-f1","tag-grandepremio","tag-onde-assistir-formula-e","tag-porsche","42wp_author-jp-nascimento"],"_links":{"self":[{"href":"https:\/\/grandepremio.com\/br\/wp-json\/wp\/v2\/posts\/84508","targetHints":{"allow":["GET"]}}],"collection":[{"href":"https:\/\/grandepremio.com\/br\/wp-json\/wp\/v2\/posts"}],"about":[{"href":"https:\/\/grandepremio.com\/br\/wp-json\/wp\/v2\/types\/post"}],"replies":[{"embeddable":true,"href":"https:\/\/grandepremio.com\/br\/wp-json\/wp\/v2\/comments?post=84508"}],"version-history":[{"count":0,"href":"https:\/\/grandepremio.com\/br\/wp-json\/wp\/v2\/posts\/84508\/revisions"}],"wp:featuredmedia":[{"embeddable":true,"href":"https:\/\/grandepremio.com\/br\/wp-json\/wp\/v2\/media\/1000773232"}],"wp:attachment":[{"href":"https:\/\/grandepremio.com\/br\/wp-json\/wp\/v2\/media?parent=84508"}],"wp:term":[{"taxonomy":"category","embeddable":true,"href":"https:\/\/grandepremio.com\/br\/wp-json\/wp\/v2\/categories?post=84508"},{"taxonomy":"post_tag","embeddable":true,"href":"https:\/\/grandepremio.com\/br\/wp-json\/wp\/v2\/tags?post=84508"},{"taxonomy":"42wp_author","embeddable":true,"href":"https:\/\/grandepremio.com\/br\/wp-json\/wp\/v2\/42wp_author?post=84508"}],"curies":[{"name":"wp","href":"https:\/\/api.w.org\/{rel}","templated":true}]}}