{"id":8468,"date":"2026-05-25T12:01:46","date_gmt":"2026-05-25T15:01:46","guid":{"rendered":"https:\/\/grandepremio.com\/br\/noticias\/charles-leclerc-respostas-lewis-hamilton-pior-fim-de-semana-carreira-canada\/"},"modified":"2026-05-25T12:20:08","modified_gmt":"2026-05-25T15:20:08","slug":"charles-leclerc-respostas-lewis-hamilton-pior-fim-de-semana-carreira-canada","status":"publish","type":"post","link":"https:\/\/grandepremio.com\/br\/f1\/charles-leclerc-respostas-lewis-hamilton-pior-fim-de-semana-carreira-canada\/","title":{"rendered":"Leclerc busca respostas em Hamilton ap\u00f3s &#8220;pior fim de semana da carreira&#8221; no Canad\u00e1"},"content":{"rendered":"\n<p class=\"wp-block-paragraph\">Sumido ao longo de praticamente todo o fim de semana do <strong>GP do Canad\u00e1<\/strong>, <strong>Charles Leclerc<\/strong> admitiu que teve uma etapa desastrosa em <strong>Montreal<\/strong>. Apesar do <a href=\"https:\/\/www.grandepremio.com\/br\/f1\/noticias\/andrea-kimi-antonelli-quebra-george-russell-gp-do-canada-dispara-f1-gabriel-bortoleto\/\" target=\"_blank\" rel=\"noreferrer noopener\"><strong>quarto lugar<\/strong> na corrida principal<\/a>, que rendeu mais <strong>12 pontos <\/strong>no campeonato, o monegasco disse que nunca chegou a se encontrar com o carro e definiu a experi\u00eancia como &#8220;a pior da carreira na <strong>F\u00f3rmula 1<\/strong>&#8220;. At\u00e9 por isso, planeja buscar respostas no rendimento de <strong>Lewis Hamilton<\/strong>, <strong>segundo <\/strong>colocado.<\/p>\n\n\n\n<p class=\"wp-block-paragraph\">&#8220;N\u00e3o vejo [os pontos] como recompensa, diria que \u00e9 mais por sorte do que um pr\u00eamio pelo meu trabalho. O fim de semana foi um pesadelo para mim, provavelmente o mais dif\u00edcil de toda minha carreira na F1. N\u00e3o tive nenhuma sensa\u00e7\u00e3o com os pneus, da primeira volta do TL1 \u00e0 \u00faltima da corrida. Nas 15 finais, estava 1s mais lento que o ritmo normal apenas para n\u00e3o correr riscos&#8221;, lamentou Leclerc.<\/p>\n\n\n\n<figure class=\"wp-block-embed is-type-video is-provider-youtube wp-block-embed-youtube wp-embed-aspect-16-9 wp-has-aspect-ratio\"><div class=\"wp-block-embed__wrapper\">\n<iframe loading=\"lazy\" title=\"F1: ANTONELLI VENCE, RUSSELL ABANDONA: CLIMA ESQUENTA NO CANAD\u00c1 [Briefing + narra\u00e7\u00e3o]\" width=\"500\" height=\"281\" src=\"https:\/\/www.youtube.com\/embed\/lwfu2jQrFj8?feature=oembed\" frameborder=\"0\" allow=\"accelerometer; autoplay; clipboard-write; encrypted-media; gyroscope; picture-in-picture; web-share\" referrerpolicy=\"strict-origin-when-cross-origin\" allowfullscreen><\/iframe>\n<\/div><\/figure>\n\n\n\n<p class=\"wp-block-paragraph\">&#8220;E, mesmo nessas voltas, ainda tive alguns momentos tensos demais para ficar confort\u00e1vel. Foi incrivelmente dif\u00edcil. O bom \u00e9 que tenho uma grande refer\u00eancia em Lewis, que foi incr\u00edvel e teve uma sensa\u00e7\u00e3o muito boa no carro. Ent\u00e3o, posso analisar e entender o motivo de tanta diferen\u00e7a&#8221;, pontuou.<\/p>\n\n\n\n<p class=\"wp-block-paragraph\">Apesar da an\u00e1lise, Leclerc admitiu que est\u00e1 acostumado ao desconforto no GP do Canad\u00e1. O piloto da Ferrari explicou que as caracter\u00edsticas do <strong>Circuito Gilles Villeneuve<\/strong> n\u00e3o se encaixam com o estilo de pilotagem, o que sempre dificulta a adapta\u00e7\u00e3o \u00e0 pista. Com problemas nos freios e dificuldades de entender os pneus, ent\u00e3o, a situa\u00e7\u00e3o se agravou consideravelmente.<\/p>\n\n\n\n<p class=\"wp-block-paragraph\">&#8220;Montreal \u00e9 uma pista em que, historicamente, n\u00e3o sou particularmente forte. \u00c9 um pouco como Melbourne, simplesmente luto com meu estilo de pilotagem. Sem entrar em muitos detalhes, o ritmo das curvas n\u00e3o se encaixa bem com meu estilo. Se voc\u00ea somar a isso os problemas de freio que tivemos na sexta-feira e os pneus de s\u00e1bado, n\u00e3o \u00e9 como se eu estivesse em uma posi\u00e7\u00e3o muito pior que Lewis&#8221;, disse.<\/p>\n\n\n\n<p class=\"wp-block-paragraph\">&#8220;Mas n\u00e3o tinha nenhuma sensa\u00e7\u00e3o, nenhum ritmo. No primeiro stint, pensei que at\u00e9 poderia haver uma possibilidade de olhar \u00e0 frente e brigar pelo p\u00f3dio. Mas, assim que calcei os pneus m\u00e9dios, [ficou claro que] seria um milagre estar l\u00e1&#8221;, finalizou Leclerc.<\/p>\n\n\n\n<figure class=\"wp-block-image size-large\"><img decoding=\"async\" src=\"https:\/\/www.grandepremio.com\/br\/wp-content\/uploads\/2026\/05\/canada-corrida-f1-2026-ferrari-charles-leclerc-01-1200x800.jpeg\" alt=\"\" class=\"wp-image-1090983\"\/><figcaption class=\"wp-element-caption\">Leclerc vai analisar dados de Hamilton para entender falta de ritmo no Canad\u00e1 (Foto: Reprodu\u00e7\u00e3o\/F1)<\/figcaption><\/figure>\n\n\n\n<p class=\"wp-block-paragraph\">A F\u00f3rmula 1 retorna entre os dias&nbsp;<strong>5 e 7 de junho<\/strong>, com a realiza\u00e7\u00e3o do&nbsp;<strong>GP de M\u00f4naco<\/strong>, sexta etapa da temporada 2026.<\/p>\n\n\n\n<p class=\"wp-block-paragraph\">&nbsp;\u25b6\ufe0f <strong>F1:&nbsp;<a href=\"https:\/\/www.grandepremio.com\/br\/f1\/calendario\/\">confira o calend\u00e1rio completo de 2026<\/a><\/strong><br>&nbsp;\u25b6\ufe0f <strong>Inscreva-se nos dois canais do GRANDE PR\u00caMIO no YouTube:&nbsp;<a href=\"https:\/\/www.youtube.com\/channel\/UC9OlHEgxoaY6QY6nWPoiqQg?sub_confirmation=1\">GP<\/a>&nbsp;|&nbsp;<a href=\"https:\/\/www.youtube.com\/channel\/UC9csiS6q_C3C0FYhyr1rnFA?sub_confirmation=1\">GPTV<\/a><\/strong><\/p>\n\n\n\n<h2 class=\"wp-block-heading\" id=\"h-f1-hoje-saiba-aqui-as-noticias-mais-importantes-do-dia-da-formula-1\"><strong>F1 hoje: saiba aqui as not\u00edcias mais importantes do dia da F\u00f3rmula 1<\/strong><\/h2>\n\n\n\n<p class=\"wp-block-paragraph\">A reda\u00e7\u00e3o do&nbsp;<strong>GRANDE PR\u00caMIO<\/strong>&nbsp;selecionou as not\u00edcias mais importantes das \u00faltimas horas para voc\u00ea ficar por dentro de tudo que acontece na F1.<\/p>\n\n\n\n<p class=\"wp-block-paragraph\">\u25b6\ufe0f <strong><a href=\"https:\/\/www.grandepremio.com\/br\/f1\/noticias\/andrea-kimi-antonelli-se-torna-1o-piloto-f1-vencer-4-primeiros-gps-carreira-forma-seguida\/\">Antonelli se torna 1\u00ba piloto da F1 a vencer 4 primeiros GPs da carreira de forma seguida<\/a><\/strong><br><strong>\u25b6\ufe0f <a href=\"https:\/\/www.grandepremio.com\/br\/f1\/noticias\/andrea-kimi-antonelli-enche-confianca-duelo-contra-george-russell-agora-sei-posso-vence-lo\/\">Antonelli se enche de confian\u00e7a em duelo contra Russell: &#8220;Agora sei que posso venc\u00ea-lo&#8221;<\/a><br>\u25b6\ufe0f<\/strong> <strong><a href=\"https:\/\/www.grandepremio.com\/br\/f1\/noticias\/mercedes-busca-conversa-cogita-puxar-freio-mao-conter-andrea-kimi-antonelli-george-russell\/\">Mercedes busca conversa, mas cogita \u201cpuxar freio de m\u00e3o\u201d para conter Antonelli e Russell<\/a><br>\u25b6\ufe0f<\/strong> <strong><a href=\"https:\/\/www.grandepremio.com\/br\/f1\/noticias\/lewis-hamilton-cita-aduo-elege-motivos-acreditar-ferrari-forte-gp-monaco\/\">Hamilton cita ADUO e elege motivos para acreditar em Ferrari forte no GP de M\u00f4naco<\/a><br>\u25b6\ufe0f<\/strong> <strong><a href=\"https:\/\/www.grandepremio.com\/br\/f1\/noticias\/andrea-kimi-antonelli-evita-falar-titulo-apos-abrir-vantagem-f1-ainda-cedo\/\">Antonelli evita falar em t\u00edtulo ap\u00f3s abrir vantagem na F1: \u201cAinda \u00e9 cedo\u201d<\/a><\/strong><\/p>\n","protected":false},"excerpt":{"rendered":"<p>Longe de Lewis Hamilton em ritmo no GP do Canad\u00e1, Charles Leclerc admitiu que teve um fim de semana para esquecer, possivelmente &#8220;o pior da carreira na F\u00f3rmula 1&#8221;<\/p>\n","protected":false},"author":0,"featured_media":1001091107,"comment_status":"closed","ping_status":"closed","sticky":false,"template":"","format":"standard","meta":{"42wp_featured_image_caption":"","42wp_featured_image_credits":"","42wp_featured_video":"","42wp_featured_image_hidden":false,"42wp_authors_list":[],"footnotes":""},"categories":[2],"tags":[26271,209,5273,147,29516,29148,207,180,31425,28995,14357,1491,28285,30840,87,35129,31470],"42wp_author":[47142],"class_list":["post-8468","post","type-post","status-publish","format-standard","has-post-thumbnail","hentry","category-f1","tag-calendario-f1","tag-charles-leclerc","tag-classificacao-f1","tag-f1","tag-f1-2026","tag-f1-hoje","tag-ferrari","tag-formula-1","tag-formula-1-2026","tag-formula-1-hoje","tag-gp-do-canada","tag-grande-premio","tag-grandepremio","tag-horarios-f1","tag-lewis-hamilton","tag-onde-assistir-f1","tag-temporada-2026-f1","42wp_author-jp-nascimento"],"_links":{"self":[{"href":"https:\/\/grandepremio.com\/br\/wp-json\/wp\/v2\/posts\/8468","targetHints":{"allow":["GET"]}}],"collection":[{"href":"https:\/\/grandepremio.com\/br\/wp-json\/wp\/v2\/posts"}],"about":[{"href":"https:\/\/grandepremio.com\/br\/wp-json\/wp\/v2\/types\/post"}],"replies":[{"embeddable":true,"href":"https:\/\/grandepremio.com\/br\/wp-json\/wp\/v2\/comments?post=8468"}],"version-history":[{"count":0,"href":"https:\/\/grandepremio.com\/br\/wp-json\/wp\/v2\/posts\/8468\/revisions"}],"wp:featuredmedia":[{"embeddable":true,"href":"https:\/\/grandepremio.com\/br\/wp-json\/wp\/v2\/media\/1001091107"}],"wp:attachment":[{"href":"https:\/\/grandepremio.com\/br\/wp-json\/wp\/v2\/media?parent=8468"}],"wp:term":[{"taxonomy":"category","embeddable":true,"href":"https:\/\/grandepremio.com\/br\/wp-json\/wp\/v2\/categories?post=8468"},{"taxonomy":"post_tag","embeddable":true,"href":"https:\/\/grandepremio.com\/br\/wp-json\/wp\/v2\/tags?post=8468"},{"taxonomy":"42wp_author","embeddable":true,"href":"https:\/\/grandepremio.com\/br\/wp-json\/wp\/v2\/42wp_author?post=8468"}],"curies":[{"name":"wp","href":"https:\/\/api.w.org\/{rel}","templated":true}]}}