{"id":84683,"date":"2024-03-16T08:11:24","date_gmt":"2024-03-16T11:11:24","guid":{"rendered":"https:\/\/grandepremio.com\/br\/noticias\/sam-bird-mostra-competitividade-mclaren-lidera-tl2-ep-sao-paulo\/"},"modified":"2024-03-16T08:19:56","modified_gmt":"2024-03-16T11:19:56","slug":"sam-bird-mostra-competitividade-mclaren-lidera-tl2-ep-sao-paulo","status":"publish","type":"post","link":"https:\/\/grandepremio.com\/br\/formula-e\/sam-bird-mostra-competitividade-mclaren-lidera-tl2-ep-sao-paulo\/","title":{"rendered":"Bird mostra competitividade da McLaren e lidera TL2 do eP de S\u00e3o Paulo"},"content":{"rendered":"\n<p class=\"wp-block-paragraph\">A <strong>F\u00f3rmula E<\/strong> iniciou o segundo dia de atividades do <strong>eP de S\u00e3o Paulo<\/strong> bem cedinho neste s\u00e1bado (16) com o segundo treino livre no circuito que fica no <strong>Samb\u00f3dromo do Anhembi<\/strong>. Em uma sess\u00e3o mais conturbada do que a primeira, o brit\u00e2nico <strong>Sam Bird<\/strong> terminou na frente, com o tempo de 1min12s773, seguido pelo pole de 2023, <strong>Stoffel Vandoorne<\/strong>, e pelo pole da \u00faltima prova em Diriyah, <strong>Oliver Rowland<\/strong>.<\/p>\n\n\n\n<p class=\"wp-block-paragraph\">O atual campe\u00e3o <strong>Jake Dennis<\/strong> apareceu logo na sequ\u00eancia, seguido pela dupla da <strong>Porsche<\/strong> com <strong>Pascal Wehrlein<\/strong> e <strong>Ant\u00f3nio F\u00e9lix da Costa<\/strong>. <strong>Nyck de Vries<\/strong> foi o s\u00e9timo, logo \u00e0 frente do brasileiro <strong>S\u00e9rgio Sette C\u00e2mara<\/strong>. Norman Nato e Jehan Daruvala completaram os dez primeiros.<\/p>\n\n\n\n<p class=\"wp-block-paragraph\">Diferentemente de Sette C\u00e2mara, que conseguiu andar na frente, <strong>Lucas di Grassi<\/strong> foi apenas o 18\u00ba colocado na segunda oportunidade de pista da quarta etapa de 2024 da <strong>F\u00f3rmula E<\/strong>.<\/p>\n\n\n\n<p class=\"wp-block-paragraph\"><strong><img decoding=\"async\" src=\"https:\/\/a.slack-edge.com\/production-standard-emoji-assets\/14.0\/google-medium\/25b6-fe0f.png\" alt=\":seta_para_frente:\">&nbsp;Inscreva-se nos dois canais do GRANDE PR\u00caMIO no YouTube:&nbsp;<a href=\"https:\/\/www.youtube.com\/channel\/UC9OlHEgxoaY6QY6nWPoiqQg?sub_confirmation=1\" target=\"_blank\" rel=\"noreferrer noopener\">GP<\/a>&nbsp;|&nbsp;<a href=\"https:\/\/www.youtube.com\/channel\/UC9csiS6q_C3C0FYhyr1rnFA?sub_confirmation=1\" target=\"_blank\" rel=\"noreferrer noopener\">GP2<\/a><\/strong><br><strong><img decoding=\"async\" src=\"https:\/\/a.slack-edge.com\/production-standard-emoji-assets\/14.0\/google-medium\/25b6-fe0f.png\" alt=\":seta_para_frente:\">&nbsp;<a href=\"https:\/\/www.twitch.tv\/grandepremio\" target=\"_blank\" rel=\"noreferrer noopener\">Conhe\u00e7a o canal do GRANDE PR\u00caMIO na Twitch clicando aqui!<\/a><\/strong><\/p>\n\n\n\n<figure class=\"wp-block-image size-full\"><img decoding=\"async\" src=\"https:\/\/www.grandepremio.com\/br\/wp-content\/uploads\/2024\/03\/GIyOK-qWIAAlLo4.jpeg\" alt=\"\" class=\"wp-image-788800\"\/><figcaption class=\"wp-element-caption\">Edoardo Mortara teve problemas no TL2 (Foto: Mahindra)<\/figcaption><\/figure>\n\n\n\n<p class=\"wp-block-paragraph\">O segundo treino livre ficou marcado por uma bandeira vermelha nos minutos finais. <strong>Edoardo Mortara<\/strong> teve problemas em sua <strong>Mahindra<\/strong> e precisou ser resgatado da pista ap\u00f3s estacionar na sa\u00edda da curva 3. <strong>Mitch Evans<\/strong> tamb\u00e9m foi outro que teve problemas, com a <strong>Jaguar<\/strong> investigando uma falha no eixo de transmiss\u00e3o dianteiro do carro #9.<\/p>\n\n\n\n<p class=\"wp-block-paragraph\">O GRANDE PR\u00caMIO cobre o&nbsp;<strong>eP de&nbsp;<a href=\"https:\/\/www.grandepremio.com\/br\/circuito\/sao-paulo\/\" target=\"_blank\" rel=\"noreferrer noopener\"><\/a><a href=\"https:\/\/www.grandepremio.com\/br\/circuito\/sao-paulo\/\" target=\"_blank\" rel=\"noreferrer noopener\"><\/a><a href=\"https:\/\/www.grandepremio.com\/br\/circuito\/sao-paulo\/\" target=\"_blank\" rel=\"noreferrer noopener\">S\u00e3o Paulo<\/a><\/strong>&nbsp;\u2018<strong>in loco<\/strong>\u2018 e com grande equipe ao longo do fim de semana. No s\u00e1bado, o segundo treino livre come\u00e7a \u00e0s 7h15, seguido pela classifica\u00e7\u00e3o a partir das 9h. A transmiss\u00e3o da corrida come\u00e7a \u00e0s 13h. O&nbsp;<strong>GP<\/strong>&nbsp;\u00e9 emissora oficial da&nbsp;<strong><a href=\"https:\/\/www.grandepremio.com\/br\/formula-e\/\" target=\"_blank\" rel=\"noreferrer noopener\">F\u00f3rmula E<\/a><\/strong>&nbsp;no Brasil e transmite todas as atividades de pista&nbsp;<strong>AO VIVO e COM IMAGENS<\/strong>&nbsp;no&nbsp;<strong><a href=\"https:\/\/www.youtube.com\/c\/GrandePremioTV\" target=\"_blank\" rel=\"noreferrer noopener\">YouTube<\/a><\/strong>&nbsp;e no&nbsp;<strong><a href=\"https:\/\/m.kwai.com\/user\/@grandepremio\" target=\"_blank\" rel=\"noreferrer noopener\">Kwai<\/a><\/strong>.<\/p>\n\n\n\n<h2 class=\"wp-block-heading\" id=\"h-saiba-como-foi-o-tl2-em-sao-paulo\">Saiba como foi o TL2 em S\u00e3o Paulo:<\/h2>\n\n\n\n<p class=\"wp-block-paragraph\">A bandeira verde foi dada \u00e0s 7h30 e os pilotos rapidamente tomaram a pista no Anhembi na manh\u00e3 de S\u00e3o Paulo. Enquanto os pilotos anotavam suas primeiras voltas, <a href=\"https:\/\/www.grandepremio.com\/br\/formula-e\/noticias\/mitch-evans-mantem-reinado-lidera-1-2-jaguar-tl1-formula-e-sao-paulo\/\">o l\u00edder do primeiro treino livre<\/a>, <strong>Mitch Evans<\/strong>, relatava problemas na parte dianteira de sua <strong>Jaguar<\/strong> e rapidamente voltou aos boxes.<\/p>\n\n\n\n<p class=\"wp-block-paragraph\">Com os primeiros tempos marcados, <strong>Pascal Wehrlein<\/strong> era o l\u00edder, com <strong>Jean-\u00c9ric Vergne <\/strong>em segundo e <strong>Sam Bird <\/strong>em terceiro. Enquanto isso, a Jaguar seguia trabalhando no eixo dianteiro direito de Evans em busca de colocar o neozeland\u00eas de volta na pista.<\/p>\n\n\n\n<p class=\"wp-block-paragraph\">Se Mitch n\u00e3o estava tendo uma de suas melhores manh\u00e3s, seus companheiros de Jaguar e <strong>Envision<\/strong> pularam para a ponta, com <strong>Nick Cassidy<\/strong> em primeiro e <strong>Robin Frijns<\/strong> logo atr\u00e1s, mas foi superado por Nico M\u00fcller logo em seguida.<\/p>\n\n\n\n<p class=\"wp-block-paragraph\">Com dez minutos de sess\u00e3o passados, o restante do top-10 era composto por Wehrlein, Jehan Daruvala, Bird, <strong>S\u00e9bastien Buemi<\/strong>, Vergne, <strong>Stoffel Vandoorne<\/strong> e <strong>Jake Hughes<\/strong>.<\/p>\n\n\n\n<figure class=\"wp-block-image size-large\"><img decoding=\"async\" src=\"https:\/\/www.grandepremio.com\/br\/wp-content\/uploads\/2024\/03\/GIwHJmVXkAAYyo8-1024x671.jpeg\" alt=\"\" class=\"wp-image-788792\"\/><figcaption class=\"wp-element-caption\">Jean-\u00c9ric Vergne (Foto: DS Penske)<\/figcaption><\/figure>\n\n\n\n<p class=\"wp-block-paragraph\"><strong>Maximilian G\u00fcnther<\/strong> assumiu brevemente a ponta com a <strong>Maseratti<\/strong>, mas logo foi demovido da lideran\u00e7a pela <strong>Andretti<\/strong> de <strong>Norman Nato<\/strong>, com o franc\u00eas marcando o tempo de 1min13s173. Logo em seguida, Wehrlein reassumiu a primeira posi\u00e7\u00e3o.<\/p>\n\n\n\n<p class=\"wp-block-paragraph\">A partir do meio da sess\u00e3o, os pilotos come\u00e7aram a cravar voltas r\u00e1pidas e os tempos ca\u00edram drasticamente. Os carros com trem de for\u00e7a da <strong>Porsche<\/strong> passaram a dominar a classifica\u00e7\u00e3o, com o atual campe\u00e3o <strong>Jake Dennis<\/strong> assumindo a lideran\u00e7a, seguido por Wehrlein, <strong>Ant\u00f3nio F\u00e9lix da Costa<\/strong> e Nato.<\/p>\n\n\n\n<p class=\"wp-block-paragraph\">Com dez minutos restantes, foi a vez de Vandoorne assumir a primeira posi\u00e7\u00e3o, seguido por Dennis, Wehrlein, Da Costa, Nyck de Vries, Nato, Cassidy, Bird, Buemi e Sacha Fenestraz. Evans finalmente conseguiu ir para a pista, mas ocupava a \u00faltima posi\u00e7\u00e3o.<\/p>\n\n\n\n<figure class=\"wp-block-image size-large\"><img decoding=\"async\" src=\"https:\/\/www.grandepremio.com\/br\/wp-content\/uploads\/2024\/03\/GIvgw7iWcAAiXIs-1024x683.jpeg\" alt=\"\" class=\"wp-image-788796\"\/><figcaption class=\"wp-element-caption\">Pascal Wehrlein e Ant\u00f3nio F\u00e9lix da Costa (Foto: Porsche)<\/figcaption><\/figure>\n\n\n\n<p class=\"wp-block-paragraph\">Logo em seguida, a dire\u00e7\u00e3o de prova acionou a bandeira amarela na curva 3 por conta de <strong>Edoardo Mortara<\/strong>, que passou reto na primeira curva e acabou tendo que parar sua <strong>Mahindra<\/strong> no meio da pista. Mesmo assim, Bird conseguiu anotar a melhor volta do treino com 1min12s773.<\/p>\n\n\n\n<p class=\"wp-block-paragraph\">Ap\u00f3s ficar mais de dois minutos parados na pista, a bandeira vermelha finalmente foi acionada para a retirada do carro de Mortara. A pista foi novamente liberada com apenas um minuto restante e todos os carros, com exce\u00e7\u00e3o de Edoardo, rapidamente tomaram a reta do Samb\u00f3dromo, mas sem oportunidade para melhora dos tempos.<\/p>\n\n\n\n<p class=\"wp-block-paragraph\">Assim, Bird encerrou a segunda sess\u00e3o na lideran\u00e7a, com Vandoorne no segundo posto e <strong>Oliver Rowland<\/strong> em terceiro com a <strong>Nissan<\/strong>. <\/p>\n\n\n\n<p class=\"wp-block-paragraph\">F\u00f3rmula E 2024, eP de S\u00e3o Paulo, TL2, Resultado Final:<\/p>\n\n\n\n<figure class=\"wp-block-table\"><table><tbody><tr><td>Pos.<\/td><td>Piloto<\/td><td>Equipe<\/td><td>Tempo<\/td><\/tr><tr><td>1<\/td><td>S BIRD<\/td><td>McLaren<\/td><td>1:12.773<\/td><\/tr><tr><td>2<\/td><td>S VANDOORNE<\/td><td>DS Penske<\/td><td>1:12.872<\/td><\/tr><tr><td>3<\/td><td>O ROWLAND<\/td><td>Nissan<\/td><td>1:12.937<\/td><\/tr><tr><td>4<\/td><td>J DENNIS<\/td><td>Andretti<\/td><td>1:12.943<\/td><\/tr><tr><td>5<\/td><td>P WEHRLEIN<\/td><td>Porsche<\/td><td>1:13.001<\/td><\/tr><tr><td>6<\/td><td>A.F DA COSTA<\/td><td>Porsche<\/td><td>1:13.003<\/td><\/tr><tr><td>7<\/td><td>N DE VRIES<\/td><td>Mahindra<\/td><td>1:13.093<\/td><\/tr><tr><td>8<\/td><td>S. SETTE C\u00c2MARA<\/td><td>ERT<\/td><td>1:13.125<\/td><\/tr><tr><td>9<\/td><td>N NATO<\/td><td>Andretti<\/td><td>1:13.173<\/td><\/tr><tr><td>10<\/td><td>J DARUVALA<\/td><td>Maserati<\/td><td>1:13.225<\/td><\/tr><tr><td>11<\/td><td>S FENESTRAZ<\/td><td>Nissan<\/td><td>1:13.279<\/td><\/tr><tr><td>12<\/td><td>N CASSIDY<\/td><td>Jaguar<\/td><td>1:13.517<\/td><\/tr><tr><td>13<\/td><td>R FRIJNS<\/td><td>Envision<\/td><td>1:13.567<\/td><\/tr><tr><td>14<\/td><td>S BUEMI<\/td><td>Envision<\/td><td>1:13.701<\/td><\/tr><tr><td>15<\/td><td>M G\u00dcNTHER<\/td><td>Maserati<\/td><td>1:13.807<\/td><\/tr><tr><td>16<\/td><td>N M\u00dcLLER<\/td><td>Abt Cupra<\/td><td>1:13.823<\/td><\/tr><tr><td>17<\/td><td>E MORTARA<\/td><td>Mahindra<\/td><td>1:13,877<\/td><\/tr><tr><td>18<\/td><td>L DI GRASSI<\/td><td>Abt Cupra<\/td><td>1:13.963<\/td><\/tr><tr><td>19<\/td><td>J HUGHES<\/td><td>McLaren<\/td><td>1:13.979<\/td><\/tr><tr><td>20<\/td><td>J.E VERGNE<\/td><td>DS Penske<\/td><td>1:14.107<\/td><\/tr><tr><td>21<\/td><td>D TICKTUM<\/td><td>ERT<\/td><td>1:14.171<\/td><\/tr><tr><td>22<\/td><td>M EVANS<\/td><td>Jaguar<\/td><td>1:14.349<\/td><\/tr><\/tbody><\/table><\/figure>\n\n\n\n<figure class=\"wp-block-embed is-type-video is-provider-youtube wp-block-embed-youtube wp-embed-aspect-4-3 wp-has-aspect-ratio\"><div class=\"wp-block-embed__wrapper\">\n<iframe loading=\"lazy\" title=\"F\u00d3RMULA E 2024 - eP DE S\u00c3O PAULO | 4\u00aa etapa | Treino Livre 2\" width=\"500\" height=\"281\" src=\"https:\/\/www.youtube.com\/embed\/fg2xhPGRffU?feature=oembed\" frameborder=\"0\" allow=\"accelerometer; autoplay; clipboard-write; encrypted-media; gyroscope; picture-in-picture; web-share\" referrerpolicy=\"strict-origin-when-cross-origin\" allowfullscreen><\/iframe>\n<\/div><\/figure>\n","protected":false},"excerpt":{"rendered":"<p>O segundo treino livre em S\u00e3o Paulo terminou com a lideran\u00e7a do veterano Sam Bird, da McLaren. A sess\u00e3o tamb\u00e9m entregou problemas para Mitch Evans e Edoardo Mortara na pista no Anhembi<\/p>\n","protected":false},"author":0,"featured_media":1000788797,"comment_status":"closed","ping_status":"closed","sticky":false,"template":"","format":"standard","meta":{"42wp_featured_image_caption":"","42wp_featured_image_credits":"","42wp_featured_video":"","42wp_featured_image_hidden":false,"42wp_authors_list":[],"footnotes":""},"categories":[19],"tags":[34133,37542,37543,2311,37743,37744,5660,26410,37762,38618,22347,31465,949,38616,31468,38617,31479,35967,34647,32736,37545,33841,32735,37745,5244,910,1172,90,909,894,965,976,967,975],"42wp_author":[47144],"class_list":["post-84683","post","type-post","status-publish","format-standard","has-post-thumbnail","hentry","category-formula-e","tag-assistir-formula-e-ao-vivo","tag-assistir-formula-e-gratis","tag-assistir-formula-e-online","tag-bandeira-vermelha","tag-calendario-formula-e-2024","tag-calendario-formula-e-2024-horarios","tag-classificacao","tag-classificacao-da-formula-e","tag-classificacao-formula-e-2024","tag-cupom-grande-premio","tag-desconto","tag-ds-penske","tag-edoardo-mortara","tag-ep-da-brasileiro","tag-ep-de-sao-paulo","tag-eprix-brasil","tag-eprix-de-sao-paulo","tag-formula-e-2024","tag-formula-e-ao-vivo","tag-formula-e-brasil","tag-formula-e-live","tag-formula-e-no-grande-premio","tag-formula-e-sao-paulo","tag-formula-e-tv-2024","tag-ingressos","tag-jaguar","tag-mahindra","tag-mclaren","tag-mitch-evans","tag-nissan","tag-oliver-rowland","tag-sam-bird","tag-stoffel-vandoorne","tag-treino-livre","42wp_author-andre-netto"],"_links":{"self":[{"href":"https:\/\/grandepremio.com\/br\/wp-json\/wp\/v2\/posts\/84683","targetHints":{"allow":["GET"]}}],"collection":[{"href":"https:\/\/grandepremio.com\/br\/wp-json\/wp\/v2\/posts"}],"about":[{"href":"https:\/\/grandepremio.com\/br\/wp-json\/wp\/v2\/types\/post"}],"replies":[{"embeddable":true,"href":"https:\/\/grandepremio.com\/br\/wp-json\/wp\/v2\/comments?post=84683"}],"version-history":[{"count":0,"href":"https:\/\/grandepremio.com\/br\/wp-json\/wp\/v2\/posts\/84683\/revisions"}],"wp:featuredmedia":[{"embeddable":true,"href":"https:\/\/grandepremio.com\/br\/wp-json\/wp\/v2\/media\/1000788797"}],"wp:attachment":[{"href":"https:\/\/grandepremio.com\/br\/wp-json\/wp\/v2\/media?parent=84683"}],"wp:term":[{"taxonomy":"category","embeddable":true,"href":"https:\/\/grandepremio.com\/br\/wp-json\/wp\/v2\/categories?post=84683"},{"taxonomy":"post_tag","embeddable":true,"href":"https:\/\/grandepremio.com\/br\/wp-json\/wp\/v2\/tags?post=84683"},{"taxonomy":"42wp_author","embeddable":true,"href":"https:\/\/grandepremio.com\/br\/wp-json\/wp\/v2\/42wp_author?post=84683"}],"curies":[{"name":"wp","href":"https:\/\/api.w.org\/{rel}","templated":true}]}}