{"id":84762,"date":"2024-03-15T05:00:00","date_gmt":"2024-03-15T08:00:00","guid":{"rendered":"https:\/\/grandepremio.com\/br\/noticias\/sergio-sette-camara-cobra-firma-apos-problema-mexico-questiona-se-fosse-200-kmh-formula-e\/"},"modified":"2024-03-15T17:48:14","modified_gmt":"2024-03-15T20:48:14","slug":"sergio-sette-camara-cobra-firma-apos-problema-mexico-questiona-se-fosse-200-kmh-formula-e","status":"publish","type":"post","link":"https:\/\/grandepremio.com\/br\/formula-e\/sergio-sette-camara-cobra-firma-apos-problema-mexico-questiona-se-fosse-200-kmh-formula-e\/","title":{"rendered":"Sette C\u00e2mara cobra firme ap\u00f3s problema no M\u00e9xico e questiona: &#8220;E se fosse a 200 km\/h?&#8221;"},"content":{"rendered":"\n<p class=\"wp-block-paragraph\">A falta de explica\u00e7\u00f5es em rela\u00e7\u00e3o \u00e0 falha mec\u00e2nica no carro da <strong>ERT<\/strong> que impediu <strong>S\u00e9rgio Sette C\u00e2mara<\/strong> de largar no <strong>eP da Cidade do M\u00e9xico<\/strong>, a etapa de abertura da temporada 2024 da <strong>F\u00f3rmula E<\/strong>, continua incomodando o piloto brasileiro. Em entrevista exclusiva ao <strong>GRANDE PR\u00caMIO<\/strong> durante a tarde desta quinta-feira (14), no <strong>Samb\u00f3dromo do Anhembi<\/strong>, palco do <strong>eP de S\u00e3o Paulo<\/strong>, o mineiro cobrou uma resposta da <strong>F\u00f3rmula E<\/strong> e da <strong>Williams Advanced Engineering<\/strong> (<strong>WAE<\/strong>), fornecedora das baterias.<\/p>\n\n\n\n<p class=\"wp-block-paragraph\">Na ocasi\u00e3o, logo antes de come\u00e7ar a corrida, Sette C\u00e2mara explicou que <a href=\"https:\/\/www.grandepremio.com\/br\/formula-e\/noticias\/sergio-sette-camara-explosao-carro-ert-nao-largar-mexico-muita-fumaca\/\">ouviu um estouro na parte traseira do carro<\/a> \u2014 local de instala\u00e7\u00e3o de um dos trens de for\u00e7a \u2014 e, logo em seguida, o monoposto come\u00e7ou a expelir fuma\u00e7a. Sem conseguir identificar o problema, a equipe retirou o equipamento da pista e deu in\u00edcio \u00e0s investiga\u00e7\u00f5es.<\/p>\n\n\n\n<p class=\"wp-block-paragraph\">Chateado com a falta de respostas e preocupado com poss\u00edveis danos \u00e0 sa\u00fade que epis\u00f3dios assim podem causar, S\u00e9rgio refor\u00e7ou a cobran\u00e7a aos \u00f3rg\u00e3os respons\u00e1veis pela investiga\u00e7\u00e3o quando foi questionado pelo assunto na tarde de hoje.<\/p>\n\n\n\n<p class=\"wp-block-paragraph\">&#8220;N\u00e3o tive uma explica\u00e7\u00e3o ainda&#8221;, contou ao <strong>GRANDE PR\u00caMIO<\/strong>. &#8220;Na verdade, \u00e9 at\u00e9 uma coisa que me chateia bastante, porque \u00e9 uma preocupa\u00e7\u00e3o que eu tenho com a sa\u00fade, por estar respirando essa fuma\u00e7a, que acho que \u00e9 um neg\u00f3cio que ningu\u00e9m quer estar respirando&#8221;, disse o piloto de 25 anos.<\/p>\n\n\n\n<figure class=\"wp-block-image size-large\"><img decoding=\"async\" src=\"https:\/\/www.grandepremio.com\/br\/wp-content\/uploads\/2024\/01\/EPS1002_152956SB1_3374-2048x2048-1-1024x683.jpg\" alt=\"\" class=\"wp-image-773221\"\/><figcaption class=\"wp-element-caption\">Sette C\u00e2mara ainda busca explica\u00e7\u00f5es para causa do problema no eP da Cidade do M\u00e9xico (Foto: F\u00f3rmula E)<\/figcaption><\/figure>\n\n\n\n<p class=\"wp-block-paragraph\"><strong><img decoding=\"async\" src=\"https:\/\/a.slack-edge.com\/production-standard-emoji-assets\/14.0\/google-medium\/25b6-fe0f.png\" alt=\":seta_para_frente:\">&nbsp;Inscreva-se nos dois canais do GRANDE PR\u00caMIO no YouTube:&nbsp;<a href=\"https:\/\/www.youtube.com\/channel\/UC9OlHEgxoaY6QY6nWPoiqQg?sub_confirmation=1\" target=\"_blank\" rel=\"noreferrer noopener\">GP<\/a>&nbsp;|&nbsp;<a href=\"https:\/\/www.youtube.com\/channel\/UC9csiS6q_C3C0FYhyr1rnFA?sub_confirmation=1\" target=\"_blank\" rel=\"noreferrer noopener\">GP2<\/a><\/strong><br><strong><img decoding=\"async\" src=\"https:\/\/a.slack-edge.com\/production-standard-emoji-assets\/14.0\/google-medium\/25b6-fe0f.png\" alt=\":seta_para_frente:\">&nbsp;<a href=\"https:\/\/www.twitch.tv\/grandepremio\" target=\"_blank\" rel=\"noreferrer noopener\">Conhe\u00e7a o canal do GRANDE PR\u00caMIO na Twitch clicando aqui!<\/a><\/strong><\/p>\n\n\n\n<p class=\"wp-block-paragraph\">&#8220;Querendo ou n\u00e3o, a gente \u00e9 pioneiro aqui numa tecnologia. N\u00e3o sabemos direito o que tem a\u00ed. Eu n\u00e3o sei, pelo menos. Gostaria de ter tido uma explica\u00e7\u00e3o mais transparente do campeonato, dos fornecedores da bateria e \u00e9 algo que eu ainda estou cobrando deles e n\u00e3o vou deixar de cobrar at\u00e9 ter essa resposta&#8221;, garantiu.<\/p>\n\n\n\n<p class=\"wp-block-paragraph\">Por fim, o dono do carro <strong>#3<\/strong> agradeceu por nada de pior ter acontecido e afirmou que, caso a fornecedora de baterias n\u00e3o apresente respostas e uma solu\u00e7\u00e3o, \u00e9 &#8220;quest\u00e3o de tempo&#8221; para que o epis\u00f3dio se repita.<\/p>\n\n\n\n<p class=\"wp-block-paragraph\">&#8220;Gra\u00e7as a Deus n\u00e3o aconteceu durante a corrida. Queria saber, se eu tivesse a 200 km\/h e tivesse acontecido aquilo, qual que seriam as consequ\u00eancias, sabe? Mas, enfim, gra\u00e7as a Deus aconteceu com o carro andando devagar, indo para o grid, e espero que n\u00e3o volte a acontecer com mais ningu\u00e9m&#8221;, sublinhou Sette C\u00e2mara. <\/p>\n\n\n\n<p class=\"wp-block-paragraph\">&#8220;O importante \u00e9 a Williams Engineering realmente entender o que est\u00e1 por tr\u00e1s do problema, para que n\u00e3o aconte\u00e7a, porque sen\u00e3o vai voltar a acontecer. \u00c9 uma quest\u00e3o de tempo, n\u00e9?&#8221;, finalizou.<\/p>\n\n\n\n<p class=\"wp-block-paragraph\">O GRANDE PR\u00caMIO cobre o <strong>eP de&nbsp;<a href=\"https:\/\/www.grandepremio.com\/br\/circuito\/sao-paulo\/\" target=\"_blank\" rel=\"noreferrer noopener\">S\u00e3o Paulo<\/a><\/strong> \u2018<strong>in loco<\/strong>\u2018 e com grande equipe ao longo do fim de semana. Nesta sexta-feira, 15 de mar\u00e7o, o primeiro treino livre est\u00e1 marcado para as 16h15 (de Bras\u00edlia, GMT-3). O&nbsp;<strong>GP<\/strong>&nbsp;\u00e9 emissora oficial da&nbsp;<strong><a href=\"https:\/\/www.grandepremio.com\/br\/formula-e\/\" target=\"_blank\" rel=\"noreferrer noopener\">F\u00f3rmula E<\/a><\/strong>&nbsp;no Brasil e transmite todas as atividades de pista&nbsp;<strong>AO VIVO e COM IMAGENS<\/strong>&nbsp;no&nbsp;<strong><a href=\"https:\/\/www.youtube.com\/c\/GrandePremioTV\" target=\"_blank\" rel=\"noreferrer noopener\">YouTube<\/a><\/strong>&nbsp;e no&nbsp;<strong><a href=\"https:\/\/m.kwai.com\/user\/@grandepremio\" target=\"_blank\" rel=\"noreferrer noopener\">Kwai<\/a><\/strong>.<\/p>\n\n\n\n<figure class=\"wp-block-embed is-type-video is-provider-youtube wp-block-embed-youtube wp-embed-aspect-16-9 wp-has-aspect-ratio\"><div class=\"wp-block-embed__wrapper\">\n<iframe loading=\"lazy\" title=\"F\u00d3RMULA E CHEGA NO BRASIL + BEARMAN BRILHA E RED BULL ARDE NA F1 2024 | TTGP #127\" width=\"500\" height=\"281\" src=\"https:\/\/www.youtube.com\/embed\/cKXl03vRAWY?feature=oembed\" frameborder=\"0\" allow=\"accelerometer; autoplay; clipboard-write; encrypted-media; gyroscope; picture-in-picture; web-share\" referrerpolicy=\"strict-origin-when-cross-origin\" allowfullscreen><\/iframe>\n<\/div><figcaption class=\"wp-element-caption\">F\u00d3RMULA E CHEGA NO BRASIL + BEARMAN BRILHA E RED BULL ARDE NA F1 2024 | TTGP&nbsp;<a href=\"https:\/\/www.youtube.com\/hashtag\/127\">#127<\/a><\/figcaption><\/figure>\n","protected":false},"excerpt":{"rendered":"<p>Em entrevista exclusiva ao GRANDE PR\u00caMIO, S\u00e9rgio Sette C\u00e2mara voltou a cobrar explica\u00e7\u00f5es em rela\u00e7\u00e3o \u00e0 falha no carro durante eP da Cidade do M\u00e9xico, no in\u00edcio de janeiro<\/p>\n","protected":false},"author":0,"featured_media":1000788358,"comment_status":"closed","ping_status":"closed","sticky":false,"template":"","format":"standard","meta":{"42wp_featured_image_caption":"","42wp_featured_image_credits":"","42wp_featured_video":"","42wp_featured_image_hidden":false,"42wp_authors_list":[],"footnotes":""},"categories":[19],"tags":[34133,37542,37543,37743,37744,5660,26410,37762,38618,22347,38616,31468,38617,31479,36858,35967,34647,32736,37545,33841,32735,37745,5244,1025],"42wp_author":[47142,47160],"class_list":["post-84762","post","type-post","status-publish","format-standard","has-post-thumbnail","hentry","category-formula-e","tag-assistir-formula-e-ao-vivo","tag-assistir-formula-e-gratis","tag-assistir-formula-e-online","tag-calendario-formula-e-2024","tag-calendario-formula-e-2024-horarios","tag-classificacao","tag-classificacao-da-formula-e","tag-classificacao-formula-e-2024","tag-cupom-grande-premio","tag-desconto","tag-ep-da-brasileiro","tag-ep-de-sao-paulo","tag-eprix-brasil","tag-eprix-de-sao-paulo","tag-ert","tag-formula-e-2024","tag-formula-e-ao-vivo","tag-formula-e-brasil","tag-formula-e-live","tag-formula-e-no-grande-premio","tag-formula-e-sao-paulo","tag-formula-e-tv-2024","tag-ingressos","tag-sergio-sette-camara","42wp_author-jp-nascimento","42wp_author-vicente-soella"],"_links":{"self":[{"href":"https:\/\/grandepremio.com\/br\/wp-json\/wp\/v2\/posts\/84762","targetHints":{"allow":["GET"]}}],"collection":[{"href":"https:\/\/grandepremio.com\/br\/wp-json\/wp\/v2\/posts"}],"about":[{"href":"https:\/\/grandepremio.com\/br\/wp-json\/wp\/v2\/types\/post"}],"replies":[{"embeddable":true,"href":"https:\/\/grandepremio.com\/br\/wp-json\/wp\/v2\/comments?post=84762"}],"version-history":[{"count":0,"href":"https:\/\/grandepremio.com\/br\/wp-json\/wp\/v2\/posts\/84762\/revisions"}],"wp:featuredmedia":[{"embeddable":true,"href":"https:\/\/grandepremio.com\/br\/wp-json\/wp\/v2\/media\/1000788358"}],"wp:attachment":[{"href":"https:\/\/grandepremio.com\/br\/wp-json\/wp\/v2\/media?parent=84762"}],"wp:term":[{"taxonomy":"category","embeddable":true,"href":"https:\/\/grandepremio.com\/br\/wp-json\/wp\/v2\/categories?post=84762"},{"taxonomy":"post_tag","embeddable":true,"href":"https:\/\/grandepremio.com\/br\/wp-json\/wp\/v2\/tags?post=84762"},{"taxonomy":"42wp_author","embeddable":true,"href":"https:\/\/grandepremio.com\/br\/wp-json\/wp\/v2\/42wp_author?post=84762"}],"curies":[{"name":"wp","href":"https:\/\/api.w.org\/{rel}","templated":true}]}}