{"id":84808,"date":"2024-03-14T13:31:51","date_gmt":"2024-03-14T16:31:51","guid":{"rendered":"https:\/\/grandepremio.com\/br\/noticias\/daniil-kvyat-disputa-etapa-xfinity-series-circuito-das-americas-competicao-bem-diferente\/"},"modified":"2024-03-14T13:34:19","modified_gmt":"2024-03-14T16:34:19","slug":"daniil-kvyat-disputa-etapa-xfinity-series-circuito-das-americas-competicao-bem-diferente","status":"publish","type":"post","link":"https:\/\/grandepremio.com\/br\/nascar\/daniil-kvyat-disputa-etapa-xfinity-series-circuito-das-americas-competicao-bem-diferente\/","title":{"rendered":"Kvyat disputa etapa da Xfinity Series em Austin: &#8220;Competi\u00e7\u00e3o bem diferente&#8221;"},"content":{"rendered":"\n<p class=\"wp-block-paragraph\">Ex-<strong>F\u00f3rmula 1<\/strong>, <strong>Daniil Kvyat<\/strong> est\u00e1 confirmado para a disputa da etapa do <strong>Circuito das Am\u00e9ricas<\/strong> da <strong><a href=\"https:\/\/www.grandepremio.com\/br\/nascar\/\">Nascar<\/a> Xfinity Series<\/strong>, marcada para o dia <strong>23 de mar\u00e7o<\/strong>. O russo de 29 anos correr\u00e1 com o <strong>Camaro<\/strong> #07 da <strong>SS-Greenlight<\/strong> na segunda categoria da Nascar e ser\u00e1 companheiro de equipe de <strong>Shane van Gisbergen<\/strong>, tricampe\u00e3o da <strong>Superscars V8<\/strong> <strong>australiana<\/strong>.<\/p>\n\n\n\n<p class=\"wp-block-paragraph\">Atualmente no <strong>Mundial de Endurance [WEC]<\/strong> pilotando o <a href=\"https:\/\/www.grandepremio.com\/br\/endurance\/noticias\/lamborghini-oficializa-trios-2024-daniil-kvyat-wec-romain-grosjean-sportscar\">hypercar da <strong>Lamborghini<\/strong><\/a>, Kvyat far\u00e1 em <strong>Austin<\/strong> a segunda corrida na Xfinity Series. Sua estreia foi em 2022, quando correu a etapa do <strong>roval de Charlotte<\/strong> e terminou na 15\u00aa coloca\u00e7\u00e3o. Ao todo, esta ser\u00e1 sua quinta participa\u00e7\u00e3o em competi\u00e7\u00f5es da Nascar, visto que ele fez outras tr\u00eas corridas pela Cup Series tamb\u00e9m em 2022.<\/p>\n\n\n\n<p class=\"wp-block-paragraph\">\u201cEstou empolgado por voltar \u00e0 Nascar. Me diverti muito nas corridas anteriores, com um formato de competi\u00e7\u00e3o bem diferente da F\u00f3rmula 1 e do WEC\u201d, declarou.<\/p>\n\n\n\n<p class=\"wp-block-paragraph\">\u201cEstou de olho, de maneira especial, em correr no Circuito das Am\u00e9ricas. J\u00e1 estive l\u00e1 andando de F\u00f3rmula 1, ent\u00e3o vai ser interessante experimentar a pista com o Camaro\u201d, completou.<\/p>\n\n\n\n<figure class=\"wp-block-image size-large\"><img decoding=\"async\" src=\"https:\/\/www.grandepremio.com\/br\/wp-content\/uploads\/2022\/10\/Fd7BSe7WYAEc-_T-1024x719.jpg\" alt=\"\" class=\"wp-image-620525\"\/><figcaption class=\"wp-element-caption\">Daniil Kvyat durante sua prepara\u00e7\u00e3o para correr na Nascar em 2022 (Foto: Reprodu\u00e7\u00e3o\/Twitter)<\/figcaption><\/figure>\n\n\n\n<p class=\"wp-block-paragraph\"><strong>Bobby Dotter<\/strong>, propriet\u00e1rio da SS-Greenlight, ressaltou as qualidades de Kvyat e destacou o fato de ser um piloto com experi\u00eancia na F\u00f3rmula 1.<\/p>\n\n\n\n<p class=\"wp-block-paragraph\">\u201cEstou orgulhoso por ter Daniil no #07 no Circuito das Am\u00e9ricas. Voc\u00ea n\u00e3o pode esperar nada melhor do que ter um ex-piloto da F\u00f3rmula 1 andando em um circuito misto. \u00c9 um grande competidor, mas tamb\u00e9m um \u00f3timo parceiro para nosso time. Ele esteve todos os dias que pode na garagem em Charlotte para nos ajudar a deixar o carro pronto e conhecer melhor a equipe. Ansioso para ver o que ele poder\u00e1 fazer na pista\u201d, finalizou.<\/p>\n\n\n\n<p class=\"wp-block-paragraph\">Kvyat \u00e9 mais conhecido pela passagem entre 2014 e 2020 pela F\u00f3rmula 1. Representando as equipes <strong>Toro Rosso, Red Bull e AlphaTauri<\/strong>, o russo largou em 110 ocasi\u00f5es, somando tr\u00eas p\u00f3dios.<\/p>\n\n\n\n<p class=\"wp-block-paragraph\"><a href=\"https:\/\/www.twitch.tv\/grandepremio\" target=\"_blank\" rel=\"noreferrer noopener\"><strong>Conhe\u00e7a o canal do GRANDE PR\u00caMIO na Twitch clicando aqui!<\/strong><\/a><br>Inscreva-se nos dois canais do&nbsp;<strong>GRANDE PR\u00caMIO<\/strong>&nbsp;no&nbsp;<strong>YouTube<\/strong>:&nbsp;<a href=\"https:\/\/www.youtube.com\/channel\/UC9OlHEgxoaY6QY6nWPoiqQg?sub_confirmation=1\" target=\"_blank\" rel=\"noreferrer noopener\">GP<\/a>&nbsp;|&nbsp;<a href=\"https:\/\/www.youtube.com\/channel\/UC9csiS6q_C3C0FYhyr1rnFA?sub_confirmation=1\" target=\"_blank\" rel=\"noreferrer noopener\">GP2<\/a><\/p>\n\n\n\n<p class=\"wp-block-paragraph\">A&nbsp;<strong>Nascar<\/strong>&nbsp;Cup Series parte para&nbsp;<a href=\"https:\/\/www.grandepremio.com\/br\/nascar\/noticias\/christopher-bell-faz-corrida-recuperacao-phoenix-vence-7a-vez-nascar\/\">a sua quinta etapa de 2024<\/a>&nbsp;neste domingo (17) em&nbsp;<strong>Bristol<\/strong>. Na semana seguinte, Kvyat parte para sua corrida em&nbsp;<strong>Austin<\/strong>, no&nbsp;<a href=\"https:\/\/www.grandepremio.com\/br\/circuito\/texas\/\" target=\"_blank\" rel=\"noreferrer noopener\">Texas<\/a>.<\/p>\n\n\n\n<figure class=\"wp-block-embed is-type-video is-provider-youtube wp-block-embed-youtube wp-embed-aspect-16-9 wp-has-aspect-ratio\"><div class=\"wp-block-embed__wrapper\">\n<iframe loading=\"lazy\" title=\"12 HORAS DE SEBRING 2024  | PARTE 1 [10:30-13:00] | IMSA SportsCar 2024\" width=\"500\" height=\"281\" src=\"https:\/\/www.youtube.com\/embed\/sq4ZNMPdoUs?feature=oembed\" frameborder=\"0\" allow=\"accelerometer; autoplay; clipboard-write; encrypted-media; gyroscope; picture-in-picture; web-share\" referrerpolicy=\"strict-origin-when-cross-origin\" allowfullscreen><\/iframe>\n<\/div><\/figure>\n","protected":false},"excerpt":{"rendered":"<p>Piloto de 29 anos disputar\u00e1 sua quinta corrida na Nascar pela SS-Greenlight. Em Austin, far\u00e1 sua segunda apari\u00e7\u00e3o na Xfinity Series<\/p>\n","protected":false},"author":0,"featured_media":1000452878,"comment_status":"closed","ping_status":"closed","sticky":false,"template":"","format":"standard","meta":{"42wp_featured_image_caption":"","42wp_featured_image_credits":"","42wp_featured_video":"","42wp_featured_image_hidden":false,"42wp_authors_list":[],"footnotes":""},"categories":[14],"tags":[12757,2614,781,1491,28285,357,411,35445,27712,178,356],"42wp_author":[47155],"class_list":["post-84808","post","type-post","status-publish","format-standard","has-post-thumbnail","hentry","category-nascar","tag-circuito-das-americas","tag-cota","tag-daniil-kvyat","tag-grande-premio","tag-grandepremio","tag-mundial-de-endurance","tag-nascar","tag-nascar-2024","tag-nascar-cup-series","tag-toyota","tag-wec","42wp_author-daniel-balsa"],"_links":{"self":[{"href":"https:\/\/grandepremio.com\/br\/wp-json\/wp\/v2\/posts\/84808","targetHints":{"allow":["GET"]}}],"collection":[{"href":"https:\/\/grandepremio.com\/br\/wp-json\/wp\/v2\/posts"}],"about":[{"href":"https:\/\/grandepremio.com\/br\/wp-json\/wp\/v2\/types\/post"}],"replies":[{"embeddable":true,"href":"https:\/\/grandepremio.com\/br\/wp-json\/wp\/v2\/comments?post=84808"}],"version-history":[{"count":0,"href":"https:\/\/grandepremio.com\/br\/wp-json\/wp\/v2\/posts\/84808\/revisions"}],"wp:featuredmedia":[{"embeddable":true,"href":"https:\/\/grandepremio.com\/br\/wp-json\/wp\/v2\/media\/1000452878"}],"wp:attachment":[{"href":"https:\/\/grandepremio.com\/br\/wp-json\/wp\/v2\/media?parent=84808"}],"wp:term":[{"taxonomy":"category","embeddable":true,"href":"https:\/\/grandepremio.com\/br\/wp-json\/wp\/v2\/categories?post=84808"},{"taxonomy":"post_tag","embeddable":true,"href":"https:\/\/grandepremio.com\/br\/wp-json\/wp\/v2\/tags?post=84808"},{"taxonomy":"42wp_author","embeddable":true,"href":"https:\/\/grandepremio.com\/br\/wp-json\/wp\/v2\/42wp_author?post=84808"}],"curies":[{"name":"wp","href":"https:\/\/api.w.org\/{rel}","templated":true}]}}