{"id":84875,"date":"2024-03-13T16:12:00","date_gmt":"2024-03-13T19:12:00","guid":{"rendered":"https:\/\/grandepremio.com\/br\/noticias\/ganassi-e-cadillac-anunciam-termino-parceria-endurance-apos-temporada-2024\/"},"modified":"2024-03-13T16:14:27","modified_gmt":"2024-03-13T19:14:27","slug":"ganassi-e-cadillac-anunciam-termino-parceria-endurance-apos-temporada-2024","status":"publish","type":"post","link":"https:\/\/grandepremio.com\/br\/endurance\/ganassi-e-cadillac-anunciam-termino-parceria-endurance-apos-temporada-2024\/","title":{"rendered":"Ganassi e Cadillac anunciam t\u00e9rmino de parceria no endurance ap\u00f3s temporada 2024"},"content":{"rendered":"\n<p class=\"wp-block-paragraph\">A <strong>Ganassi<\/strong> e <strong>Cadillac<\/strong> anunciaram que a parceria nas competi\u00e7\u00f5es de endurance vai terminar ao final deste ano. A equipe \u00e9 a respons\u00e1vel por operar um hipercarro da <strong>GM<\/strong> no <a href=\"https:\/\/www.grandepremio.com\/br\/endurance\/imsa-sportscar\/\"><strong>IMSA<\/strong> <strong>SportsCar<\/strong><\/a> e ter\u00e1 dois prot\u00f3tipos nas <strong>24 Horas de Le Mans<\/strong>, que faz parte do <strong><a href=\"https:\/\/www.grandepremio.com\/br\/endurance\/wec\/\">Mundial de Endurance [WEC]<\/a><\/strong>, onde corre com um carro em temporada regular.<\/p>\n\n\n\n<p class=\"wp-block-paragraph\">Uma das maiores vencedoras da hist\u00f3ria <strong><a href=\"https:\/\/www.grandepremio.com\/br\/indy\/\">Indy<\/a><\/strong>, a Ganassi possui interesse em continuar no endurance a partir de 2025, mas agora j\u00e1 procura uma nova montadora para seguir a jornada.<\/p>\n\n\n\n<p class=\"wp-block-paragraph\">\u201cA Ganassi possui uma hist\u00f3ria fant\u00e1stica com a <strong>General Motors<\/strong>. Considerando tudo o que fizemos e com eles, teve muita parceria em tudo o que conquistamos\u201d, disse <strong>Mike Hull<\/strong>, diretor-esportivo da Ganassi, \u00e0 <em>Racer<\/em>.<\/p>\n\n\n\n<p class=\"wp-block-paragraph\">\u201c<strong><a href=\"https:\/\/www.grandepremio.com\/br\/nascar\/\">Nascar<\/a><\/strong>, <strong>Extreme E<\/strong>, Indy, <strong>DPi<\/strong> [antiga classe dos prot\u00f3tipos na IMSA SportsCar] e <strong>LMDh<\/strong> foram programas de sucesso e compartilhamos igualmente o aprendizado para melhorarmos juntos. N\u00e3o \u00e9 o fim da hist\u00f3ria com a GM, mas este cap\u00edtulo est\u00e1 encerrado\u201d, completou.<\/p>\n\n\n\n<figure class=\"wp-block-image size-large\"><img decoding=\"async\" src=\"https:\/\/www.grandepremio.com\/br\/wp-content\/uploads\/2024\/01\/Derani-1024x683.jpeg\" alt=\"\" class=\"wp-image-771244\"\/><figcaption class=\"wp-element-caption\">Action Express, de Pipo Derani, pode operar Cadillac no IMSA SportsCar (Foto: Whelen Action Express)<\/figcaption><\/figure>\n\n\n\n<p class=\"wp-block-paragraph\">A Cadillac deve levar a opera\u00e7\u00e3o a outra equipe, tanto no IMSA SportsCar quanto no WEC. De acordo com a publica\u00e7\u00e3o norte-americana, a <strong>Action Express<\/strong>, outro time com apoio da GM, tem inten\u00e7\u00e3o de competir com dois prot\u00f3tipos a partir de 2025.<\/p>\n\n\n\n<p class=\"wp-block-paragraph\">J\u00e1 no WEC, a <strong>United Autosports<\/strong>, time que tem <strong>Zak Brown<\/strong> como s\u00f3cio, e a <strong>TF Sport<\/strong> seriam alguns dos prospectos da Cadillac para o pr\u00f3ximo ano.<\/p>\n\n\n\n<p class=\"wp-block-paragraph\">\u201cTivemos muito sucesso em parceria com a Ganassi em diversos campeonatos ao longo dos anos, com muitas vit\u00f3rias. Continuamos comprometidos em vencer corridas e campeonatos no IMSA SportsCar e WEC at\u00e9 o final desse ano\u201d, declarou <strong>Jim Campbell<\/strong>, vice-presidente de Performance e Automobilismo da GM.<\/p>\n\n\n\n<p class=\"wp-block-paragraph\">\u201cNossos planos ser\u00e3o anunciados no futuro\u201d, finalizou Campbell.<\/p>\n\n\n\n<p class=\"wp-block-paragraph\">O Mundial de Endurance (WEC) retorna no dia 21 de abril, com as 6 Horas de&nbsp;<a href=\"https:\/\/www.grandepremio.com\/br\/circuito\/399739\/\" target=\"_blank\" rel=\"noreferrer noopener\">\u00cdmola<\/a>, na It\u00e1lia, com&nbsp;<a href=\"https:\/\/formula1aovivo.com\/\" target=\"_blank\" rel=\"noreferrer noopener\">transmiss\u00e3o<\/a>&nbsp;do&nbsp;<strong>GRANDE PR\u00caMIO<\/strong>&nbsp;em todas as atividades de pista.<\/p>\n\n\n\n<p class=\"wp-block-paragraph\"><strong><img decoding=\"async\" src=\"https:\/\/a.slack-edge.com\/production-standard-emoji-assets\/14.0\/google-medium\/25b6-fe0f.png\" alt=\":seta_para_frente:\">&nbsp;Inscreva-se nos dois canais do GRANDE PR\u00caMIO no YouTube:&nbsp;<a href=\"https:\/\/www.youtube.com\/channel\/UC9OlHEgxoaY6QY6nWPoiqQg?sub_confirmation=1\" target=\"_blank\" rel=\"noreferrer noopener\">GP<\/a>&nbsp;|&nbsp;<a href=\"https:\/\/www.youtube.com\/channel\/UC9csiS6q_C3C0FYhyr1rnFA?sub_confirmation=1\" target=\"_blank\" rel=\"noreferrer noopener\">GP2<\/a><\/strong><br><strong><img decoding=\"async\" src=\"https:\/\/a.slack-edge.com\/production-standard-emoji-assets\/14.0\/google-medium\/25b6-fe0f.png\" alt=\":seta_para_frente:\">&nbsp;<a href=\"https:\/\/www.twitch.tv\/grandepremio\" target=\"_blank\" rel=\"noreferrer noopener\">Conhe\u00e7a o canal do GRANDE PR\u00caMIO na Twitch clicando aqui!<\/a><\/strong><\/p>\n\n\n\n<figure class=\"wp-block-embed is-type-video is-provider-youtube wp-block-embed-youtube wp-embed-aspect-16-9 wp-has-aspect-ratio\"><div class=\"wp-block-embed__wrapper\">\n<iframe loading=\"lazy\" title=\"FIA WEC 2024 COM IMAGENS - 1812 KM DO CATAR | Corrida | 1\u00aa etapa\" width=\"500\" height=\"281\" src=\"https:\/\/www.youtube.com\/embed\/WY-EJKwVzBY?feature=oembed\" frameborder=\"0\" allow=\"accelerometer; autoplay; clipboard-write; encrypted-media; gyroscope; picture-in-picture; web-share\" referrerpolicy=\"strict-origin-when-cross-origin\" allowfullscreen><\/iframe>\n<\/div><\/figure>\n","protected":false},"excerpt":{"rendered":"<p>A Ganassi j\u00e1 procura nova montadora para seguir nas corridas de longa dura\u00e7\u00e3o a partir de 2025, agora com o fim da parceria com a Cadillac<\/p>\n","protected":false},"author":0,"featured_media":1000683123,"comment_status":"closed","ping_status":"closed","sticky":false,"template":"","format":"standard","meta":{"42wp_featured_image_caption":"","42wp_featured_image_credits":"","42wp_featured_video":"","42wp_featured_image_hidden":false,"42wp_authors_list":[],"footnotes":""},"categories":[18],"tags":[5887,729,3230,642,1595,1491,32667,705,706,311,2441,356,29560],"42wp_author":[47155],"class_list":["post-84875","post","type-post","status-publish","format-standard","has-post-thumbnail","hentry","category-endurance","tag-12-horas-sebring","tag-cadillac","tag-f1-2024","tag-f1-ao-vivo","tag-ganassi","tag-grande-premio","tag-grandepremio-f1","tag-imsa","tag-imsa-sportscar","tag-parceria","tag-sebring","tag-wec","tag-wec-2024","42wp_author-daniel-balsa"],"_links":{"self":[{"href":"https:\/\/grandepremio.com\/br\/wp-json\/wp\/v2\/posts\/84875","targetHints":{"allow":["GET"]}}],"collection":[{"href":"https:\/\/grandepremio.com\/br\/wp-json\/wp\/v2\/posts"}],"about":[{"href":"https:\/\/grandepremio.com\/br\/wp-json\/wp\/v2\/types\/post"}],"replies":[{"embeddable":true,"href":"https:\/\/grandepremio.com\/br\/wp-json\/wp\/v2\/comments?post=84875"}],"version-history":[{"count":0,"href":"https:\/\/grandepremio.com\/br\/wp-json\/wp\/v2\/posts\/84875\/revisions"}],"wp:featuredmedia":[{"embeddable":true,"href":"https:\/\/grandepremio.com\/br\/wp-json\/wp\/v2\/media\/1000683123"}],"wp:attachment":[{"href":"https:\/\/grandepremio.com\/br\/wp-json\/wp\/v2\/media?parent=84875"}],"wp:term":[{"taxonomy":"category","embeddable":true,"href":"https:\/\/grandepremio.com\/br\/wp-json\/wp\/v2\/categories?post=84875"},{"taxonomy":"post_tag","embeddable":true,"href":"https:\/\/grandepremio.com\/br\/wp-json\/wp\/v2\/tags?post=84875"},{"taxonomy":"42wp_author","embeddable":true,"href":"https:\/\/grandepremio.com\/br\/wp-json\/wp\/v2\/42wp_author?post=84875"}],"curies":[{"name":"wp","href":"https:\/\/api.w.org\/{rel}","templated":true}]}}